{"id":9498,"date":"2026-03-30T21:07:42","date_gmt":"2026-03-31T01:07:42","guid":{"rendered":"https:\/\/ermdigital.com\/index.php\/2026\/03\/30\/la-exportacion-de-cannabis-medicinal-abre-mercado-europeo-para-costa-rica\/"},"modified":"2026-03-30T21:07:42","modified_gmt":"2026-03-31T01:07:42","slug":"la-exportacion-de-cannabis-medicinal-abre-mercado-europeo-para-costa-rica","status":"publish","type":"post","link":"https:\/\/ermdigital.com\/index.php\/2026\/03\/30\/la-exportacion-de-cannabis-medicinal-abre-mercado-europeo-para-costa-rica\/","title":{"rendered":"La exportaci\u00f3n de cannabis medicinal abre mercado europeo para Costa Rica"},"content":{"rendered":"<p>El primer env\u00edo de\u00a0<strong>cannabis medicinal costarricense<\/strong>\u00a0ya despert\u00f3 el inter\u00e9s europeo: tras recibir la muestra inicial, importadores del continente han manifestado su intenci\u00f3n de adquirir la producci\u00f3n anual completa de la empresa local\u00a0<strong>Hybrida Farms<\/strong>, detalla una nota publicada por el peri\u00f3dico El Observador.<\/p>\n<p>La operaci\u00f3n, realizada el 13 de marzo, marca un antes y un despu\u00e9s para la agricultura de\u00a0<strong>Costa Rica<\/strong>.<\/p>\n<p>La compa\u00f1\u00eda costarricense concret\u00f3 la exportaci\u00f3n tras cumplir con todas las regulaciones de la\u00a0<strong>Uni\u00f3n Europea y obtener la certificaci\u00f3n de Buenas Pr\u00e1cticas Agr\u00edcolas y de Recolecci\u00f3n (GACP)<\/strong>. El cargamento parti\u00f3 desde una finca en\u00a0<strong>Cartago<\/strong>, que en poco tiempo se convirti\u00f3 en referencia regional para la naciente industria legal del pa\u00eds.<\/p>\n<p><strong>Costa Rica realiz\u00f3 su primera exportaci\u00f3n de cannabis medicinal en un contexto de estricta vigilancia y trazabilidad.<\/strong>\u00a0Cient\u00edficos europeos verificaron que las instalaciones, los procesos y los datos satisfac\u00edan los est\u00e1ndares requeridos.<\/p>\n<p>Seg\u00fan Walter Niehaus, consultor de la empresa y citado en la nota, todo el proceso de trazabilidad comienza desde la semilla importada de Canad\u00e1 y se mantiene hasta la entrega final.<\/p>\n<h5 class=\"wp-block-heading\"><strong>Recomendaos leer:<a href=\"https:\/\/deultimominuto.net\/internacionales\/consumir-cannabis\/\">Consumir cannabis en la adolescencia duplica riesgo de trastornos psic\u00f3ticos y bipolares<\/a><br \/><\/strong><\/h5>\n<h2 class=\"wp-block-heading\"><strong>Nuevas oportunidades para la agricultura nacional<\/strong><\/h2>\n<p><strong>Jorge Calder\u00f3n, presidente de Hybrida Farms,<\/strong>\u00a0afirm\u00f3 al medio local que el pa\u00eds dispone del clima, el talento humano y las condiciones t\u00e9cnicas para consolidarse como un centro latinoamericano de cannabis medicinal.<\/p>\n<p>El directivo advierte sobre la carencia de laboratorios certificados en\u00a0<strong>Costa Rica,<\/strong>\u00a0un requisito que actualmente limita la expansi\u00f3n del sector.<\/p>\n<p>El cultivo en<strong>\u00a0Cartago<\/strong>\u00a0super\u00f3 en productividad a los est\u00e1ndares europeos, con rendimientos entre un\u00a0<strong>15% y un 20% superiores<\/strong>. Esta ventaja, junto a la prohibici\u00f3n estricta de pesticidas y el \u00e9nfasis en la capacitaci\u00f3n local fortalecen el posicionamiento costarricense en el mercado internacional.<\/p>\n<p>La raz\u00f3n por la cual<strong>\u00a0Costa Rica<\/strong>\u00a0logr\u00f3 exportar cannabis medicinal a\u00a0<strong>Europa<\/strong>\u00a0est\u00e1 en el cumplimiento riguroso de la normativa internacional y la apuesta por certificaciones que garantizan calidad, trazabilidad y seguridad. El pa\u00eds cuenta con el respaldo de empresas, instituciones educativas y organismos reguladores.<\/p>\n<h2 class=\"wp-block-heading\"><strong>Formaci\u00f3n y empleo local<\/strong><\/h2>\n<p>Desde el inicio de operaciones, cont\u00f3 El Observador,\u00a0<strong>Hybrida Farms<\/strong>\u00a0estableci\u00f3 acuerdos con el Instituto Tecnol\u00f3gico de Costa Rica y el Instituto Nacional de Aprendizaje en Cartago.<\/p>\n<p>El objetivo es capacitar a la poblaci\u00f3n local para una industria hasta ahora inexistente en el pa\u00eds, priorizando la empleabilidad de personas sin antecedentes en cultivos ilegales.<\/p>\n<p>El equipo de la empresa est\u00e1 integrado en m\u00e1s del\u00a0<strong>90% por habitantes de Cartago<\/strong>, con presencia de comunidades ind\u00edgenas y una participaci\u00f3n femenina del 45% detalla la publicaci\u00f3n. Calder\u00f3n destaca que el\u00a0<strong>40% de sus empleados provienen del INA<\/strong>, lo que subraya el compromiso con la inclusi\u00f3n y el desarrollo regional.<\/p>\n<h2 class=\"wp-block-heading\"><strong>Confianza y futuro en el mercado europeo<\/strong><\/h2>\n<p>La exportaci\u00f3n se concret\u00f3 gracias a los permisos exigidos por la\u00a0<strong>Ley de Cannabis para Uso Medicinal y Terap\u00e9utico de Costa Rica,<\/strong>\u00a0junto con la validaci\u00f3n de la Uni\u00f3n Europea. Cada lote puede rastrearse hasta el punto exacto del invernadero en que fue cultivado, lo que resulta clave para consumidores y farmac\u00e9uticas.<\/p>\n<h5 class=\"wp-block-heading\"><strong>Tambi\u00e9n puedes leer:<a href=\"https:\/\/deultimominuto.net\/nacionales\/salud\/cannabis-inflamacion-cerebral\/\">El c\u00e1nnabis aumenta la inflamaci\u00f3n cerebral en episodios psic\u00f3ticos, seg\u00fan un estudio<\/a><br \/><\/strong><\/h5>\n<p>Niehaus apunta:\u00a0<strong>\u201cNos hemos concentrado en traer la semilla desde Canad\u00e1, que tiene una trazabilidad muy eficiente, y eso nos permite dar seguridad a los pa\u00edses y a los clientes en Europa\u201d<\/strong>. La reacci\u00f3n del mercado europeo fue inmediata, posicionando a Costa Rica como un nuevo actor en la exportaci\u00f3n global de cannabis medicinal.<\/p>\n<p>La apuesta por este cultivo abre la posibilidad de que se convierta en un producto agr\u00edcola nacional destacado junto al caf\u00e9 y la pi\u00f1a, y diversifique las fuentes de ingreso para el pa\u00eds.<\/p>\n<p>\u200bUn primer env\u00edo realizado por una empresa local motiva a importadores europeos a mostrar inter\u00e9s en adquirir toda la producci\u00f3n anual, respaldado por certificaciones internacionales y condiciones t\u00e9cnicas que cumplen las estrictas exigencias de la regi\u00f3n\u00a0\u00a0Internacionales, cannabis, Hybrida Farms\u00a0\u00a0<\/p>\n","protected":false},"excerpt":{"rendered":"<p>El primer env\u00edo de\u00a0cannabis medicinal costarricense\u00a0ya despert\u00f3 el inter\u00e9s europeo: tras recibir la muestra inicial, importadores del continente han manifestado su intenci\u00f3n de adquirir la producci\u00f3n anual completa de la empresa local\u00a0Hybrida Farms, detalla una nota publicada por el peri\u00f3dico El Observador. La operaci\u00f3n, realizada el 13 de marzo, marca un antes y un despu\u00e9s [&hellip;]<\/p>\n","protected":false},"author":1,"featured_media":9499,"comment_status":"open","ping_status":"open","sticky":false,"template":"","format":"standard","meta":{"amp_status":"","footnotes":""},"categories":[3],"tags":[],"class_list":["post-9498","post","type-post","status-publish","format-standard","has-post-thumbnail","hentry","category-de-ultimo-minuto"],"_links":{"self":[{"href":"https:\/\/ermdigital.com\/index.php\/wp-json\/wp\/v2\/posts\/9498","targetHints":{"allow":["GET"]}}],"collection":[{"href":"https:\/\/ermdigital.com\/index.php\/wp-json\/wp\/v2\/posts"}],"about":[{"href":"https:\/\/ermdigital.com\/index.php\/wp-json\/wp\/v2\/types\/post"}],"author":[{"embeddable":true,"href":"https:\/\/ermdigital.com\/index.php\/wp-json\/wp\/v2\/users\/1"}],"replies":[{"embeddable":true,"href":"https:\/\/ermdigital.com\/index.php\/wp-json\/wp\/v2\/comments?post=9498"}],"version-history":[{"count":0,"href":"https:\/\/ermdigital.com\/index.php\/wp-json\/wp\/v2\/posts\/9498\/revisions"}],"wp:featuredmedia":[{"embeddable":true,"href":"https:\/\/ermdigital.com\/index.php\/wp-json\/wp\/v2\/media\/9499"}],"wp:attachment":[{"href":"https:\/\/ermdigital.com\/index.php\/wp-json\/wp\/v2\/media?parent=9498"}],"wp:term":[{"taxonomy":"category","embeddable":true,"href":"https:\/\/ermdigital.com\/index.php\/wp-json\/wp\/v2\/categories?post=9498"},{"taxonomy":"post_tag","embeddable":true,"href":"https:\/\/ermdigital.com\/index.php\/wp-json\/wp\/v2\/tags?post=9498"}],"curies":[{"name":"wp","href":"https:\/\/api.w.org\/{rel}","templated":true}]}}