{"id":9496,"date":"2026-03-30T21:15:52","date_gmt":"2026-03-31T01:15:52","guid":{"rendered":"https:\/\/ermdigital.com\/index.php\/2026\/03\/30\/dasac-desarrolla-amplia-jornada-social-y-comunitaria-en-varias-regiones-del-pais\/"},"modified":"2026-03-30T21:15:52","modified_gmt":"2026-03-31T01:15:52","slug":"dasac-desarrolla-amplia-jornada-social-y-comunitaria-en-varias-regiones-del-pais","status":"publish","type":"post","link":"https:\/\/ermdigital.com\/index.php\/2026\/03\/30\/dasac-desarrolla-amplia-jornada-social-y-comunitaria-en-varias-regiones-del-pais\/","title":{"rendered":"DASAC desarrolla amplia jornada social y comunitaria en varias regiones del pa\u00eds"},"content":{"rendered":"<p><strong>SANTO DOMINGO.\u2013<\/strong> La Direcci\u00f3n de Asistencia Social y Alimentaci\u00f3n Comunitaria<a href=\"https:\/\/deultimominuto.net\/enlaces\/\" data-type=\"page\" data-id=\"491852\"> <strong>(DASAC) <\/strong><\/a>desarroll\u00f3 durante el fin de semana una amplia jornada de intervenci\u00f3n que impact\u00f3 a comunidades de varias provincias del pa\u00eds, llevando soluciones directas a familias en situaci\u00f3n de vulnerabilidad y a diversas organizaciones sociales.<\/p>\n<p>El director general de la instituci\u00f3n, Edgar Augusto F\u00e9liz Arbona, destac\u00f3 que estas acciones responden al compromiso del Gobierno del presidente Luis Abinader Corona de continuar fortaleciendo la asistencia social en favor de los sectores m\u00e1s necesitados.<\/p>\n<p>\u201cNosotros seguimos trabajando arduamente en todo el pa\u00eds, reafirmando el compromiso de seguir asistiendo a las familias que menos pueden y nos necesitan, con el firme prop\u00f3sito de garantizar bienestar y esperanza en cada hogar\u201d, declar\u00f3 el funcionario.<\/p>\n<p>Las acciones se llevaron a cabo en la regi\u00f3n del Cibao, espec\u00edficamente en Santiago y Piedra Blanca, Bonao, donde se realiz\u00f3 el techado y mejoramiento de la vivienda de los esposos de bajos ingresos Leonardo de Jes\u00fas Rodr\u00edguez y Miguelina Veras Almonte, quienes tambi\u00e9n recibieron enseres para su hogar.<\/p>\n<h4 class=\"wp-block-heading\"><strong>Recomendamos leer: <a href=\"https:\/\/deultimominuto.net\/enlaces\/\" data-type=\"page\" data-id=\"491852\">Abinader convoca sectores productivos para estabilizar precios de alimentos y servicios<\/a><\/strong><a href=\"https:\/\/deultimominuto.net\/category\/nacionales\/\"><\/a><\/h4>\n<p>En el caso de Piedra Blanca, Bonao, DASAC tambi\u00e9n impact\u00f3 a miembros del Cuerpo de Bomberos con la entrega de enseres, fortaleciendo as\u00ed sus condiciones de operatividad.<\/p>\n<p>En la regi\u00f3n Este, la instituci\u00f3n ejecut\u00f3 mejoras en las instalaciones del Cuerpo de Bomberos de Hato Mayor, adem\u00e1s de entregar equipos y art\u00edculos esenciales. Asimismo, realiz\u00f3 acciones en San Rafael del Yuma, provincia La Altagracia.<\/p>\n<p>En la regi\u00f3n Suroeste, la instituci\u00f3n ejecut\u00f3 operativos en el municipio de Para\u00edso, provincia Barahona, as\u00ed como en San Juan de la Maguana. En Para\u00edso, fueron entregados electrodom\u00e9sticos, enseres del hogar y raciones alimenticias a familias afectadas por un incendio, adem\u00e1s de brindar asistencia al Cuerpo de Bomberos de esa demarcaci\u00f3n.<\/p>\n<p>En San Juan de la Maguana, DASAC distribuy\u00f3 enseres a la Casa Curial de la Catedral San Juan Bautista y desarroll\u00f3 un operativo en la Gobernaci\u00f3n Provincial, donde se entregaron canastillas y kits de alimentos crudos a mujeres embarazadas de comunidades vulnerables.<\/p>\n<p>Edgar Augusto F\u00e9liz Arbona precis\u00f3 que la instituci\u00f3n que dirige continuar\u00e1 llevando soluciones integrales a las familias en cada rinc\u00f3n del pa\u00eds y fortaleciendo a las organizaciones que desempe\u00f1an un papel importante en la sociedad, como los cuerpos de bomberos.<\/p>\n<p>\u200bSANTO DOMINGO.\u2013 La Direcci\u00f3n de Asistencia Social y Alimentaci\u00f3n Comunitaria (DASAC) desarroll\u00f3 durante el fin de semana una amplia jornada de intervenci\u00f3n que impact\u00f3 a comunidades de varias provincias del pa\u00eds, llevando soluciones directas a familias en situaci\u00f3n de vulnerabilidad y a diversas organizaciones sociales. El director general de la instituci\u00f3n, Edgar Augusto F\u00e9liz Arbona,\u00a0\u00a0Nacionales, DASAC, jornada social\u00a0\u00a0<\/p>\n","protected":false},"excerpt":{"rendered":"<p>SANTO DOMINGO.\u2013 La Direcci\u00f3n de Asistencia Social y Alimentaci\u00f3n Comunitaria (DASAC) desarroll\u00f3 durante el fin de semana una amplia jornada de intervenci\u00f3n que impact\u00f3 a comunidades de varias provincias del pa\u00eds, llevando soluciones directas a familias en situaci\u00f3n de vulnerabilidad y a diversas organizaciones sociales. El director general de la instituci\u00f3n, Edgar Augusto F\u00e9liz Arbona, [&hellip;]<\/p>\n","protected":false},"author":1,"featured_media":9497,"comment_status":"open","ping_status":"open","sticky":false,"template":"","format":"standard","meta":{"amp_status":"","footnotes":""},"categories":[3],"tags":[],"class_list":["post-9496","post","type-post","status-publish","format-standard","has-post-thumbnail","hentry","category-de-ultimo-minuto"],"_links":{"self":[{"href":"https:\/\/ermdigital.com\/index.php\/wp-json\/wp\/v2\/posts\/9496","targetHints":{"allow":["GET"]}}],"collection":[{"href":"https:\/\/ermdigital.com\/index.php\/wp-json\/wp\/v2\/posts"}],"about":[{"href":"https:\/\/ermdigital.com\/index.php\/wp-json\/wp\/v2\/types\/post"}],"author":[{"embeddable":true,"href":"https:\/\/ermdigital.com\/index.php\/wp-json\/wp\/v2\/users\/1"}],"replies":[{"embeddable":true,"href":"https:\/\/ermdigital.com\/index.php\/wp-json\/wp\/v2\/comments?post=9496"}],"version-history":[{"count":0,"href":"https:\/\/ermdigital.com\/index.php\/wp-json\/wp\/v2\/posts\/9496\/revisions"}],"wp:featuredmedia":[{"embeddable":true,"href":"https:\/\/ermdigital.com\/index.php\/wp-json\/wp\/v2\/media\/9497"}],"wp:attachment":[{"href":"https:\/\/ermdigital.com\/index.php\/wp-json\/wp\/v2\/media?parent=9496"}],"wp:term":[{"taxonomy":"category","embeddable":true,"href":"https:\/\/ermdigital.com\/index.php\/wp-json\/wp\/v2\/categories?post=9496"},{"taxonomy":"post_tag","embeddable":true,"href":"https:\/\/ermdigital.com\/index.php\/wp-json\/wp\/v2\/tags?post=9496"}],"curies":[{"name":"wp","href":"https:\/\/api.w.org\/{rel}","templated":true}]}}