{"id":9384,"date":"2026-03-30T18:21:48","date_gmt":"2026-03-30T22:21:48","guid":{"rendered":"https:\/\/ermdigital.com\/index.php\/2026\/03\/30\/mundial-2026-messi-sera-titular-en-amistoso-frente-a-zambia\/"},"modified":"2026-03-30T18:21:48","modified_gmt":"2026-03-30T22:21:48","slug":"mundial-2026-messi-sera-titular-en-amistoso-frente-a-zambia","status":"publish","type":"post","link":"https:\/\/ermdigital.com\/index.php\/2026\/03\/30\/mundial-2026-messi-sera-titular-en-amistoso-frente-a-zambia\/","title":{"rendered":"Mundial 2026: Messi ser\u00e1 titular en amistoso frente a Zambia"},"content":{"rendered":"<p>\u00a0\u00a0<\/p>\n<p>\u00a0\"(Lionel) Messi va a estar de inicio ma\u00f1ana\", anunci\u00f3 <strong>Lionel Scaloni<\/strong>, el entrenador de la selecci\u00f3n <strong>argentina<\/strong>, apenas comenz\u00f3 su rueda de prensa del lunes previa al amistoso de preparaci\u00f3n mundialista contra Zambia, en Buenos Aires el martes.<\/p>\n<p>El DT de la Albiceleste dio por hecho que el hist\u00f3rico \"10&#8243; comenzar\u00e1 el duelo ante la selecci\u00f3n africana, \u00faltimo partido como local que el campe\u00f3n del mundo disputar\u00e1 antes del Mundial Norteam\u00e9rica 2026, donde buscar\u00e1 retener la corona.<\/p>\n<p>\"Lo importante es que venga y disfrute de estar en un Mundial, que te\u00f3ricamente va a ser el \u00faltimo. Queremos que lo disfrute, porque despu\u00e9s se extra\u00f1a jugar todas estas cosas\", consider\u00f3 el DT de <strong>Argentina<\/strong>.<\/p>\n<p>\"Van a jugar la mayor\u00eda de los jugadores que conocemos. Esta va a ser la \u00faltima prueba. Luego haremos cambios para ver a algunos chicos, pero la idea es que juegue el equipo m\u00e1s conocido\", destac\u00f3 Scaloni, que fue claro en la b\u00fasqueda de mejorar despu\u00e9s de un p\u00e1lido triunfo por 2-1 sobre Mauritania el viernes.<\/p>\n<p>\"Estoy convencido de que el nivel del equipo no es el del otro d\u00eda. Si vemos que el equipo no est\u00e1, buscaremos opciones. Pero se merece un voto de confianza\", insisti\u00f3 el conductor.<\/p>\n<p>Scaloni elev\u00f3 a la AFA la primera lista de 55 jugadores convocados para el Mundial. La definitiva, con el corte de 26 futbolistas, se dar\u00e1 a fines de mayo.<\/p>\n<p>\"La lista la tengo bastante clara, pero si los rendimientos no son los adecuados tomaremos medidas para llevar lo mejor posible, buscamos lo m\u00e1s cercano a la perfecci\u00f3n\", insisti\u00f3.<\/p>\n<p>\"Los jugadores que llevan tiempo con nosotros llevan algo de ventaja porque los conocemos, pero esa ventaja la tienen que sostener, y todos saben que lo del otro d\u00eda (contra Mauritania) no se puede repetir\", evalu\u00f3 Scaloni.<\/p>\n<p>El DT habl\u00f3 sobre la posibilidad de renovar contrato por un tercer ciclo con la selecci\u00f3n, y dijo que \"\u00e9ste es el lugar es el que todo argentino desea estar\".<\/p>\n<p>\"\u00a1C\u00f3mo no me va a seducir estar ac\u00e1! Pero ahora no es importante hablar de eso. Se ver\u00e1 despu\u00e9s\", dijo.<\/p>\n<p>Scaloni cerr\u00f3 la conferencia recordando a Joaqu\u00edn Panichelli, que abandon\u00f3 la concentraci\u00f3n tras sufrir una grave lesi\u00f3n en un entrenamiento la semana pasada. \"Fue dif\u00edcil&#8230; No se merec\u00eda esa lesi\u00f3n\".<\/p>\n<p>str\/mry\/pm<\/p>\n<div class=\"border-t border-b py-2 my-5 tags-container\"><strong>TEMAS &#8211; <\/strong><\/p>\n<ul>\n<li>\n<div class=\"inline-block border p-2 rounded-full align-middle\">\n<p><a href=\"https:\/\/www.diariolibre.com\/tags\/lionel-messi\/960\" title=\"Lionel Messi\">Lionel Messi<\/a><\/p>\n<\/div>\n<\/li>\n<li>\n<div class=\"inline-block border p-2 rounded-full align-middle\">\n<p><a href=\"https:\/\/www.diariolibre.com\/tags\/mundial-2026\/74292\" title=\"Mundial 2026\">Mundial 2026<\/a><\/p>\n<\/div>\n<\/li>\n<li>\n<div class=\"inline-block border p-2 rounded-full align-middle\">\n<p><a href=\"https:\/\/www.diariolibre.com\/tags\/argentina\/6091\" title=\"Argentina\">Argentina<\/a><\/p>\n<\/div>\n<\/li>\n<li>\n<div class=\"inline-block border p-2 rounded-full align-middle\">\n<p><a href=\"https:\/\/www.diariolibre.com\/tags\/lionel-scaloni\/42003\" title=\"Lionel Scaloni\">Lionel Scaloni<\/a><\/p>\n<\/div>\n<\/li>\n<\/ul>\n<\/div>\n<p>\u00a0<\/p>\n","protected":false},"excerpt":{"rendered":"<p>\u00a0\u00a0 \u00a0\"(Lionel) Messi va a estar de inicio ma\u00f1ana\", anunci\u00f3 Lionel Scaloni, el entrenador de la selecci\u00f3n argentina, apenas comenz\u00f3 su rueda de prensa del lunes previa al amistoso de preparaci\u00f3n mundialista contra Zambia, en Buenos Aires el martes. El DT de la Albiceleste dio por hecho que el hist\u00f3rico \"10&#8243; comenzar\u00e1 el duelo ante [&hellip;]<\/p>\n","protected":false},"author":1,"featured_media":9385,"comment_status":"open","ping_status":"open","sticky":false,"template":"","format":"standard","meta":{"amp_status":"","footnotes":""},"categories":[4],"tags":[],"class_list":["post-9384","post","type-post","status-publish","format-standard","has-post-thumbnail","hentry","category-deportes"],"_links":{"self":[{"href":"https:\/\/ermdigital.com\/index.php\/wp-json\/wp\/v2\/posts\/9384","targetHints":{"allow":["GET"]}}],"collection":[{"href":"https:\/\/ermdigital.com\/index.php\/wp-json\/wp\/v2\/posts"}],"about":[{"href":"https:\/\/ermdigital.com\/index.php\/wp-json\/wp\/v2\/types\/post"}],"author":[{"embeddable":true,"href":"https:\/\/ermdigital.com\/index.php\/wp-json\/wp\/v2\/users\/1"}],"replies":[{"embeddable":true,"href":"https:\/\/ermdigital.com\/index.php\/wp-json\/wp\/v2\/comments?post=9384"}],"version-history":[{"count":0,"href":"https:\/\/ermdigital.com\/index.php\/wp-json\/wp\/v2\/posts\/9384\/revisions"}],"wp:featuredmedia":[{"embeddable":true,"href":"https:\/\/ermdigital.com\/index.php\/wp-json\/wp\/v2\/media\/9385"}],"wp:attachment":[{"href":"https:\/\/ermdigital.com\/index.php\/wp-json\/wp\/v2\/media?parent=9384"}],"wp:term":[{"taxonomy":"category","embeddable":true,"href":"https:\/\/ermdigital.com\/index.php\/wp-json\/wp\/v2\/categories?post=9384"},{"taxonomy":"post_tag","embeddable":true,"href":"https:\/\/ermdigital.com\/index.php\/wp-json\/wp\/v2\/tags?post=9384"}],"curies":[{"name":"wp","href":"https:\/\/api.w.org\/{rel}","templated":true}]}}