{"id":9351,"date":"2026-03-30T17:21:58","date_gmt":"2026-03-30T21:21:58","guid":{"rendered":"https:\/\/ermdigital.com\/index.php\/2026\/03\/30\/lionel-messi-se-despide-del-publico-argentino-con-la-albiceleste\/"},"modified":"2026-03-30T17:21:58","modified_gmt":"2026-03-30T21:21:58","slug":"lionel-messi-se-despide-del-publico-argentino-con-la-albiceleste","status":"publish","type":"post","link":"https:\/\/ermdigital.com\/index.php\/2026\/03\/30\/lionel-messi-se-despide-del-publico-argentino-con-la-albiceleste\/","title":{"rendered":"Lionel Messi se despide del p\u00fablico argentino con la Albiceleste"},"content":{"rendered":"<p>\u00a0\u00a0<\/p>\n<p>Sin tener confirmada su participaci\u00f3n en el Mundial, <strong>Lionel Messi<\/strong> comenzar\u00e1 a <strong>despedirse<\/strong> de los fan\u00e1ticos argentinos cuando la <strong>Albiceleste<\/strong> se mida con <strong>Zambia<\/strong> el martes en La Bombonera, en la <strong>\u00faltima prueba<\/strong> en casa antes del Mundial.<\/p>\n<p>El astro rosarino, de 38 a\u00f1os, ya hab\u00eda dicho adi\u00f3s a la apasionada afici\u00f3n <strong>argentina<\/strong> en septiembre, en su <strong>\u00faltimo cotejo<\/strong> oficial en una eliminatoria sudamericana en <strong>Argentina<\/strong>. Fue una <strong>goleada 3-0<\/strong> ante Venezuela con doblete del crack.<\/p>\n<p>Se prev\u00e9 que el <strong>choque del martes<\/strong> sea el <strong>\u00faltimo<\/strong> del 10 en <strong>su tierra<\/strong>.<\/p>\n<p><strong>Zambia<\/strong> no estar\u00e1 en Norteam\u00e9rica y tiene <strong>poca historia<\/strong> futbol\u00edstica, pero medir\u00e1 el aceite de unos campeones del mundo cuestionados por su <strong>victoria gris<\/strong> 2-1 ante Mauritania el viernes en Buenos Aires y por no haberse fogueado ante adversarios europeos desde la coronaci\u00f3n en Catar 2022.<\/p>\n<p>Aunque pocos apuestan por una ausencia de <strong>Messi<\/strong> en el que ser\u00eda su <strong>sexto Mundial<\/strong>, un r\u00e9cord, lo cierto es que la leyenda viva de <strong>Argentina<\/strong> ya camina hacia el <strong>retiro absoluto<\/strong> en su selecci\u00f3n tras m\u00e1s de dos d\u00e9cadas de defender a su pa\u00eds.<\/p>\n<p>Mientras eso sucede, el 10 ser\u00e1 <strong>titular<\/strong> en el <strong>\u00faltimo<\/strong> amistoso antes de que Lionel <strong>Scaloni<\/strong> revele la <strong>lista de convocados<\/strong> para la Copa del Mundo (11 de junio-19 de julio).<\/p>\n<p>\"Lo importante es que venga y <strong>disfrute<\/strong> de estar en un Mundial, que te\u00f3ricamente va a ser el <strong>\u00faltimo<\/strong>. Queremos que lo <strong>disfrute<\/strong>, porque despu\u00e9s se extra\u00f1a jugar todas estas cosas\", dijo el DT este lunes en rueda de prensa.<\/p>\n<h2>&#8211; <strong>Misi\u00f3n<\/strong>: mejorar &#8211;<\/h2>\n<p>Ante <strong>Zambia<\/strong>, el goleador hist\u00f3rico de la selecci\u00f3n <strong>argentina<\/strong> buscar\u00e1 mejorar la imagen discreta que dej\u00f3 en los 45 minutos que tuvo frente a Mauritania, un rival d\u00e9bil pero que con entusiasmo complic\u00f3 al campe\u00f3n del mundo.<\/p>\n<p>La <strong>Pulga<\/strong> ingres\u00f3 en el <strong>segundo tiempo<\/strong>, pero entr\u00f3 poco en juego y pareci\u00f3 inc\u00f3modo al ocupar la funci\u00f3n de centrodelantero, con apenas un par de chispazos de su sello y sin haber tenido ni una sola situaci\u00f3n clara para anotar.<\/p>\n<p>\"Estoy convencido de que el <strong>nivel del equipo<\/strong> no es el del otro d\u00eda. Si vemos que el equipo no est\u00e1, buscaremos opciones. Pero se merece un <strong>voto de confianza<\/strong>\", insisti\u00f3 el conductor.<\/p>\n<p><strong>Scaloni<\/strong> dijo muchas veces en su ciclo de ocho a\u00f1os como t\u00e9cnico de la <strong>Albiceleste<\/strong> que el \u00fanico <strong>titular<\/strong> indiscutido es <strong>Messi<\/strong>. Por lo que, salvo alguna rareza, el 10 tiene su <strong>plaza segura<\/strong> dentro de la lista de 26 jugadores que acudir\u00e1n a suelo norteamericano.<\/p>\n<p>El entrenador emplea estos dos \u00faltimos <strong>amistosos en casa<\/strong> para terminar de definir la lista de futbolistas, con abundancia de nombres en algunos sectores y piezas justas en otros puestos.<\/p>\n<h2>&#8211; Lucha por un cupo &#8211;<\/h2>\n<p>Por ejemplo, el atacante <strong>Nicol\u00e1s Paz<\/strong> sum\u00f3 puntos al anotar <strong>gran gol<\/strong> de tiro libre ante Mauritania en busca de un lugar para el que tambi\u00e9n quieren aplicar Franco Mastantuono, Giovani Lo Celso \u2013ausente por lesi\u00f3n- y Gianluca Prestianni.<\/p>\n<p>Otro candidato en el frente de ataque es Jos\u00e9 Manuel \"Flaco\" L\u00f3pez, como <strong>tercer delantero<\/strong> detr\u00e1s de Juli\u00e1n \u00c1lvarez y Lautaro Mart\u00ednez. Sus posibilidades crecieron tras la grave lesi\u00f3n de rodilla que sufri\u00f3 Joaqu\u00edn Panichelli, que se perder\u00e1 el Mundial.<\/p>\n<p>Para la posici\u00f3n de <strong>lateral derecho<\/strong>, <strong>Scaloni<\/strong> cuenta con <strong>Nahuel Molina<\/strong> y Gonzalo Montiel, pero las lesiones recurrentes del jugador de River Plate podr\u00edan abrirle la puerta a <strong>Agust\u00edn Giay<\/strong>, mientras que Valent\u00edn Barco aspira a ganarse una plaza en el carril izquierdo.<\/p>\n<p>\"La lista la tengo bastante clara, pero si los <strong>rendimientos<\/strong> no son los adecuados tomaremos <strong>medidas<\/strong> para llevar lo mejor posible, buscamos lo m\u00e1s cercano a la perfecci\u00f3n\", afirm\u00f3 el DT.<\/p>\n<p>El timonel dijo que ya present\u00f3 a la AFA una primera <strong>lista de 55<\/strong> nombres, pero ser\u00e1 a fines de mayo cuando har\u00e1 el <strong>corte definitivo<\/strong> con los <strong>26 elegidos<\/strong>.<\/p>\n<div class=\"w-full pt-2 float-left inside-related\"><strong>RELACIONADAS<\/strong><\/p>\n<article class=\"flex flex-wrap border-b pb-4 mb-3 inline-block\">\n<div class=\"xl:w-2\/12 w-4\/12\">\n<figure class=\"mb-0\"><img loading=\"lazy\" decoding=\"async\" src=\"https:\/\/resources.diariolibre.com\/images\/2025\/03\/18\/ap25076557926250-2cb256be-focus-min0.09-0.67-149-99.jpg\" width=\"149\" height=\"99\" title=\"Inter Miami agrega visita a Puerto Rico para amistoso ante Independiente del Valle\" alt=\"Inter Miami agrega visita a Puerto Rico para amistoso ante Independiente del Valle\" class=\"object-cover\" \/><\/figure>\n<\/div>\n<\/article>\n<article class=\"flex flex-wrap border-b pb-4 mb-3 inline-block\">\n<div class=\"xl:w-2\/12 w-4\/12\">\n<figure class=\"mb-0\"><img loading=\"lazy\" decoding=\"async\" src=\"https:\/\/resources.diariolibre.com\/images\/2025\/03\/18\/ap25076557926250-2cb256be-focus-min0.1-0.67-149-99.jpg\" width=\"149\" height=\"99\" title=\"Lionel Messi sufre lesi\u00f3n muscular y Miami pospone amistoso en Puerto Rico\" alt=\"Lionel Messi sufre lesi\u00f3n muscular y Miami pospone amistoso en Puerto Rico\" class=\"object-cover\" \/><\/figure>\n<\/div>\n<\/article>\n<article class=\"flex flex-wrap border-b pb-4 mb-3 inline-block\">\n<div class=\"xl:w-2\/12 w-4\/12\">\n<figure class=\"mb-0\"><img loading=\"lazy\" decoding=\"async\" src=\"https:\/\/resources.diariolibre.com\/images\/2024\/07\/15\/lionel-messi-pierde-batalla-contra-su-fisico-en-copa-america-focus-min0.26-0.54-149-99.jpg\" width=\"149\" height=\"99\" title=\"Lionel Messi y el valor de representar a su pa\u00eds\" alt=\"Lionel Messi y el valor de representar a su pa\u00eds\" class=\"object-cover\" \/><\/figure>\n<\/div>\n<\/article>\n<\/div>\n<p><strong>Argentina<\/strong> luego viajar\u00e1 a Estados Unidos para comenzar la <strong>concentraci\u00f3n<\/strong> en <strong>Kansas City<\/strong>, la ciudad sede para el campamento del defensor de la corona.<\/p>\n<p>Disputar\u00e1 un <strong>amistoso con Serbia<\/strong>, <strong>primer europeo<\/strong> que enfrentar\u00e1n tras ganar la corona en Catar, y otro rival por confirmar, como preparaci\u00f3n para su <strong>debut ante Argelia<\/strong> el 16 de junio.<\/p>\n<p>str\/raa\/<\/p>\n<div class=\"border-t border-b py-2 my-5 tags-container\"><strong>TEMAS &#8211; <\/strong><\/p>\n<ul>\n<li>\n<div class=\"inline-block border p-2 rounded-full align-middle\">\n<p><a href=\"https:\/\/www.diariolibre.com\/tags\/lionel-messi\/960\" title=\"Lionel Messi\">Lionel Messi<\/a><\/p>\n<\/div>\n<\/li>\n<li>\n<div class=\"inline-block border p-2 rounded-full align-middle\">\n<p><a href=\"https:\/\/www.diariolibre.com\/tags\/albiceleste\/200684\" title=\"Albiceleste\">Albiceleste<\/a><\/p>\n<\/div>\n<\/li>\n<li>\n<div class=\"inline-block border p-2 rounded-full align-middle\">\n<p><a href=\"https:\/\/www.diariolibre.com\/tags\/argentina\/6091\" title=\"Argentina\">Argentina<\/a><\/p>\n<\/div>\n<\/li>\n<\/ul>\n<\/div>\n<p>\u00a0<\/p>\n","protected":false},"excerpt":{"rendered":"<p>\u00a0\u00a0 Sin tener confirmada su participaci\u00f3n en el Mundial, Lionel Messi comenzar\u00e1 a despedirse de los fan\u00e1ticos argentinos cuando la Albiceleste se mida con Zambia el martes en La Bombonera, en la \u00faltima prueba en casa antes del Mundial. El astro rosarino, de 38 a\u00f1os, ya hab\u00eda dicho adi\u00f3s a la apasionada afici\u00f3n argentina en [&hellip;]<\/p>\n","protected":false},"author":1,"featured_media":9352,"comment_status":"open","ping_status":"open","sticky":false,"template":"","format":"standard","meta":{"amp_status":"","footnotes":""},"categories":[4],"tags":[],"class_list":["post-9351","post","type-post","status-publish","format-standard","has-post-thumbnail","hentry","category-deportes"],"_links":{"self":[{"href":"https:\/\/ermdigital.com\/index.php\/wp-json\/wp\/v2\/posts\/9351","targetHints":{"allow":["GET"]}}],"collection":[{"href":"https:\/\/ermdigital.com\/index.php\/wp-json\/wp\/v2\/posts"}],"about":[{"href":"https:\/\/ermdigital.com\/index.php\/wp-json\/wp\/v2\/types\/post"}],"author":[{"embeddable":true,"href":"https:\/\/ermdigital.com\/index.php\/wp-json\/wp\/v2\/users\/1"}],"replies":[{"embeddable":true,"href":"https:\/\/ermdigital.com\/index.php\/wp-json\/wp\/v2\/comments?post=9351"}],"version-history":[{"count":0,"href":"https:\/\/ermdigital.com\/index.php\/wp-json\/wp\/v2\/posts\/9351\/revisions"}],"wp:featuredmedia":[{"embeddable":true,"href":"https:\/\/ermdigital.com\/index.php\/wp-json\/wp\/v2\/media\/9352"}],"wp:attachment":[{"href":"https:\/\/ermdigital.com\/index.php\/wp-json\/wp\/v2\/media?parent=9351"}],"wp:term":[{"taxonomy":"category","embeddable":true,"href":"https:\/\/ermdigital.com\/index.php\/wp-json\/wp\/v2\/categories?post=9351"},{"taxonomy":"post_tag","embeddable":true,"href":"https:\/\/ermdigital.com\/index.php\/wp-json\/wp\/v2\/tags?post=9351"}],"curies":[{"name":"wp","href":"https:\/\/api.w.org\/{rel}","templated":true}]}}