{"id":9280,"date":"2026-03-30T15:21:52","date_gmt":"2026-03-30T19:21:52","guid":{"rendered":"https:\/\/ermdigital.com\/index.php\/2026\/03\/30\/messi-se-despedira-del-publico-argentino\/"},"modified":"2026-03-30T15:21:52","modified_gmt":"2026-03-30T19:21:52","slug":"messi-se-despedira-del-publico-argentino","status":"publish","type":"post","link":"https:\/\/ermdigital.com\/index.php\/2026\/03\/30\/messi-se-despedira-del-publico-argentino\/","title":{"rendered":"Messi se despedir\u00e1 del p\u00fablico argentino"},"content":{"rendered":"<p>\u00a0\u00a0<\/p>\n<p>Sin tener a\u00fan confirmada su participaci\u00f3n en el Mundial, <strong>Lionel Messi<\/strong> comenzar\u00e1 a <strong>despedirse<\/strong> de los fan\u00e1ticos argentinos cuando la Albiceleste se mida con <strong>Zambia<\/strong> el martes en La Bombonera, en la <strong>\u00faltima prueba<\/strong> en casa antes del Mundial.<\/p>\n<p>El astro rosarino, de 38 a\u00f1os, ya hab\u00eda dicho adi\u00f3s a la apasionada afici\u00f3n <strong>argentina<\/strong> en septiembre, en su <strong>\u00faltimo cotejo<\/strong> oficial en una eliminatoria sudamericana en <strong>Argentina<\/strong>. Fue una goleada 3-0 ante Venezuela con <strong>doblete<\/strong> del crack.<\/p>\n<p>Aunque <strong>Zambia<\/strong> no estar\u00e1 en Norteam\u00e9rica y tiene poca historia futbol\u00edstica, medir\u00e1 el aceite de unos campeones del mundo cuestionados por su <strong>victoria gris<\/strong> 2-1 ante Mauritania el viernes en Buenos Aires y por no haberse fogueado ante adversarios europeos desde la coronaci\u00f3n en Catar 2022.<\/p>\n<p>Aunque pocos apuestan por una ausencia de <strong>Messi<\/strong> en el que ser\u00eda su <strong>sexto Mundial<\/strong>, un r\u00e9cord, lo cierto es que la leyenda viva de <strong>Argentina<\/strong> ya camina hacia el <strong>retiro absoluto<\/strong> en su selecci\u00f3n tras dos d\u00e9cadas de defender a su pa\u00eds.<\/p>\n<p>Mientras eso sucede, el 10 ser\u00e1 <strong>titular<\/strong> en el <strong>\u00faltimo<\/strong> amistoso antes de que Lionel <strong>Scaloni<\/strong> revele la <strong>lista de convocados<\/strong> para la Copa del Mundo (11 de junio-19 de julio).<\/p>\n<p>\"Har\u00e9 todo lo posible para que est\u00e9 (en el Mundial). Para el bien del f\u00fatbol deber\u00eda estar, pero yo no soy el que decide, eso lo har\u00e1 \u00e9l\", dijo <strong>Scaloni<\/strong> sobre la <strong>presencia del capit\u00e1n<\/strong> argentino en la cita mundialista.<\/p>\n<figure class=\"inline-block\">\n<div class=\"expand-img-placeholder\"><img loading=\"lazy\" decoding=\"async\" src=\"https:\/\/resources.diariolibre.com\/images\/expand.svg\" alt=\"Expandir imagen\" width=\"20\" height=\"20\" \/>https:\/\/resources.diariolibre.com\/images\/2026\/03\/30\/lionel-messi-pierde-batalla-contra-su-fisico-en-copa-america-d782faed.jpg<\/div>\n<p><img decoding=\"async\" src=\"https:\/\/resources.diariolibre.com\/images\/2026\/03\/30\/lionel-messi-pierde-batalla-contra-su-fisico-en-copa-america-d782faed.jpg\" width=\"auto\" height=\"350\" alt=\"Infograf\u00eda\" class=\"mx-auto\" \/><figcaption>En esta imagen de archivo, el capit\u00e1n de Argentina Lionel Messi alza el trofeo tras la victoria 1-0 ante Colombia en la pasada final de la Copa Am\u00e9rica. (<strong>ARCHIVO\/ AP<\/strong>)<\/figcaption><\/figure>\n<h2>Buscan mejorar<\/h2>\n<p>Ante <strong>Zambia<\/strong>, el <strong>goleador hist\u00f3rico<\/strong> de la selecci\u00f3n <strong>argentina<\/strong> buscar\u00e1 mejorar la imagen discreta que dej\u00f3 en los 45 minutos que tuvo en liza frente a Mauritania, un rival d\u00e9bil pero que con entusiasmo complic\u00f3 al campe\u00f3n del mundo.<\/p>\n<p>La Pulga ingres\u00f3 en el <strong>segundo tiempo<\/strong>, pero entr\u00f3 poco en juego y pareci\u00f3 mostrarse inc\u00f3modo al ocupar la funci\u00f3n de centrodelantero, con apenas un par de chispazos de su sello y sin haber tenido ni una sola situaci\u00f3n clara para anotar.<\/p>\n<p>\"Lo importante es que venga y disfrute de estar en un Mundial, que te\u00f3ricamente va a ser el <strong>\u00faltimo<\/strong>. Queremos que lo disfrute, porque despu\u00e9s se extra\u00f1a jugar todas estas cosas\", consider\u00f3 el DT.<\/p>\n<p><strong>Scaloni<\/strong> dijo muchas veces en su ciclo de ocho a\u00f1os como t\u00e9cnico de la Albiceleste que el \u00fanico <strong>titular<\/strong> indiscutido es <strong>Messi<\/strong>. Por lo que, salvo alguna rareza, el 10 tiene su plaza segura dentro de la <strong>lista de 26<\/strong> jugadores que acudir\u00e1n a suelo norteamericano.<\/p>\n<p>El entrenador emplea estos dos \u00faltimos <strong>amistosos en casa<\/strong> para terminar de definir la lista de futbolistas, con abundancia de nombres en algunos sectores y <strong>piezas justas<\/strong> en otros puestos.<\/p>\n<h2>Lucha por un cupo<\/h2>\n<p>Por ejemplo, el atacante <strong>Nicol\u00e1s Paz<\/strong> sum\u00f3 puntos al anotar gran <strong>gol de tiro libre<\/strong> ante Mauritania en busca de un <strong>lugar<\/strong> para el que tambi\u00e9n quieren aplicar Franco Mastantuono, Giovani Lo Celso \u2013ausente por lesi\u00f3n- y Gianluca Prestianni.<\/p>\n<p>Otro candidato en el frente de ataque es Jos\u00e9 Manuel \"Flaco\" L\u00f3pez, como <strong>tercer delantero<\/strong> detr\u00e1s de Juli\u00e1n \u00c1lvarez y Lautaro Mart\u00ednez. Sus posibilidades crecieron tras la grave lesi\u00f3n de rodilla que sufri\u00f3 Joaqu\u00edn Panichelli, que se perder\u00e1 el Mundial.<\/p>\n<p>Para la posici\u00f3n de <strong>lateral derecho<\/strong>, <strong>Scaloni<\/strong> cuenta con <strong>Nahuel Molina<\/strong> y Gonzalo Montiel, pero las lesiones recurrentes del jugador de River Plate podr\u00edan abrirle la puerta a <strong>Agust\u00edn Giay<\/strong>, mientras que Valent\u00edn Barco aspira a ganarse una plaza en el carril izquierdo.<\/p>\n<p>El timonel dijo que ya present\u00f3 a la AFA una primera <strong>lista de 55<\/strong> nombres, pero ser\u00e1 a fines de mayo cuando har\u00e1 el corte definitivo con los <strong>26 elegidos<\/strong>.<\/p>\n<p><strong>Argentina<\/strong> luego viajar\u00e1 a Estados Unidos para comenzar la concentraci\u00f3n en Kansas City, la ciudad sede para el campamento del defensor de la corona.<\/p>\n<p>Disputar\u00e1 un amistoso con Serbia, <strong>primer europeo<\/strong> que enfrentar\u00e1n tras ganar la corona en Catar, y otro rival por confirmar, como preparaci\u00f3n para su debut ante Argelia el 16 de junio.<\/p>\n<div class=\"w-full pt-2 float-left inside-related\"><strong>RELACIONADAS<\/strong><\/p>\n<article class=\"flex flex-wrap border-b pb-4 mb-3 inline-block\">\n<div class=\"xl:w-2\/12 w-4\/12\">\n<figure class=\"mb-0\"><img loading=\"lazy\" decoding=\"async\" src=\"https:\/\/resources.diariolibre.com\/images\/2026\/03\/19\/messi-anota-su-gol-numero-900-21c594a9-focus-0.07-0.52-149-99.jpg\" width=\"149\" height=\"99\" title=\"Messi anota su gol n\u00famero 900 en una dura eliminaci\u00f3n de Miami en Concachampions\" alt=\"Messi anota su gol n\u00famero 900 en una dura eliminaci\u00f3n de Miami en Concachampions\" class=\"object-cover\" \/><\/figure>\n<\/div>\n<\/article>\n<\/div>\n<div class=\"border-t border-b py-2 my-5 tags-container\"><strong>TEMAS &#8211; <\/strong><\/p>\n<ul>\n<li><\/li>\n<li>\n<div class=\"inline-block border p-2 rounded-full align-middle\">\n<p><a href=\"https:\/\/www.diariolibre.com\/tags\/lionel-messi\/960\" title=\"Lionel Messi\">Lionel Messi<\/a><\/p>\n<\/div>\n<\/li>\n<li>\n<div class=\"inline-block border p-2 rounded-full align-middle\">\n<p><a href=\"https:\/\/www.diariolibre.com\/tags\/argentina\/6091\" title=\"Argentina\">Argentina<\/a><\/p>\n<\/div>\n<\/li>\n<li>\n<div class=\"inline-block border p-2 rounded-full align-middle\">\n<p><a href=\"https:\/\/www.diariolibre.com\/tags\/copa-mundial-de-futbol-2026\/271364\" title=\"Copa Mundial de F\u00fatbol 2026\">Copa Mundial de F\u00fatbol 2026<\/a><\/p>\n<\/div>\n<\/li>\n<li>\n<div class=\"inline-block border p-2 rounded-full align-middle\">\n<p><a href=\"https:\/\/www.diariolibre.com\/tags\/mundial-2026\/74292\" title=\"Mundial 2026\">Mundial 2026<\/a><\/p>\n<\/div>\n<\/li>\n<\/ul>\n<\/div>\n<p>\u00a0<\/p>\n","protected":false},"excerpt":{"rendered":"<p>\u00a0\u00a0 Sin tener a\u00fan confirmada su participaci\u00f3n en el Mundial, Lionel Messi comenzar\u00e1 a despedirse de los fan\u00e1ticos argentinos cuando la Albiceleste se mida con Zambia el martes en La Bombonera, en la \u00faltima prueba en casa antes del Mundial. El astro rosarino, de 38 a\u00f1os, ya hab\u00eda dicho adi\u00f3s a la apasionada afici\u00f3n argentina [&hellip;]<\/p>\n","protected":false},"author":1,"featured_media":9281,"comment_status":"open","ping_status":"open","sticky":false,"template":"","format":"standard","meta":{"amp_status":"","footnotes":""},"categories":[4],"tags":[],"class_list":["post-9280","post","type-post","status-publish","format-standard","has-post-thumbnail","hentry","category-deportes"],"_links":{"self":[{"href":"https:\/\/ermdigital.com\/index.php\/wp-json\/wp\/v2\/posts\/9280","targetHints":{"allow":["GET"]}}],"collection":[{"href":"https:\/\/ermdigital.com\/index.php\/wp-json\/wp\/v2\/posts"}],"about":[{"href":"https:\/\/ermdigital.com\/index.php\/wp-json\/wp\/v2\/types\/post"}],"author":[{"embeddable":true,"href":"https:\/\/ermdigital.com\/index.php\/wp-json\/wp\/v2\/users\/1"}],"replies":[{"embeddable":true,"href":"https:\/\/ermdigital.com\/index.php\/wp-json\/wp\/v2\/comments?post=9280"}],"version-history":[{"count":0,"href":"https:\/\/ermdigital.com\/index.php\/wp-json\/wp\/v2\/posts\/9280\/revisions"}],"wp:featuredmedia":[{"embeddable":true,"href":"https:\/\/ermdigital.com\/index.php\/wp-json\/wp\/v2\/media\/9281"}],"wp:attachment":[{"href":"https:\/\/ermdigital.com\/index.php\/wp-json\/wp\/v2\/media?parent=9280"}],"wp:term":[{"taxonomy":"category","embeddable":true,"href":"https:\/\/ermdigital.com\/index.php\/wp-json\/wp\/v2\/categories?post=9280"},{"taxonomy":"post_tag","embeddable":true,"href":"https:\/\/ermdigital.com\/index.php\/wp-json\/wp\/v2\/tags?post=9280"}],"curies":[{"name":"wp","href":"https:\/\/api.w.org\/{rel}","templated":true}]}}