{"id":9276,"date":"2026-03-30T15:21:51","date_gmt":"2026-03-30T19:21:51","guid":{"rendered":"https:\/\/ermdigital.com\/index.php\/2026\/03\/30\/verstappen-desanimado-dice-que-se-podria-retirar\/"},"modified":"2026-03-30T15:21:51","modified_gmt":"2026-03-30T19:21:51","slug":"verstappen-desanimado-dice-que-se-podria-retirar","status":"publish","type":"post","link":"https:\/\/ermdigital.com\/index.php\/2026\/03\/30\/verstappen-desanimado-dice-que-se-podria-retirar\/","title":{"rendered":"Verstappen, desanimado, dice que se podr\u00eda retirar"},"content":{"rendered":"<p>\u00a0\u00a0<\/p>\n<p>El cuatro veces campe\u00f3n del mundo de F\u00f3rmula 1 <strong>Max Verstappen<\/strong>, cuyo inicio de temporada est\u00e1 siendo complicado y que termin\u00f3 octavo en el <strong>Gran Premio de Jap\u00f3n<\/strong> este domingo, dej\u00f3 entrever, desanimado, que <strong>podr\u00eda dejar<\/strong> la categor\u00eda reina del automovilismo.<\/p>\n<p>Desde hace semanas, y de nuevo durante todo el fin de semana en Suzuka, el neerland\u00e9s de 28 a\u00f1os, que arras\u00f3 a sus rivales de 2021 a 2024 con cuatro t\u00edtulos consecutivos y estuvo a punto de lograr un quinto el a\u00f1o pasado, no ha dejado de criticar el <strong>Red Bull<\/strong> de 2026, calific\u00e1ndolo de \"ingobernable\".<\/p>\n<p>Verstappen tampoco ha dejado de criticar la <strong>nueva normativa<\/strong> sobre los motores, mitad el\u00e9ctricos, mitad t\u00e9rmicos, de esta temporada, llegando a comparar las carreras de F1 con las del popular videojuego <strong>Mario Kart<\/strong> o con una F\u00f3rmula E (el\u00e9ctrica) \"con esteroides\".<\/p>\n<p>Entrevistado por la BBC, Verstappen reiter\u00f3 que no encuentra \"<strong>ning\u00fan placer<\/strong> en la <strong>nueva F1<\/strong>\", es decir, al reglamento que rige ahora el campeonato del mundo.<\/p>\n<p>\"Cuando lo piensas, \u00bfrealmente vale la pena? (&#8230;) \u00bfNo preferir\u00eda pasar m\u00e1s tiempo con mi familia, ver m\u00e1s a mis amigos, en lugar de practicar un deporte que no me satisface?\", se pregunt\u00f3.<\/p>\n<p>Los entrenamientos y la clasificaci\u00f3n del s\u00e1bado fueron \"un desastre y he intentado optimizar la carrera de hoy, pero el coche sigue siendo el mismo\", se quej\u00f3 ante algunos periodistas, despu\u00e9s de haber terminado 8\u00ba en el Gran Premio, lejos de los primeros clasificados.<\/p>\n<p>Tras salir desde la und\u00e9cima posici\u00f3n de la parrilla, \"he intentado simplemente de aguantar\", suspir\u00f3 el piloto ante algunos periodistas, <strong>visiblemente abatido<\/strong> y desanimado.<\/p>\n<p>Verstappen lleva protestando desde el inicio de la temporada contra la <strong>nueva normativa<\/strong> de los <strong>motores h\u00edbridos<\/strong>, supuestamente destinada a favorecer los adelantamientos, pero que divide al paddock debido a la compleja gesti\u00f3n de la energ\u00eda el\u00e9ctrica de la bater\u00eda.<\/p>\n<p>El jueves confes\u00f3 que ya no cree en la victoria y que piensa en 2027.<\/p>\n<p>Ese derrotismo se ha reflejado tambi\u00e9n en su car\u00e1cter, que le llev\u00f3 incluso a echar de la conferencia de prensa del pasado jueves a un periodista brit\u00e1nico del diario <strong>The Guardian<\/strong> por una pregunta que le hab\u00eda realizado en diciembre sobre la forma en que perdi\u00f3 el campeonato el a\u00f1o pasado.<\/p>\n<p>Como los otros 21 pilotos, Verstappen podr\u00e1 tomarse un respiro hasta el primer fin de semana de mayo cuando regrese la F1 a Miami, luego de un par\u00f3n de m\u00e1s de un mes forzado por la cancelaci\u00f3n del Gran Premio de Bar\u00e9in y el de Arabia Saudita, ambos previstos en abril, por la guerra en Oriente Medio.<\/p>\n<p>\"Voy a hacer <strong>otras carreras<\/strong>, cosas que me devuelvan la sonrisa\", apunt\u00f3 Verstappen, que hace unos d\u00edas ya particip\u00f3 en una carrera de resistencia en Alemania.<\/p>\n<p>La prensa especializada tambi\u00e9n difunde rumores sobre su futuro en <strong>Red Bull<\/strong>, donde tiene contrato hasta finales de 2027.<\/p>\n<div class=\"w-full pt-2 float-left inside-related\"><strong>RELACIONADAS<\/strong><\/p>\n<article class=\"flex flex-wrap border-b pb-4 mb-3 inline-block\">\n<div class=\"xl:w-2\/12 w-4\/12\">\n<figure class=\"mb-0\"><img loading=\"lazy\" decoding=\"async\" src=\"https:\/\/resources.diariolibre.com\/images\/2026\/03\/29\/f1-nace-una-estrella-en-suzuka-antonelli-lider-mas-joven-en-historia-ccee448b-focus-min0.19-0.58-149-99.jpg\" width=\"149\" height=\"99\" title=\"Nace una estrella en Suzuka, Antonelli l\u00edder m\u00e1s joven en historia de la F1\" alt=\"Nace una estrella en Suzuka, Antonelli l\u00edder m\u00e1s joven en historia de la F1\" class=\"object-cover\" \/><\/figure>\n<\/div>\n<\/article>\n<\/div>\n<div class=\"border-t border-b py-2 my-5 tags-container\"><strong>TEMAS &#8211; <\/strong><\/p>\n<ul>\n<li>\n<div class=\"inline-block border p-2 rounded-full align-middle\">\n<p><a href=\"https:\/\/www.diariolibre.com\/tags\/max-verstappen\/1958\" title=\"Max Verstappen\">Max Verstappen<\/a><\/p>\n<\/div>\n<\/li>\n<li>\n<div class=\"inline-block border p-2 rounded-full align-middle\">\n<p><a href=\"https:\/\/www.diariolibre.com\/tags\/red-bull-racing\/85702\" title=\"Red Bull Racing\">Red Bull Racing<\/a><\/p>\n<\/div>\n<\/li>\n<li>\n<div class=\"inline-block border p-2 rounded-full align-middle\">\n<p><a href=\"https:\/\/www.diariolibre.com\/tags\/formula-uno\/519\" title=\"F\u00f3rmula Uno\">F\u00f3rmula Uno<\/a><\/p>\n<\/div>\n<\/li>\n<li>\n<div class=\"inline-block border p-2 rounded-full align-middle\">\n<p><a href=\"https:\/\/www.diariolibre.com\/tags\/gran-premio-de-japon\/100925\" title=\"Gran Premio de Jap\u00f3n\">Gran Premio de Jap\u00f3n<\/a><\/p>\n<\/div>\n<\/li>\n<\/ul>\n<\/div>\n<p>\u00a0<\/p>\n","protected":false},"excerpt":{"rendered":"<p>\u00a0\u00a0 El cuatro veces campe\u00f3n del mundo de F\u00f3rmula 1 Max Verstappen, cuyo inicio de temporada est\u00e1 siendo complicado y que termin\u00f3 octavo en el Gran Premio de Jap\u00f3n este domingo, dej\u00f3 entrever, desanimado, que podr\u00eda dejar la categor\u00eda reina del automovilismo. Desde hace semanas, y de nuevo durante todo el fin de semana en [&hellip;]<\/p>\n","protected":false},"author":1,"featured_media":9277,"comment_status":"open","ping_status":"open","sticky":false,"template":"","format":"standard","meta":{"amp_status":"","footnotes":""},"categories":[4],"tags":[],"class_list":["post-9276","post","type-post","status-publish","format-standard","has-post-thumbnail","hentry","category-deportes"],"_links":{"self":[{"href":"https:\/\/ermdigital.com\/index.php\/wp-json\/wp\/v2\/posts\/9276","targetHints":{"allow":["GET"]}}],"collection":[{"href":"https:\/\/ermdigital.com\/index.php\/wp-json\/wp\/v2\/posts"}],"about":[{"href":"https:\/\/ermdigital.com\/index.php\/wp-json\/wp\/v2\/types\/post"}],"author":[{"embeddable":true,"href":"https:\/\/ermdigital.com\/index.php\/wp-json\/wp\/v2\/users\/1"}],"replies":[{"embeddable":true,"href":"https:\/\/ermdigital.com\/index.php\/wp-json\/wp\/v2\/comments?post=9276"}],"version-history":[{"count":0,"href":"https:\/\/ermdigital.com\/index.php\/wp-json\/wp\/v2\/posts\/9276\/revisions"}],"wp:featuredmedia":[{"embeddable":true,"href":"https:\/\/ermdigital.com\/index.php\/wp-json\/wp\/v2\/media\/9277"}],"wp:attachment":[{"href":"https:\/\/ermdigital.com\/index.php\/wp-json\/wp\/v2\/media?parent=9276"}],"wp:term":[{"taxonomy":"category","embeddable":true,"href":"https:\/\/ermdigital.com\/index.php\/wp-json\/wp\/v2\/categories?post=9276"},{"taxonomy":"post_tag","embeddable":true,"href":"https:\/\/ermdigital.com\/index.php\/wp-json\/wp\/v2\/tags?post=9276"}],"curies":[{"name":"wp","href":"https:\/\/api.w.org\/{rel}","templated":true}]}}