{"id":9266,"date":"2026-03-30T14:30:38","date_gmt":"2026-03-30T18:30:38","guid":{"rendered":"https:\/\/ermdigital.com\/index.php\/2026\/03\/30\/madrid-tiene-una-amenaza-para-sus-conductores-ampliar-la-zona-ser-a-los-domingos-y-mas-alla-de-las-9-de-la-noche\/"},"modified":"2026-03-30T14:30:38","modified_gmt":"2026-03-30T18:30:38","slug":"madrid-tiene-una-amenaza-para-sus-conductores-ampliar-la-zona-ser-a-los-domingos-y-mas-alla-de-las-9-de-la-noche","status":"publish","type":"post","link":"https:\/\/ermdigital.com\/index.php\/2026\/03\/30\/madrid-tiene-una-amenaza-para-sus-conductores-ampliar-la-zona-ser-a-los-domingos-y-mas-alla-de-las-9-de-la-noche\/","title":{"rendered":"Madrid tiene una amenaza para sus conductores: ampliar la zona SER a los domingos y m\u00e1s all\u00e1 de las 9 de la noche"},"content":{"rendered":"<p>\n      <img decoding=\"async\" src=\"https:\/\/i.blogs.es\/cf46d5\/zona-ser-madrid\/1024_2000.jpeg\" alt=\"Madrid tiene una amenaza para sus conductores: ampliar la zona SER a los domingos y m\u00e1s all\u00e1 de las 9 de la noche\">\n    <\/p>\n<p>Aparcar en las calles de Madrid ser\u00e1 m\u00e1s complicado y m\u00e1s caro. Es lo que se deduce de las modificaciones introducidas en la Ordenanza de Movilidad Sostenible, que regula el tr\u00e1fico en la ciudad. Con los \u00faltimos cambios, el equipo de Gobierno de la ciudad ha aprobado la extensi\u00f3n de los servicios de estacionamiento regulado a nuevos barrios y la posibilidad de ampliar el horario, incluidos domingos y festivos.\u00a0<\/p>\n<p><!-- BREAK 1 --><\/p>\n<p><strong>\u00bfQu\u00e9 es la zona SER?<\/strong> El <a rel=\"noopener, noreferrer\" href=\"https:\/\/www.madrid.es\/portales\/munimadrid\/es\/Inicio\/Movilidad-y-transportes\/Servicio-de-Estacionamiento-Regulado-SER-Horario-delimitacion-territorial-y-ambitos-diferenciados-\/?vgnextfmt=default&amp;vgnextoid=6f18e4ce78dd6410VgnVCM1000000b205a0aRCRD&amp;vgnextchannel=220e31d3b28fe410VgnVCM1000000b205a0aRCRD\">Servicio de Estacionamiento Regulado (SER)<\/a> es la medida que aplica la ciudad de Madrid para controlar el estacionamiento en superficie de determinados barrios. Con \u00e9l se pretende facilitar el estacionamiento a los vecinos y poner ciertas trabas a los de fuera para garantizar la rotaci\u00f3n del espacio.\u00a0<\/p>\n<p><!-- BREAK 2 --><\/p>\n<p>Es un sistema que vemos en muchas ciudades de Espa\u00f1a para zonas especialmente tensionadas donde hay un alto volumen de coches aparcados en la calle o donde hay una gran afluencia y los vecinos tienen problemas para aparcar. <a rel=\"noopener, noreferrer\" href=\"https:\/\/www.madrid.es\/portales\/munimadrid\/es\/Inicio\/Movilidad-y-transportes\/Servicio-de-Estacionamiento-Regulado-SER-Tarifas-y-vehiculos-no-sujetos-al-pago\/?vgnextfmt=default&amp;vgnextoid=972be4ce78dd6410VgnVCM1000000b205a0aRCRD&amp;vgnextchannel=220e31d3b28fe410VgnVCM1000000b205a0aRCRD\">En el caso de Madrid<\/a>, se caracteriza por:\u00a0<\/p>\n<p><!-- BREAK 3 --><\/p>\n<ul>\n<li>Plazas verdes: estacionamiento de hasta dos horas. Es donde m\u00e1s se paga.\u00a0<\/li>\n<li>Plazas azules: estacionamiento de hasta cuatro horas. Precio intermedio.\u00a0<\/li>\n<li>Plazas azules y verdes: estacionamiento de larga estancia de hasta 12 horas. Donde menos se paga.<\/li>\n<li>Los coches con etiqueta ECO pagan la mitad y los Cero emisiones aparcan gratuitamente sin l\u00edmite temporal. Los coches sin etiqueta no pueden aparcar fuera de su barrio.\u00a0<\/li>\n<li>El horario es de 9:00 a 21:00 horas de lunes a viernes y s\u00e1bados de 9:00 a 15:00. En agosto y los d\u00edas 24 y 31 de diciembre el horario termina a las 15:00.\u00a0<\/li>\n<li>Los domingos y festivos el servicio no est\u00e1 activo y, por tanto, se puede aparcar sin l\u00edmite de tiempo y totalmente gratis.\u00a0<\/li>\n<\/ul>\n<div class=\"article-asset article-asset-normal article-asset-center\">\n<div class=\"desvio-container\">\n<div class=\"desvio\">\n<div class=\"desvio-figure js-desvio-figure\">\n    <a href=\"https:\/\/www.xataka.com\/movilidad\/guia-para-saber-tu-coche-podra-circular-zbe-madrid-2024-etiquetas-empadronados-zonas-1\" class=\"pivot-outboundlink\" data-vars-post-title=\"Gu\u00eda para saber si tu coche podr\u00e1 circular por las ZBE de Madrid en 2026: etiquetas, empadronados y zonas\"><br \/>\n     <img loading=\"lazy\" decoding=\"async\" alt=\"Gu\u00eda para saber si tu coche podr\u00e1 circular por las ZBE de Madrid en 2026: etiquetas, empadronados y zonas\" width=\"375\" height=\"142\" src=\"https:\/\/i.blogs.es\/f14c36\/daniel-alvasd-vkvc9ofmdjm-unsplash\/375_142.jpeg\"><br \/>\n    <\/a>\n   <\/div>\n<div class=\"desvio-summary\">\n<div class=\"desvio-taxonomy js-desvio-taxonomy\">\n     <a href=\"https:\/\/www.xataka.com\/movilidad\/guia-para-saber-tu-coche-podra-circular-zbe-madrid-2024-etiquetas-empadronados-zonas-1\" class=\"desvio-taxonomy-anchor pivot-outboundlink\" data-vars-post-title=\"Gu\u00eda para saber si tu coche podr\u00e1 circular por las ZBE de Madrid en 2026: etiquetas, empadronados y zonas\">En Xataka<\/a>\n    <\/div>\n<p>    <a href=\"https:\/\/www.xataka.com\/movilidad\/guia-para-saber-tu-coche-podra-circular-zbe-madrid-2024-etiquetas-empadronados-zonas-1\" class=\"desvio-title js-desvio-title pivot-outboundlink\" data-vars-post-title=\"Gu\u00eda para saber si tu coche podr\u00e1 circular por las ZBE de Madrid en 2026: etiquetas, empadronados y zonas\">Gu\u00eda para saber si tu coche podr\u00e1 circular por las ZBE de Madrid en 2026: etiquetas, empadronados y zonas<\/a>\n   <\/div>\n<\/p><\/div>\n<\/p><\/div>\n<\/div>\n<p><strong>\u00bfQu\u00e9 se ha aprobado?<\/strong> El pasado 24 de marzo, <a rel=\"noopener, noreferrer\" href=\"https:\/\/diario.madrid.es\/blog\/notas-de-prensa\/nueva-ordenanza-de-movilidad-en-madrid-para-que-la-capital-continue-situandose-a-la-vanguardia-de-la-sostenibilidad\/\">el Pleno del Ayuntamiento de Madrid aprob\u00f3<\/a> algunas modificaciones en la Ordenanza de Movilidad de la ciudad. En ella ha quedado reflejada que los veh\u00edculos sin etiqueta (<a class=\"text-outboundlink\" href=\"https:\/\/www.xataka.com\/movilidad\/etiquetas-dgt-cual-me-corresponde-que-ventajas-restricciones-me-encontrare\" data-vars-post-title=\"Etiquetas de la DGT: qu\u00e9 pegatina me corresponde y qu\u00e9 ventajas o restricciones me encontrar\u00e9\" data-vars-post-url=\"https:\/\/www.xataka.com\/movilidad\/etiquetas-dgt-cual-me-corresponde-que-ventajas-restricciones-me-encontrare\">distintivo A de la DGT<\/a>) <a class=\"text-outboundlink\" href=\"https:\/\/www.xataka.com\/movilidad\/madrid-iba-a-prohibir-coches-etiqueta-para-siempre-ahora-podran-circular-casi-siempre\" data-vars-post-title=\"Si tienes un coche de 1991 y est\u00e1s empadronado en Madrid, el Ayuntamiento tiene un mensaje para ti: no lo tires\" data-vars-post-url=\"https:\/\/www.xataka.com\/movilidad\/madrid-iba-a-prohibir-coches-etiqueta-para-siempre-ahora-podran-circular-casi-siempre\">podr\u00e1n circular por sus calles<\/a> (el plan inicial pasaba por <a class=\"text-outboundlink\" href=\"https:\/\/www.xataka.com\/movilidad\/madrid-da-marcha-atras-no-multara-a-coches-etiqueta-dgt-2025-relaja-restricciones-que-se-aplican\" data-vars-post-title=\"Madrid da marcha atr\u00e1s: no multar\u00e1 a los coches sin etiqueta de la DGT en 2025 y relaja las restricciones que ya se aplican\" data-vars-post-url=\"https:\/\/www.xataka.com\/movilidad\/madrid-da-marcha-atras-no-multara-a-coches-etiqueta-dgt-2025-relaja-restricciones-que-se-aplican\">prohibir su circulaci\u00f3n ya en 2025<\/a>) y algunos cambios en las zonas SER de Madrid.\u00a0<\/p>\n<p><!-- BREAK 4 --><\/p>\n<p>Estos cambios dificultar\u00e1n el estacionamiento en las calles de la capital ya que el servicio SER se extender\u00e1 a nuevos barrios en los pr\u00f3ximos a\u00f1os y se abre la puerta a que el horario tambi\u00e9n se extienda, incluidos s\u00e1bados y domingos.\u00a0<\/p>\n<p><a rel=\"noopener, noreferrer\" href=\"https:\/\/diario.madrid.es\/blog\/notas-de-prensa\/nueva-ordenanza-de-movilidad-en-madrid-para-que-la-capital-continue-situandose-a-la-vanguardia-de-la-sostenibilidad\/\">Seg\u00fan el Ayuntamiento de Madrid<\/a>, \"la iniciativa responde a la necesidad de garantizar la disponibilidad de aparcamiento para residentes en barrios que concentran una intensa actividad comercial, cultural, deportiva, tur\u00edstica y de ocio, provocando una alta afluencia de visitantes. Con la extensi\u00f3n del \u00c1rea de Estacionamiento Regulado (AER), tal y como establece el art\u00edculo 49.1 de la vigente OMS, se pretende equilibrar la disponibilidad de estacionamiento para residentes con la necesaria rotaci\u00f3n en la v\u00eda p\u00fablica\".\u00a0<\/p>\n<p><!-- BREAK 5 --><\/p>\n<div class=\"article-asset article-asset-normal article-asset-center\">\n<div class=\"desvio-container\">\n<div class=\"desvio\">\n<div class=\"desvio-figure js-desvio-figure\">\n    <a href=\"https:\/\/www.xataka.com\/magnet\/hay-guerra-espacio-publico-ciudades-su-proxima-victima-aparcamientos\" class=\"pivot-outboundlink\" data-vars-post-title=\"Hay una guerra por el espacio p\u00fablico en las ciudades. Y su pr\u00f3xima v\u00edctima son los aparcamientos\"><br \/>\n     <img loading=\"lazy\" decoding=\"async\" alt=\"Hay una guerra por el espacio p\u00fablico en las ciudades. Y su pr\u00f3xima v\u00edctima son los aparcamientos\" width=\"375\" height=\"142\" src=\"https:\/\/i.blogs.es\/46ef96\/aparcamientos\/375_142.jpeg\"><br \/>\n    <\/a>\n   <\/div>\n<div class=\"desvio-summary\">\n<div class=\"desvio-taxonomy js-desvio-taxonomy\">\n     <a href=\"https:\/\/www.xataka.com\/magnet\/hay-guerra-espacio-publico-ciudades-su-proxima-victima-aparcamientos\" class=\"desvio-taxonomy-anchor pivot-outboundlink\" data-vars-post-title=\"Hay una guerra por el espacio p\u00fablico en las ciudades. Y su pr\u00f3xima v\u00edctima son los aparcamientos\">En Xataka<\/a>\n    <\/div>\n<p>    <a href=\"https:\/\/www.xataka.com\/magnet\/hay-guerra-espacio-publico-ciudades-su-proxima-victima-aparcamientos\" class=\"desvio-title js-desvio-title pivot-outboundlink\" data-vars-post-title=\"Hay una guerra por el espacio p\u00fablico en las ciudades. Y su pr\u00f3xima v\u00edctima son los aparcamientos\">Hay una guerra por el espacio p\u00fablico en las ciudades. Y su pr\u00f3xima v\u00edctima son los aparcamientos<\/a>\n   <\/div>\n<\/p><\/div>\n<\/p><\/div>\n<\/div>\n<p><strong>M\u00e1s barrios<\/strong>. Los cambios en el texto normativo no confirma la extensi\u00f3n de la zona SER a m\u00e1s barrios pero s\u00ed abre esta posibilidad \"siempre que lo requieran los vecinos\", en palabras del consistorio. En total, si los proyectos van saliendo adelante, el servicio se extender\u00eda a 18 nuevos barrios repartidos por seis distritos. Aseguran sus responsable que se crear\u00edan 51.819 plazas de aparcamiento a repartir entre los distritos de Fuencarral-El Pardo, Latina, Carabanchel, Usera, Ciudad Lineal y Puente de Vallecas.<\/p>\n<p><!-- BREAK 6 --><\/p>\n<p>Para poder ampliar el servicio SER, ser\u00e1 necesario contar con el acuerdo en la junta de distrito que tomar\u00e1 la decisi\u00f3n tras la consulta a vecinos y asociaciones. El calendario pasa por las siguientes ampliaciones:\u00a0<\/p>\n<ul>\n<li>Antes del 31 de diciembre de 2029: barrios de Pe\u00f1agrande (Fuencarral-El Pardo), Valdezarza (Moncloa-Aravaca), Opa\u00f1el y San Isidro (Carabanchel), y Costillares (Ciudad Lineal).<\/li>\n<li>Antes del 31 de diciembre de 2035: Valverde (Fuencarral-El Pardo) Lucero, Aluche, Los C\u00e1rmenes y Puerta del \u00c1ngel (Latina) Puerta Bonita, Abrantes, San Isidro, Opa\u00f1el y Vista Alegre (Carabanchel) Zof\u00edo y Orcasur (Usera) Pueblo Nuevo, Quintana, Concepci\u00f3n (Ciudad Lineal) y San Diego, Palomeras Bajas y Numancia (Puente de Vallecas)<\/li>\n<\/ul>\n<p>La gran excepci\u00f3n ser\u00e1 Moratalaz cuyo concejal ha conseguido que se apruebe una enmienda para que el servicio SER no pueda extenderse a este barrio.\u00a0<\/p>\n<div class=\"article-asset-video article-asset-normal\">\n<div class=\"asset-content\">\n<div class=\"base-asset-video\">\n<div class=\"js-dailymotion\"><\/div>\n<\/p><\/div>\n<\/p><\/div>\n<\/div>\n<p><strong>M\u00e1s tiempo<\/strong>. Pero, adem\u00e1s de que el pago por el estacionamiento se extender\u00e1 a m\u00e1s barrios si las juntas de distrito as\u00ed lo aprueban, tambi\u00e9n ser\u00e1 posible extender el n\u00famero de horas en el que este servicio est\u00e9 activo.\u00a0<\/p>\n<p><!-- BREAK 7 --><\/p>\n<p>Entre las modificaciones, se ha incluido la posibilidad de que en d\u00edas que se prev\u00e9 una alta demanda de aparcamiento o en momentos puntuales, la Junta de Gobierno del distrito podr\u00e1 ampliar el horario m\u00e1s all\u00e1 de las 21:00 de lunes a viernes y de las 15:00 horas los domingos. Incluso podr\u00e1n activar este sistema de estacionamiento regulado en domingos y festivos.\u00a0<\/p>\n<p><!-- BREAK 8 --><\/p>\n<p>Desde el Ayuntamiento de Madrid se\u00f1alan que estas ampliaciones tendr\u00e1n car\u00e1cter puntual y no podr\u00e1n extenderse \"de forma fija\". Se tendr\u00e1n que dar, por tanto, \"situaciones especiales que requieran ampliaci\u00f3n temporal\". Sin embargo, no se refleja un l\u00edmite de ocasiones en las que se podr\u00e1 aplicar este nuevo protocolo.\u00a0<\/p>\n<p><!-- BREAK 9 --><\/p>\n<p>Foto |\u00a0Ayuntamiento de Madrid y <a rel=\"noopener, noreferrer\" href=\"https:\/\/unsplash.com\/es\/fotos\/coches-aparcados-al-lado-de-la-carretera-entre-los-edificios-de-ladrillo-marron-durante-el-dia-NnHyuCo_aRQ\">Quique Olivar<\/a><\/p>\n<p>En Xataka |\u00a0<a class=\"text-outboundlink\" href=\"https:\/\/www.xataka.com\/movilidad\/secreto-barrio-peatonal-perfecto-tiene-medio-siglo-se-esconde-detras-palabra-woonerf\" data-vars-post-title=\"El secreto del barrio peatonal perfecto tiene m\u00e1s de medio siglo y se esconde detr\u00e1s de una palabra: Woonerf \" data-vars-post-url=\"https:\/\/www.xataka.com\/movilidad\/secreto-barrio-peatonal-perfecto-tiene-medio-siglo-se-esconde-detras-palabra-woonerf\">El secreto del barrio peatonal perfecto tiene m\u00e1s de medio siglo y se esconde detr\u00e1s de una palabra: Woonerf<\/a><\/p>\n<p><\/p>\n<p> &#8211; <br \/> La noticia<br \/>\n      <a href=\"https:\/\/www.xataka.com\/movilidad\/aparcar-madrid-sera-caro-complicado-parquimetros-podran-funcionar-domingos-llegaran-a-barrios?utm_source=feedburner&amp;utm_medium=feed&amp;utm_campaign=30_Mar_2026\"><br \/>\n       <em> Madrid tiene una amenaza para sus conductores: ampliar la zona SER a los domingos y m\u00e1s all\u00e1 de las 9 de la noche <\/em><br \/>\n      <\/a><br \/>\n      fue publicada originalmente en<br \/>\n      <a href=\"https:\/\/www.xataka.com\/?utm_source=feedburner&amp;utm_medium=feed&amp;utm_campaign=30_Mar_2026\"><br \/>\n       <strong> Xataka <\/strong><br \/>\n      <\/a><br \/>\n             por <a href=\"https:\/\/www.xataka.com\/autor\/alberto-de-la-torre?utm_source=feedburner&amp;utm_medium=feed&amp;utm_campaign=30_Mar_2026\"><br \/>\n        Alberto de la Torre<br \/>\n       <\/a><br \/>\n      . <\/p>\n<p>\u00a0Aparcar en las calles de Madrid ser\u00e1 m\u00e1s complicado y m\u00e1s caro. Es lo que se deduce de las modificaciones introducidas en la Ordenanza de Movilidad Sostenible, que regula el tr\u00e1fico en la ciudad. Con los \u00faltimos cambios, el equipo de Gobierno de la ciudad ha aprobado la extensi\u00f3n de los servicios de estacionamiento regulado a nuevos barrios y la posibilidad de ampliar el horario, incluidos domingos y festivos.\u00a0<\/p>\n<p>\u00bfQu\u00e9 es la zona SER? El Servicio de Estacionamiento Regulado (SER) es la medida que aplica la ciudad de Madrid para controlar el estacionamiento en superficie de determinados barrios. Con \u00e9l se pretende facilitar el estacionamiento a los vecinos y poner ciertas trabas a los de fuera para garantizar la rotaci\u00f3n del espacio.\u00a0<\/p>\n<p>Es un sistema que vemos en muchas ciudades de Espa\u00f1a para zonas especialmente tensionadas donde hay un alto volumen de coches aparcados en la calle o donde hay una gran afluencia y los vecinos tienen problemas para aparcar. En el caso de Madrid, se caracteriza por:\u00a0<\/p>\n<p>Plazas verdes: estacionamiento de hasta dos horas. Es donde m\u00e1s se paga.\u00a0Plazas azules: estacionamiento de hasta cuatro horas. Precio intermedio.\u00a0Plazas azules y verdes: estacionamiento de larga estancia de hasta 12 horas. Donde menos se paga.Los coches con etiqueta ECO pagan la mitad y los Cero emisiones aparcan gratuitamente sin l\u00edmite temporal. Los coches sin etiqueta no pueden aparcar fuera de su barrio.\u00a0El horario es de 9:00 a 21:00 horas de lunes a viernes y s\u00e1bados de 9:00 a 15:00. En agosto y los d\u00edas 24 y 31 de diciembre el horario termina a las 15:00.\u00a0Los domingos y festivos el servicio no est\u00e1 activo y, por tanto, se puede aparcar sin l\u00edmite de tiempo y totalmente gratis.\u00a0<\/p>\n<p>     En Xataka<\/p>\n<p>    Gu\u00eda para saber si tu coche podr\u00e1 circular por las ZBE de Madrid en 2026: etiquetas, empadronados y zonas<\/p>\n<p>\u00bfQu\u00e9 se ha aprobado? El pasado 24 de marzo, el Pleno del Ayuntamiento de Madrid aprob\u00f3 algunas modificaciones en la Ordenanza de Movilidad de la ciudad. En ella ha quedado reflejada que los veh\u00edculos sin etiqueta (distintivo A de la DGT) podr\u00e1n circular por sus calles (el plan inicial pasaba por prohibir su circulaci\u00f3n ya en 2025) y algunos cambios en las zonas SER de Madrid.\u00a0<br \/>\nEstos cambios dificultar\u00e1n el estacionamiento en las calles de la capital ya que el servicio SER se extender\u00e1 a nuevos barrios en los pr\u00f3ximos a\u00f1os y se abre la puerta a que el horario tambi\u00e9n se extienda, incluidos s\u00e1bados y domingos.\u00a0<br \/>\nSeg\u00fan el Ayuntamiento de Madrid, \"la iniciativa responde a la necesidad de garantizar la disponibilidad de aparcamiento para residentes en barrios que concentran una intensa actividad comercial, cultural, deportiva, tur\u00edstica y de ocio, provocando una alta afluencia de visitantes. Con la extensi\u00f3n del \u00c1rea de Estacionamiento Regulado (AER), tal y como establece el art\u00edculo 49.1 de la vigente OMS, se pretende equilibrar la disponibilidad de estacionamiento para residentes con la necesaria rotaci\u00f3n en la v\u00eda p\u00fablica\".\u00a0<\/p>\n<p>     En Xataka<\/p>\n<p>    Hay una guerra por el espacio p\u00fablico en las ciudades. Y su pr\u00f3xima v\u00edctima son los aparcamientos<\/p>\n<p>M\u00e1s barrios. Los cambios en el texto normativo no confirma la extensi\u00f3n de la zona SER a m\u00e1s barrios pero s\u00ed abre esta posibilidad \"siempre que lo requieran los vecinos\", en palabras del consistorio. En total, si los proyectos van saliendo adelante, el servicio se extender\u00eda a 18 nuevos barrios repartidos por seis distritos. Aseguran sus responsable que se crear\u00edan 51.819 plazas de aparcamiento a repartir entre los distritos de Fuencarral-El Pardo, Latina, Carabanchel, Usera, Ciudad Lineal y Puente de Vallecas.<br \/>\nPara poder ampliar el servicio SER, ser\u00e1 necesario contar con el acuerdo en la junta de distrito que tomar\u00e1 la decisi\u00f3n tras la consulta a vecinos y asociaciones. El calendario pasa por las siguientes ampliaciones:\u00a0<br \/>\nAntes del 31 de diciembre de 2029: barrios de Pe\u00f1agrande (Fuencarral-El Pardo), Valdezarza (Moncloa-Aravaca), Opa\u00f1el y San Isidro (Carabanchel), y Costillares (Ciudad Lineal).Antes del 31 de diciembre de 2035: Valverde (Fuencarral-El Pardo) Lucero, Aluche, Los C\u00e1rmenes y Puerta del \u00c1ngel (Latina) Puerta Bonita, Abrantes, San Isidro, Opa\u00f1el y Vista Alegre (Carabanchel) Zof\u00edo y Orcasur (Usera) Pueblo Nuevo, Quintana, Concepci\u00f3n (Ciudad Lineal) y San Diego, Palomeras Bajas y Numancia (Puente de Vallecas)<br \/>\nLa gran excepci\u00f3n ser\u00e1 Moratalaz cuyo concejal ha conseguido que se apruebe una enmienda para que el servicio SER no pueda extenderse a este barrio.\u00a0<\/p>\n<p>M\u00e1s tiempo. Pero, adem\u00e1s de que el pago por el estacionamiento se extender\u00e1 a m\u00e1s barrios si las juntas de distrito as\u00ed lo aprueban, tambi\u00e9n ser\u00e1 posible extender el n\u00famero de horas en el que este servicio est\u00e9 activo.\u00a0<\/p>\n<p>Entre las modificaciones, se ha incluido la posibilidad de que en d\u00edas que se prev\u00e9 una alta demanda de aparcamiento o en momentos puntuales, la Junta de Gobierno del distrito podr\u00e1 ampliar el horario m\u00e1s all\u00e1 de las 21:00 de lunes a viernes y de las 15:00 horas los domingos. Incluso podr\u00e1n activar este sistema de estacionamiento regulado en domingos y festivos.\u00a0<\/p>\n<p>Desde el Ayuntamiento de Madrid se\u00f1alan que estas ampliaciones tendr\u00e1n car\u00e1cter puntual y no podr\u00e1n extenderse \"de forma fija\". Se tendr\u00e1n que dar, por tanto, \"situaciones especiales que requieran ampliaci\u00f3n temporal\". Sin embargo, no se refleja un l\u00edmite de ocasiones en las que se podr\u00e1 aplicar este nuevo protocolo.\u00a0<\/p>\n<p>Foto |\u00a0Ayuntamiento de Madrid y Quique Olivar<\/p>\n<p>En Xataka |\u00a0El secreto del barrio peatonal perfecto tiene m\u00e1s de medio siglo y se esconde detr\u00e1s de una palabra: Woonerf<\/p>\n<p>                 &#8211;  La noticia<\/p>\n<p>        Madrid tiene una amenaza para sus conductores: ampliar la zona SER a los domingos y m\u00e1s all\u00e1 de las 9 de la noche <\/p>\n<p>      fue publicada originalmente en<\/p>\n<p>        Xataka <\/p>\n<p>             por<br \/>\n        Alberto de la Torre<\/p>\n<p>      .\u00a0\u00a0\u00a0<\/p>\n","protected":false},"excerpt":{"rendered":"<p>Aparcar en las calles de Madrid ser\u00e1 m\u00e1s complicado y m\u00e1s caro. Es lo que se deduce de las modificaciones introducidas en la Ordenanza de Movilidad Sostenible, que regula el tr\u00e1fico en la ciudad. Con los \u00faltimos cambios, el equipo de Gobierno de la ciudad ha aprobado la extensi\u00f3n de los servicios de estacionamiento regulado [&hellip;]<\/p>\n","protected":false},"author":1,"featured_media":9267,"comment_status":"open","ping_status":"open","sticky":false,"template":"","format":"standard","meta":{"amp_status":"","footnotes":""},"categories":[6],"tags":[],"class_list":["post-9266","post","type-post","status-publish","format-standard","has-post-thumbnail","hentry","category-ciencia-y-tecnologia"],"_links":{"self":[{"href":"https:\/\/ermdigital.com\/index.php\/wp-json\/wp\/v2\/posts\/9266","targetHints":{"allow":["GET"]}}],"collection":[{"href":"https:\/\/ermdigital.com\/index.php\/wp-json\/wp\/v2\/posts"}],"about":[{"href":"https:\/\/ermdigital.com\/index.php\/wp-json\/wp\/v2\/types\/post"}],"author":[{"embeddable":true,"href":"https:\/\/ermdigital.com\/index.php\/wp-json\/wp\/v2\/users\/1"}],"replies":[{"embeddable":true,"href":"https:\/\/ermdigital.com\/index.php\/wp-json\/wp\/v2\/comments?post=9266"}],"version-history":[{"count":0,"href":"https:\/\/ermdigital.com\/index.php\/wp-json\/wp\/v2\/posts\/9266\/revisions"}],"wp:featuredmedia":[{"embeddable":true,"href":"https:\/\/ermdigital.com\/index.php\/wp-json\/wp\/v2\/media\/9267"}],"wp:attachment":[{"href":"https:\/\/ermdigital.com\/index.php\/wp-json\/wp\/v2\/media?parent=9266"}],"wp:term":[{"taxonomy":"category","embeddable":true,"href":"https:\/\/ermdigital.com\/index.php\/wp-json\/wp\/v2\/categories?post=9266"},{"taxonomy":"post_tag","embeddable":true,"href":"https:\/\/ermdigital.com\/index.php\/wp-json\/wp\/v2\/tags?post=9266"}],"curies":[{"name":"wp","href":"https:\/\/api.w.org\/{rel}","templated":true}]}}