{"id":9178,"date":"2026-03-30T12:55:00","date_gmt":"2026-03-30T16:55:00","guid":{"rendered":"https:\/\/ermdigital.com\/index.php\/2026\/03\/30\/un-astronauta-de-la-nasa-perdio-el-habla-en-el-espacio-y-los-medicos-no-saben-por-que\/"},"modified":"2026-03-30T12:55:00","modified_gmt":"2026-03-30T16:55:00","slug":"un-astronauta-de-la-nasa-perdio-el-habla-en-el-espacio-y-los-medicos-no-saben-por-que","status":"publish","type":"post","link":"https:\/\/ermdigital.com\/index.php\/2026\/03\/30\/un-astronauta-de-la-nasa-perdio-el-habla-en-el-espacio-y-los-medicos-no-saben-por-que\/","title":{"rendered":"Un astronauta de la NASA perdi\u00f3 el habla en el espacio y los m\u00e9dicos no saben por qu\u00e9"},"content":{"rendered":"<p>A principios de este a\u00f1o, la <a class=\"internal-link\" href=\"https:\/\/www.dw.com\/es\/nasa\/t-17409526\">NASA<\/a> llev\u00f3 a cabo la primera evacuaci\u00f3n m\u00e9dica en los 25 a\u00f1os de historia de la <a class=\"internal-link\" href=\"https:\/\/www.dw.com\/es\/estaci%C3%B3n-espacial-internacional\/t-62605163\">Estaci\u00f3n Espacial Internacional<\/a> (EEI).<\/p>\n<p><a class=\"internal-link\" href=\"https:\/\/www.dw.com\/es\/la-nasa-rompe-el-silencio-sobre-la-misteriosa-evacuaci%C3%B3n-m%C3%A9dica-espacial\/a-76137847\">El astronauta involucrado<\/a> fue Mike Fincke, un coronel retirado de la Fuerza A\u00e9rea de 59 a\u00f1os que ha viajado al espacio cuatro veces.<\/p>\n<p>Ahora, Fincke revel\u00f3 qu\u00e9 le ocurri\u00f3: perdi\u00f3 el habla de forma repentina, y el motivo de este malestar sigue siendo un misterio para los m\u00e9dicos.<\/p>\n<h2><strong>P\u00e9rdida del habla previo a caminata espacial<\/strong><\/h2>\n<p>El incidente ocurri\u00f3 el 7 de enero, mientras Fincke cenaba, la noche previa a una caminata espacial programada. De repente, no pod\u00eda hablar. No recuerda haber sentido dolor. El episodio dur\u00f3 aproximadamente 20 minutos y despu\u00e9s se sinti\u00f3 bien.<\/p>\n<p>\"Fue completamente inesperado. Algo asombrosamente r\u00e1pido\", cuenta Fincke, que llevaba poco m\u00e1s de cinco meses y medio en la EEI.<\/p>\n<figure class=\"placeholder-image master_landscape big\"><img decoding=\"async\" data-format=\"MASTER_LANDSCAPE\" data-id=\"75474621\" data-url=\"https:\/\/static.dw.com\/image\/75474621_$formatId.jpg\" data-aspect-ratio=\"16\/9\" alt=\"Misi\u00f3n de la NASA Crew-11.\" src=\"image\/gif;base64,R0lGODlhAQABAAAAACH5BAEKAAEALAAAAAABAAEAAAICTAEAOw==\" \/><figcaption class=\"img-caption\">La misi\u00f3n Crew-11 de la NASA tuvo que regresar antes a la Tierra por el problema m\u00e9dico de Fincke.<small class=\"copyright\">Imagen: Robert Markowitz\/NASA<\/small><\/figcaption><\/figure>\n<p>Sus compa\u00f1eros de tripulaci\u00f3n, al verlo en dificultades, reaccionaron de inmediato y solicitaron ayuda m\u00e9dica a la Tierra. El equipo de ultrasonido de la estaci\u00f3n result\u00f3 \u00fatil durante el episodio.<\/p>\n<p>\"Mis compa\u00f1eros \u2013que se pusieron alrededor de m\u00ed\u2013 definitivamente vieron que estaba en dificultades. Fue todo manos a la obra en cuesti\u00f3n de segundos\", explica el astronauta.<\/p>\n<h2><strong>Algo extra\u00f1o relacionado con el espacio<\/strong><\/h2>\n<p>Los m\u00e9dicos han descartado un infarto o un derrame cerebral, y Fincke aclar\u00f3 que no se estaba atragantando. Tras haber regresado a la Tierra, asegura que se sigue sintiendo bien.<\/p>\n<p>\"Los m\u00e9dicos siguen sin entenderlo. Estamos casi\u00a0100 % seguros de que se trata de algo relacionado con el espacio\", se\u00f1ala al medio <em>NBC News<\/em>.<\/p>\n<p>Desde su retorno a\u00a0la Tierra, Fincke se ha sometido a numerosas pruebas. La NASA, por su parte, revisa los historiales m\u00e9dicos de otros astronautas para detectar casos similares.<\/p>\n<h2><strong>Fin de la misi\u00f3n y regreso anticipado<\/strong><\/h2>\n<p>SpaceX trajo de vuelta a Fincke y a sus tres compa\u00f1eros \u2014Zena Cardman (NASA), Kimiya Yui (JAXA) y Oleg Platonov (Roscosmos)\u2014 el 15 de enero, con m\u00e1s de un mes de anticipaci\u00f3n. Al llegar, fueron directamente al hospital.<\/p>\n<p>Fincke no puede revelar m\u00e1s detalles de su episodio m\u00e9dico: la NASA quiere proteger la privacidad de sus astronautas para que otros no duden en reportar problemas de salud si los tienen.<\/p>\n<h2><strong>Sigue cargando con la culpa<\/strong><\/h2>\n<p>Fincke reconoce sentir peso emocional del regreso forzado. La caminata espacial cancelada habr\u00eda sido la d\u00e9cima para \u00e9l, pero la primera para Cardman.<\/p>\n<p>\"A\u00fan nos quedaba un mes m\u00e1s. Hace tiempo que siento que les he fallado a mis amigos\", se\u00f1ala.<\/p>\n<p>Fue el nuevo administrador de la NASA, Jared Isaacman, quien lo liber\u00f3 de esa carga al ordenarle que dejara de disculparse: \"Esto no fue culpa tuya. Fue el espacio, \u00bfno? No le fallaste a nadie\".<\/p>\n<figure class=\"placeholder-image master_landscape big\"><img decoding=\"async\" data-format=\"MASTER_LANDSCAPE\" data-id=\"75510929\" data-url=\"https:\/\/static.dw.com\/image\/75510929_$formatId.jpg\" data-aspect-ratio=\"16\/9\" alt=\"Crew-11 en el espacio.\" src=\"image\/gif;base64,R0lGODlhAQABAAAAACH5BAEKAAEALAAAAAABAAEAAAICTAEAOw==\" \/><figcaption class=\"img-caption\">Los m\u00e9dicos a\u00fan no encuentran una explicaci\u00f3n para el malestar de Fincke, que fue ayudado por sus colegas r\u00e1pidamente.<small class=\"copyright\">Imagen: NASA\/AP Photo\/picture alliance<\/small><\/figcaption><\/figure>\n<h2><strong>Una advertencia para futuras misiones espaciales<\/strong><\/h2>\n<p>El caso pone de relieve uno de los mayores riesgos de los viajes espaciales: la necesidad de contar con sistemas m\u00e9dicos robustos, especialmente en misiones m\u00e1s largas y lejanas.<\/p>\n<p>La NASA se prepara actualmente <a class=\"internal-link\" href=\"https:\/\/www.dw.com\/es\/estos-cuatro-astronautas-llevar%C3%A1n-de-nuevo-a-la-humanidad-alrededor-de-la-luna\/a-75773343\">para la misi\u00f3n Artemis II<\/a>, que busca enviar a cuatro astronautas durante 10 d\u00edas alrededor de la Luna, aunque <a class=\"internal-link\" href=\"https:\/\/www.dw.com\/es\/la-nasa-vuelve-a-postergar-misi%C3%B3n-de-astronautas-a-la-luna\/a-76075868\">ha acumulado varios retrasos<\/a> por razones de seguridad.<\/p>\n<p>Fincke, optimista como dice haber sido siempre, mantiene la esperanza de regresar al espacio alg\u00fan d\u00eda.<\/p>\n<p>\"He tenido mucha suerte de gozar de una salud excelente. Por eso, esto fue muy sorprendente para todos\", concluye Fincke.<\/p>\n<p>\u00a0<\/p>\n","protected":false},"excerpt":{"rendered":"<p>A principios de este a\u00f1o, la NASA llev\u00f3 a cabo la primera evacuaci\u00f3n m\u00e9dica en los 25 a\u00f1os de historia de la Estaci\u00f3n Espacial Internacional (EEI). El astronauta involucrado fue Mike Fincke, un coronel retirado de la Fuerza A\u00e9rea de 59 a\u00f1os que ha viajado al espacio cuatro veces. Ahora, Fincke revel\u00f3 qu\u00e9 le ocurri\u00f3: [&hellip;]<\/p>\n","protected":false},"author":1,"featured_media":9179,"comment_status":"open","ping_status":"open","sticky":false,"template":"","format":"standard","meta":{"amp_status":"","footnotes":""},"categories":[6],"tags":[],"class_list":["post-9178","post","type-post","status-publish","format-standard","has-post-thumbnail","hentry","category-ciencia-y-tecnologia"],"_links":{"self":[{"href":"https:\/\/ermdigital.com\/index.php\/wp-json\/wp\/v2\/posts\/9178","targetHints":{"allow":["GET"]}}],"collection":[{"href":"https:\/\/ermdigital.com\/index.php\/wp-json\/wp\/v2\/posts"}],"about":[{"href":"https:\/\/ermdigital.com\/index.php\/wp-json\/wp\/v2\/types\/post"}],"author":[{"embeddable":true,"href":"https:\/\/ermdigital.com\/index.php\/wp-json\/wp\/v2\/users\/1"}],"replies":[{"embeddable":true,"href":"https:\/\/ermdigital.com\/index.php\/wp-json\/wp\/v2\/comments?post=9178"}],"version-history":[{"count":0,"href":"https:\/\/ermdigital.com\/index.php\/wp-json\/wp\/v2\/posts\/9178\/revisions"}],"wp:featuredmedia":[{"embeddable":true,"href":"https:\/\/ermdigital.com\/index.php\/wp-json\/wp\/v2\/media\/9179"}],"wp:attachment":[{"href":"https:\/\/ermdigital.com\/index.php\/wp-json\/wp\/v2\/media?parent=9178"}],"wp:term":[{"taxonomy":"category","embeddable":true,"href":"https:\/\/ermdigital.com\/index.php\/wp-json\/wp\/v2\/categories?post=9178"},{"taxonomy":"post_tag","embeddable":true,"href":"https:\/\/ermdigital.com\/index.php\/wp-json\/wp\/v2\/tags?post=9178"}],"curies":[{"name":"wp","href":"https:\/\/api.w.org\/{rel}","templated":true}]}}