{"id":9170,"date":"2026-03-30T12:46:38","date_gmt":"2026-03-30T16:46:38","guid":{"rendered":"https:\/\/ermdigital.com\/index.php\/2026\/03\/30\/espana-llevaba-anos-llorando-cada-semana-santa-por-culpa-de-las-lluvias-aemet-apunta-este-ano-a-lo-contrario\/"},"modified":"2026-03-30T12:46:38","modified_gmt":"2026-03-30T16:46:38","slug":"espana-llevaba-anos-llorando-cada-semana-santa-por-culpa-de-las-lluvias-aemet-apunta-este-ano-a-lo-contrario","status":"publish","type":"post","link":"https:\/\/ermdigital.com\/index.php\/2026\/03\/30\/espana-llevaba-anos-llorando-cada-semana-santa-por-culpa-de-las-lluvias-aemet-apunta-este-ano-a-lo-contrario\/","title":{"rendered":"Espa\u00f1a llevaba a\u00f1os \"llorando\" cada Semana Santa por culpa de las lluvias: AEMET apunta este a\u00f1o a lo contrario"},"content":{"rendered":"<p>\n      <img decoding=\"async\" src=\"https:\/\/i.blogs.es\/ca7d69\/ecmwf_t850_eu_63\/1024_2000.png\" alt='Espa\u00f1a llevaba a\u00f1os \"llorando\" cada Semana Santa por culpa de las lluvias: AEMET apunta este a\u00f1o a lo contrario'>\n    <\/p>\n<p>Ya estamos en Semana Santa y la pregunta que se hacen mucho durante todos los d\u00edas santos es la misma: \u00bfva a llover? Y no es para menos, porque pr\u00e1cticamente cada a\u00f1o en Semana Santa hay alg\u00fan d\u00eda que es bastante malo y obliga a suspender las tan queridas procesiones, ocasionando escenas tristes de personas llorando por no ver a la imagen a la que tiene devoci\u00f3n o por no poder lucir el trabajo de todo un a\u00f1o.<\/p>\n<p><!-- BREAK 1 --><\/p>\n<p><strong>Un a\u00f1o excepcional. <\/strong>Pero <a rel=\"noopener, noreferrer\" href=\"https:\/\/elpais.com\/espana\/2026-03-30\/que-tiempo-hara-en-semana-santa.html\">este a\u00f1o<\/a> esto parece que no va a ser as\u00ed, puesto que, tras las l\u00f3gicas dudas de las semanas previas, <a rel=\"noopener, noreferrer\" href=\"https:\/\/x.com\/AEMET_Esp\/status\/2038299472875114575\">la\u00a0<\/a><a rel=\"noopener, noreferrer\" href=\"https:\/\/x.com\/AEMET_Esp\/status\/2038299472875114575\">AEMET<\/a><a rel=\"noopener, noreferrer\" href=\"https:\/\/x.com\/AEMET_Esp\/status\/2038299472875114575\">\u00a0ha confirmado<\/a> que la estabilidad climatol\u00f3gica ser\u00e1 la norma en esta Semana Santa.\u00a0<\/p>\n<p><!-- BREAK 2 --><\/p>\n<div class=\"article-asset article-asset-normal article-asset-center\">\n<div class=\"desvio-container\">\n<div class=\"desvio\">\n<div class=\"desvio-figure js-desvio-figure\">\n    <a href=\"https:\/\/www.xataka.com\/ecologia-y-naturaleza\/lluvia-ha-transformado-desierto-seco-planeta-mar-flores-espectaculo-para-vista-problema-para-expertos\" class=\"pivot-outboundlink\" data-vars-post-title=\"La lluvia ha transformado el desierto m\u00e1s seco del planeta en un mar de flores. Es un espect\u00e1culo para la vista y un problema para los expertos \"><br \/>\n     <img loading=\"lazy\" decoding=\"async\" alt=\"La lluvia ha transformado el desierto m\u00e1s seco del planeta en un mar de flores. Es un espect\u00e1culo para la vista y un problema para los expertos \" width=\"375\" height=\"142\" src=\"https:\/\/i.blogs.es\/fd8cea\/desierto_florido\/375_142.jpeg\"><br \/>\n    <\/a>\n   <\/div>\n<div class=\"desvio-summary\">\n<div class=\"desvio-taxonomy js-desvio-taxonomy\">\n     <a href=\"https:\/\/www.xataka.com\/ecologia-y-naturaleza\/lluvia-ha-transformado-desierto-seco-planeta-mar-flores-espectaculo-para-vista-problema-para-expertos\" class=\"desvio-taxonomy-anchor pivot-outboundlink\" data-vars-post-title=\"La lluvia ha transformado el desierto m\u00e1s seco del planeta en un mar de flores. Es un espect\u00e1culo para la vista y un problema para los expertos \">En Xataka<\/a>\n    <\/div>\n<p>    <a href=\"https:\/\/www.xataka.com\/ecologia-y-naturaleza\/lluvia-ha-transformado-desierto-seco-planeta-mar-flores-espectaculo-para-vista-problema-para-expertos\" class=\"desvio-title js-desvio-title pivot-outboundlink\" data-vars-post-title=\"La lluvia ha transformado el desierto m\u00e1s seco del planeta en un mar de flores. Es un espect\u00e1culo para la vista y un problema para los expertos \">La lluvia ha transformado el desierto m\u00e1s seco del planeta en un mar de flores. Es un espect\u00e1culo para la vista y un problema para los expertos <\/a>\n   <\/div>\n<\/p><\/div>\n<\/p><\/div>\n<\/div>\n<p><strong>El sol como norma. <\/strong>La nota dominante de esta Semana Santa va a ser la recuperaci\u00f3n t\u00e9rmica, haciendo que los frentes fr\u00edos queden atr\u00e1s y las temperaturas m\u00e1ximas vuelvan a experimentar <a rel=\"noopener, noreferrer\" href=\"https:\/\/x.com\/AEMET_Esp\/status\/2038299472875114575\">un ascenso generalizado<\/a> en la mayor parte del pa\u00eds, dej\u00e1ndonos un ambiente plenamente primaveral.<\/p>\n<p><!-- BREAK 3 --><\/p>\n<p>En el caso de las regiones de Andaluc\u00eda y el Levante, van a estar de enhorabuena al ser m\u00e1s beneficiosas de este ascenso, haciendo que los term\u00f3metros se sit\u00faen en unos muy agradables 20-25 \u00baC. En el caso del centro y norte peninsular, tambi\u00e9n van a ver un tiempo apacible, movi\u00e9ndose en una horquilla de entre 15 y 20 \u00baC.\u00a0<\/p>\n<p><!-- BREAK 4 --><\/p>\n<div class=\"article-asset-video article-asset-normal\">\n<div class=\"asset-content\">\n<div class=\"base-asset-video\">\n<div class=\"js-dailymotion\"><\/div>\n<\/p><\/div>\n<\/p><\/div>\n<\/div>\n<p><strong>Hay letra peque\u00f1a. <\/strong>Que hablemos de estabilidad general no significa que todo el pa\u00eds vaya a tener cielos despejados. Como es habitual cuando dominan los anticiclones atl\u00e1nticos, el extremo norte y algunas zonas del Mediterr\u00e1neo se llevar\u00e1n la peor parte, aunque sin grandes temporales a la vista que est\u00e1n reducidos pr\u00e1cticamente a una probabilidad nula.\u00a0<\/p>\n<p><!-- BREAK 5 --><\/p>\n<p>De esta manera, la AEMET mantiene activos avisos en zonas como el Ampurd\u00e1n y Baleares debido a fuertes vientos de componente norte, que alterar\u00e1n la situaci\u00f3n mar\u00edtima. Algo que ya ha dejado como consecuencia el cierre del principal puerto de Menorca.\u00a0<\/p>\n<p><strong>Alguna excepci\u00f3n. <\/strong>Hasta el Jueves Santo, el mapa del tiempo nos dejar\u00e1 algunas precipitaciones d\u00e9biles en la cornisa cant\u00e1brica, y adem\u00e1s se podr\u00edan dar chubascos dispersos en las Islas Baleares y el sureste peninsular. Adem\u00e1s, el fr\u00edo intenso queda relegado a las monta\u00f1as, haciendo que solo se esperen heladas d\u00e9biles y algunas nevadas ligeras, pero en cotas superiores a los 1.500 metros, afectando a los Pirineos y el Sistema Ib\u00e9rico.\u00a0<\/p>\n<p><!-- BREAK 6 --><\/p>\n<div class=\"article-asset article-asset-normal article-asset-center\">\n<div class=\"desvio-container\">\n<div class=\"desvio\">\n<div class=\"desvio-figure js-desvio-figure\">\n    <a href=\"https:\/\/www.xataka.com\/ecologia-y-naturaleza\/buena-noticia-que-embalses-ebro-estan-historico-85-agua-mala-que-nos-vamos-a-gastar-poco-tiempo\" class=\"pivot-outboundlink\" data-vars-post-title=\"Hac\u00eda mucho tiempo que los embalses del Ebro no superaban el 85%: el problema es que eso es un caramelo muy goloso\"><br \/>\n     <img loading=\"lazy\" decoding=\"async\" alt=\"Hac\u00eda mucho tiempo que los embalses del Ebro no superaban el 85%: el problema es que eso es un caramelo muy goloso\" width=\"375\" height=\"142\" src=\"https:\/\/i.blogs.es\/a791f9\/mwquinenza12\/375_142.jpeg\"><br \/>\n    <\/a>\n   <\/div>\n<div class=\"desvio-summary\">\n<div class=\"desvio-taxonomy js-desvio-taxonomy\">\n     <a href=\"https:\/\/www.xataka.com\/ecologia-y-naturaleza\/buena-noticia-que-embalses-ebro-estan-historico-85-agua-mala-que-nos-vamos-a-gastar-poco-tiempo\" class=\"desvio-taxonomy-anchor pivot-outboundlink\" data-vars-post-title=\"Hac\u00eda mucho tiempo que los embalses del Ebro no superaban el 85%: el problema es que eso es un caramelo muy goloso\">En Xataka<\/a>\n    <\/div>\n<p>    <a href=\"https:\/\/www.xataka.com\/ecologia-y-naturaleza\/buena-noticia-que-embalses-ebro-estan-historico-85-agua-mala-que-nos-vamos-a-gastar-poco-tiempo\" class=\"desvio-title js-desvio-title pivot-outboundlink\" data-vars-post-title=\"Hac\u00eda mucho tiempo que los embalses del Ebro no superaban el 85%: el problema es que eso es un caramelo muy goloso\">Hac\u00eda mucho tiempo que los embalses del Ebro no superaban el 85%: el problema es que eso es un caramelo muy goloso<\/a>\n   <\/div>\n<\/p><\/div>\n<\/p><\/div>\n<\/div>\n<p><strong>Al final de la semana. <\/strong>Por desgracia, la meteorolog\u00eda no se lleva muy bien con las planificaciones a largo plazo. Esto hace que ahora mismo, para los d\u00edas 4 y 5 de abril, los modelos predictivos apunten a una posible inestabilidad que insin\u00fae alguna lluvia en el oeste y el sur peninsular, pero ni de lejos algo generalizado en una amplia zona de la regi\u00f3n.\u00a0<\/p>\n<p><!-- BREAK 7 --><\/p>\n<p>Pero la idea a priori que debemos tener es que el sol va a imperar en buena parte de la pen\u00ednsula, y har\u00e1 que todos los devotos puedan disfrutar de una buena Semana Santa.\u00a0<\/p>\n<p>En Xataka | <a class=\"text-outboundlink\" href=\"https:\/\/www.xataka.com\/investigacion\/predecir-sequia-seis-meses-antelacion-era-utopia-upv-ha-logrado-sistema-que-usa-ia\" data-vars-post-title=\"La Universidad Polit\u00e9cnica de Valencia ha cumplido el sue\u00f1o milenario de los agricultores: predecir la sequ\u00eda\" data-vars-post-url=\"https:\/\/www.xataka.com\/investigacion\/predecir-sequia-seis-meses-antelacion-era-utopia-upv-ha-logrado-sistema-que-usa-ia\">La Universidad Polit\u00e9cnica de Valencia ha cumplido el sue\u00f1o milenario de los agricultores: predecir la sequ\u00eda<\/a><\/p>\n<p> &#8211; <br \/> La noticia<br \/>\n      <a href=\"https:\/\/www.xataka.com\/ecologia-y-naturaleza\/se-habia-convertido-algo-normal-llorar-semana-santa-tiempo-este-ano-sera-raro?utm_source=feedburner&amp;utm_medium=feed&amp;utm_campaign=30_Mar_2026\"><br \/>\n       <em> Espa\u00f1a llevaba a\u00f1os \"llorando\" cada Semana Santa por culpa de las lluvias: AEMET apunta este a\u00f1o a lo contrario <\/em><br \/>\n      <\/a><br \/>\n      fue publicada originalmente en<br \/>\n      <a href=\"https:\/\/www.xataka.com\/?utm_source=feedburner&amp;utm_medium=feed&amp;utm_campaign=30_Mar_2026\"><br \/>\n       <strong> Xataka <\/strong><br \/>\n      <\/a><br \/>\n             por <a href=\"https:\/\/www.xataka.com\/autor\/jose-a-lizana?utm_source=feedburner&amp;utm_medium=feed&amp;utm_campaign=30_Mar_2026\"><br \/>\n        Jos\u00e9 A. Lizana<br \/>\n       <\/a><br \/>\n      . <\/p>\n<p>\u00a0Ya estamos en Semana Santa y la pregunta que se hacen mucho durante todos los d\u00edas santos es la misma: \u00bfva a llover? Y no es para menos, porque pr\u00e1cticamente cada a\u00f1o en Semana Santa hay alg\u00fan d\u00eda que es bastante malo y obliga a suspender las tan queridas procesiones, ocasionando escenas tristes de personas llorando por no ver a la imagen a la que tiene devoci\u00f3n o por no poder lucir el trabajo de todo un a\u00f1o.<\/p>\n<p>Un a\u00f1o excepcional. Pero este a\u00f1o esto parece que no va a ser as\u00ed, puesto que, tras las l\u00f3gicas dudas de las semanas previas, la\u00a0AEMET\u00a0ha confirmado que la estabilidad climatol\u00f3gica ser\u00e1 la norma en esta Semana Santa.\u00a0<\/p>\n<p>     En Xataka<\/p>\n<p>    La lluvia ha transformado el desierto m\u00e1s seco del planeta en un mar de flores. Es un espect\u00e1culo para la vista y un problema para los expertos <\/p>\n<p>El sol como norma. La nota dominante de esta Semana Santa va a ser la recuperaci\u00f3n t\u00e9rmica, haciendo que los frentes fr\u00edos queden atr\u00e1s y las temperaturas m\u00e1ximas vuelvan a experimentar un ascenso generalizado en la mayor parte del pa\u00eds, dej\u00e1ndonos un ambiente plenamente primaveral.<\/p>\n<p>En el caso de las regiones de Andaluc\u00eda y el Levante, van a estar de enhorabuena al ser m\u00e1s beneficiosas de este ascenso, haciendo que los term\u00f3metros se sit\u00faen en unos muy agradables 20-25 \u00baC. En el caso del centro y norte peninsular, tambi\u00e9n van a ver un tiempo apacible, movi\u00e9ndose en una horquilla de entre 15 y 20 \u00baC.\u00a0<\/p>\n<p>Hay letra peque\u00f1a. Que hablemos de estabilidad general no significa que todo el pa\u00eds vaya a tener cielos despejados. Como es habitual cuando dominan los anticiclones atl\u00e1nticos, el extremo norte y algunas zonas del Mediterr\u00e1neo se llevar\u00e1n la peor parte, aunque sin grandes temporales a la vista que est\u00e1n reducidos pr\u00e1cticamente a una probabilidad nula.\u00a0<br \/>\nDe esta manera, la AEMET mantiene activos avisos en zonas como el Ampurd\u00e1n y Baleares debido a fuertes vientos de componente norte, que alterar\u00e1n la situaci\u00f3n mar\u00edtima. Algo que ya ha dejado como consecuencia el cierre del principal puerto de Menorca.\u00a0<br \/>\nAlguna excepci\u00f3n. Hasta el Jueves Santo, el mapa del tiempo nos dejar\u00e1 algunas precipitaciones d\u00e9biles en la cornisa cant\u00e1brica, y adem\u00e1s se podr\u00edan dar chubascos dispersos en las Islas Baleares y el sureste peninsular. Adem\u00e1s, el fr\u00edo intenso queda relegado a las monta\u00f1as, haciendo que solo se esperen heladas d\u00e9biles y algunas nevadas ligeras, pero en cotas superiores a los 1.500 metros, afectando a los Pirineos y el Sistema Ib\u00e9rico.\u00a0<\/p>\n<p>     En Xataka<\/p>\n<p>    Hac\u00eda mucho tiempo que los embalses del Ebro no superaban el 85%: el problema es que eso es un caramelo muy goloso<\/p>\n<p>Al final de la semana. Por desgracia, la meteorolog\u00eda no se lleva muy bien con las planificaciones a largo plazo. Esto hace que ahora mismo, para los d\u00edas 4 y 5 de abril, los modelos predictivos apunten a una posible inestabilidad que insin\u00fae alguna lluvia en el oeste y el sur peninsular, pero ni de lejos algo generalizado en una amplia zona de la regi\u00f3n.\u00a0<br \/>\nPero la idea a priori que debemos tener es que el sol va a imperar en buena parte de la pen\u00ednsula, y har\u00e1 que todos los devotos puedan disfrutar de una buena Semana Santa.\u00a0<br \/>\nEn Xataka | La Universidad Polit\u00e9cnica de Valencia ha cumplido el sue\u00f1o milenario de los agricultores: predecir la sequ\u00eda<\/p>\n<p>                 &#8211;  La noticia<\/p>\n<p>        Espa\u00f1a llevaba a\u00f1os \"llorando\" cada Semana Santa por culpa de las lluvias: AEMET apunta este a\u00f1o a lo contrario <\/p>\n<p>      fue publicada originalmente en<\/p>\n<p>        Xataka <\/p>\n<p>             por<br \/>\n        Jos\u00e9 A. Lizana<\/p>\n<p>      .\u00a0\u00a0\u00a0<\/p>\n","protected":false},"excerpt":{"rendered":"<p>Ya estamos en Semana Santa y la pregunta que se hacen mucho durante todos los d\u00edas santos es la misma: \u00bfva a llover? Y no es para menos, porque pr\u00e1cticamente cada a\u00f1o en Semana Santa hay alg\u00fan d\u00eda que es bastante malo y obliga a suspender las tan queridas procesiones, ocasionando escenas tristes de personas [&hellip;]<\/p>\n","protected":false},"author":1,"featured_media":9171,"comment_status":"open","ping_status":"open","sticky":false,"template":"","format":"standard","meta":{"amp_status":"","footnotes":""},"categories":[6],"tags":[],"class_list":["post-9170","post","type-post","status-publish","format-standard","has-post-thumbnail","hentry","category-ciencia-y-tecnologia"],"_links":{"self":[{"href":"https:\/\/ermdigital.com\/index.php\/wp-json\/wp\/v2\/posts\/9170","targetHints":{"allow":["GET"]}}],"collection":[{"href":"https:\/\/ermdigital.com\/index.php\/wp-json\/wp\/v2\/posts"}],"about":[{"href":"https:\/\/ermdigital.com\/index.php\/wp-json\/wp\/v2\/types\/post"}],"author":[{"embeddable":true,"href":"https:\/\/ermdigital.com\/index.php\/wp-json\/wp\/v2\/users\/1"}],"replies":[{"embeddable":true,"href":"https:\/\/ermdigital.com\/index.php\/wp-json\/wp\/v2\/comments?post=9170"}],"version-history":[{"count":0,"href":"https:\/\/ermdigital.com\/index.php\/wp-json\/wp\/v2\/posts\/9170\/revisions"}],"wp:featuredmedia":[{"embeddable":true,"href":"https:\/\/ermdigital.com\/index.php\/wp-json\/wp\/v2\/media\/9171"}],"wp:attachment":[{"href":"https:\/\/ermdigital.com\/index.php\/wp-json\/wp\/v2\/media?parent=9170"}],"wp:term":[{"taxonomy":"category","embeddable":true,"href":"https:\/\/ermdigital.com\/index.php\/wp-json\/wp\/v2\/categories?post=9170"},{"taxonomy":"post_tag","embeddable":true,"href":"https:\/\/ermdigital.com\/index.php\/wp-json\/wp\/v2\/tags?post=9170"}],"curies":[{"name":"wp","href":"https:\/\/api.w.org\/{rel}","templated":true}]}}