{"id":9129,"date":"2026-03-30T11:30:38","date_gmt":"2026-03-30T15:30:38","guid":{"rendered":"https:\/\/ermdigital.com\/index.php\/2026\/03\/30\/en-sevilla-la-mercantilizacion-de-la-semana-santa-ha-creado-un-negocio-alquiler-de-balcones-a-9-000-euros\/"},"modified":"2026-03-30T11:30:38","modified_gmt":"2026-03-30T15:30:38","slug":"en-sevilla-la-mercantilizacion-de-la-semana-santa-ha-creado-un-negocio-alquiler-de-balcones-a-9-000-euros","status":"publish","type":"post","link":"https:\/\/ermdigital.com\/index.php\/2026\/03\/30\/en-sevilla-la-mercantilizacion-de-la-semana-santa-ha-creado-un-negocio-alquiler-de-balcones-a-9-000-euros\/","title":{"rendered":"En Sevilla la mercantilizaci\u00f3n de la Semana Santa ha creado un negocio: alquiler de balcones a 9.000 euros"},"content":{"rendered":"<p>\n      <img decoding=\"async\" src=\"https:\/\/i.blogs.es\/5cb057\/13951848855_cec06049eb_k-1-\/1024_2000.jpeg\" alt=\"En Sevilla la mercantilizaci\u00f3n de la Semana Santa ha creado un negocio: alquiler de balcones a 9.000 euros\">\n    <\/p>\n<p>El fervor religioso no se compra con dinero. Los mejores lugares para contemplarlo, s\u00ed. Desde hace un tiempo ocurre algo curioso en Andaluc\u00eda: la Semana Santa llega precedida de un <a rel=\"noopener, noreferrer\" href=\"https:\/\/www.diariodesevilla.es\/semana_santa\/9-000-euros-balcon-sevilla_0_2006284449.html\">chorreo de noticias<\/a> sobre cotizaciones y subidas y bajadas (habitualmente solo subidas) de los precios del alquiler. Las cr\u00f3nicas en cuesti\u00f3n no tienen nada que ver con la vivienda, ni siquiera con las tarifas que cobran los hoteles o Airbnb. Su foco se centra en los balcones de ciudades como Sevilla o M\u00e1laga con las mejores vistas a los pasos religiosos, peque\u00f1os miradores por los que se llega a pagar ya <a rel=\"noopener, noreferrer\" href=\"https:\/\/es.euronews.com\/cultura\/2026\/03\/30\/9000-euros-por-balcon-privilegiado-en-sevilla-precios-desorbitados-semana-santa\">9.000 euros<\/a>.<\/p>\n<p><!-- BREAK 1 --><\/p>\n<p>Hay quien habla de <a rel=\"noopener, noreferrer\" href=\"https:\/\/elpais.com\/espana\/andalucia\/2026-03-27\/la-mercantilizacion-de-la-semana-santa-divide-a-sevilla-balcones-a-9000-euros-y-sillas-a-casi-100.html\">la \"mercantilizaci\u00f3n\"<\/a> de la Pascua.<\/p>\n<p><strong>\u00bfQu\u00e9 ha pasado?<\/strong> Hay noticias que, por m\u00e1s que se repitan a\u00f1o tras a\u00f1o, no dejan de ser eso: noticias. Los balcones del centro de Sevilla o M\u00e1laga son buen ejemplo. Desde <a rel=\"noopener, noreferrer\" href=\"https:\/\/www.antena3.com\/programas\/espejo-publico\/noticias\/asi-mercado-negro-alquiler-balcones-semana-santa-sevilla_20230403642abc3a2f8deb00013471a2.html\">hace tiempo<\/a> los medios venimos contando los precios <a rel=\"noopener, noreferrer\" href=\"https:\/\/www.lavanguardia.com\/cribeo\/viral\/20240313\/9556274\/desorbitado-precio-alquilar-balcon-sevilla-semana-santa-8000-euros-mmn.html\">cada vez m\u00e1s desorbitados<\/a> que se piden en Semana Santa por estos espacios, lugares con vistas privilegiadas a las procesiones religiosas. Lo que s\u00ed resulta curioso (como acaba de comprobarse en Andaluc\u00eda) es que, al igual que ocurre con el alquiler residencial o vacacional, el negocio de las terrazas no toca techo.<\/p>\n<p><!-- BREAK 2 --><\/p>\n<p>En el fondo no es nada sorprendente. Algo similar ocurre con las <a class=\"text-outboundlink\" href=\"https:\/\/www.xataka.com\/magnet\/fallas-han-reactivado-uno-negocios-rentables-ano-valencia-1-000-euros-al-dia-balcon\" data-vars-post-title=\"Se acercan las Fallas y con ellas uno de los negocios m\u00e1s rentables en Valencia: alquilar balcones a 1.000 euros\" data-vars-post-url=\"https:\/\/www.xataka.com\/magnet\/fallas-han-reactivado-uno-negocios-rentables-ano-valencia-1-000-euros-al-dia-balcon\">terrazas de Valencia<\/a> durante las Fallas, las de <a class=\"text-outboundlink\" href=\"https:\/\/www.xataka.com\/magnet\/balcon-1-000-eur-para-ver-cabalgata-reyes-turistificacion-ciudades-espanolas-esta-devorando-a-navidad\" data-vars-post-title=\"En las Navidades turistificadas, quien tiene un balc\u00f3n tiene un tesoro: 1.000 euros por ver las cabalgatas de Reyes\" data-vars-post-url=\"https:\/\/www.xataka.com\/magnet\/balcon-1-000-eur-para-ver-cabalgata-reyes-turistificacion-ciudades-espanolas-esta-devorando-a-navidad\">Vigo en Navidad<\/a> o en <a class=\"text-outboundlink\" href=\"https:\/\/www.xataka.com\/magnet\/athletic-ha-convertido-alquiler-balcones-gran-negocio-bilbao-1-000-euros-vistas-a-gabarra\" data-vars-post-title=\"1.000 euros por un balc\u00f3n en Bilbao y 3.000 por acompa\u00f1ar a la Gabarra: el loco negocio de la celebraci\u00f3n del Athletic\" data-vars-post-url=\"https:\/\/www.xataka.com\/magnet\/athletic-ha-convertido-alquiler-balcones-gran-negocio-bilbao-1-000-euros-vistas-a-gabarra\">otras ciudades<\/a> espa\u00f1olas cuando se organizan festejos en la calle, lo que incluye por ejemplo la celebraci\u00f3n de t\u00edtulos futbol\u00edsticos. Si hay balcones con buenas vistas hay negocio asegurado. Uno que puede reportar cientos o incluso miles de euros en pocos d\u00edas.\u00a0<\/p>\n<div class=\"article-asset-image article-asset-normal article-asset-center\">\n<div class=\"asset-content\">\n<p>   <img decoding=\"async\" alt=\"e\" class=\"centro_sinmarco\" src=\"https:\/\/i.blogs.es\/bf1aa2\/13928737946_302c4df859_k\/450_1000.jpeg\"><\/p><\/div>\n<\/div>\n<p><strong>\u00bfTan caras son?<\/strong> El dato lo ha facilitado el Colegio de Administradores de Fincas (CAF) de Sevilla. Seg\u00fan sus estimaciones, disfrutar de un buen balc\u00f3n en el centro hist\u00f3rico para admirar las im\u00e1genes de El Silencio, El Gran Poder o La Macarena cuesta <a rel=\"noopener, noreferrer\" href=\"https:\/\/www.rtve.es\/noticias\/20260330\/alquilar-balcones-6000-sillas-200-euros-cuanto-cuesta-ver-procesion-semana-santa\/16999153.shtml\">varios miles de euros<\/a>. Para ser m\u00e1s precisos, <a rel=\"noopener, noreferrer\" href=\"https:\/\/es.euronews.com\/cultura\/2026\/03\/30\/9000-euros-por-balcon-privilegiado-en-sevilla-precios-desorbitados-semana-santa\">6.000<\/a> a cambio de toda una semana. El dato llama la atenci\u00f3n por dos razones. Primero porque es <a rel=\"noopener, noreferrer\" href=\"https:\/\/www.rtve.es\/noticias\/20260330\/alquilar-balcones-6000-sillas-200-euros-cuanto-cuesta-ver-procesion-semana-santa\/16999153.shtml\">el doble<\/a> de lo que se ped\u00eda <a rel=\"noopener, noreferrer\" href=\"https:\/\/www.diariodesevilla.es\/semana_santa\/9-000-euros-balcon-sevilla_0_2006284449.html\">hace unos a\u00f1os<\/a> (en 2023 la media rondaba los 6.000 \u20ac). Segundo, porque en casos en los que se combina una ubicaci\u00f3n privilegiada con servicios de catering ese coste puede dispararse hasta alcanzar los <a rel=\"noopener, noreferrer\" href=\"https:\/\/www.rtve.es\/noticias\/20260330\/alquilar-balcones-6000-sillas-200-euros-cuanto-cuesta-ver-procesion-semana-santa\/16999153.shtml\">9.000 \u20ac<\/a>.<\/p>\n<p><!-- BREAK 3 --><\/p>\n<p><strong>\u00bfOcurre solo en Sevilla?<\/strong> No. Hace unas semanas la prensa andaluza informaba de que en M\u00e1laga el alquiler de los alojamientos con mejores vistas a las procesiones tambi\u00e9n se hab\u00eda disparado. A mediados de marzo, 15 d\u00edas antes del inicio de Semana Santa, <em>M\u00e1laga Hoy<\/em> <a rel=\"noopener, noreferrer\" href=\"https:\/\/www.malagahoy.es\/semanasanta\/alquiler-balcones-semana-santa-malaga-ascienden-euros_0_2006163575.html\">aseguraba<\/a> que en Airbnb se ped\u00eda 900 euros por dos noches de estancia en un estudio de la calle Larios. En Cisneros (tambi\u00e9n en el centro) un apartamento con ventanales a la calle se arrendaba a 500 \u20ac los dos d\u00edas, una cifra que se elevaba a 750 \u20ac en Booking.<\/p>\n<p><strong>\u00bfQu\u00e9 se paga exactamente?<\/strong> B\u00e1sicamente dos cosas. Fechas. Y ubicaci\u00f3n. Los alquileres no se disparan porque s\u00ed. Lo hacen principalmente en alojamientos con balcones situados en zonas estrat\u00e9gicas desde las que admirar las im\u00e1genes de El Silencio, El Gran Poder o La Macarena (caso de Sevilla) o El Cautivo, el Cristo de la Buena Muerte o Los Estudiantes (M\u00e1laga). La altura, la calidad de las vistas o la jornada concreta completan las tarifas y explican que haya casos en los que se pidan 9.000 \u20ac por una semana. Tambi\u00e9n que los alquileres hayan dejado de ser un negocio particular para 'profesionalizarse' <a rel=\"noopener, noreferrer\" href=\"https:\/\/balcones-semana-santa-sevilla.com\/\">de la mano de compa\u00f1\u00edas<\/a>.<\/p>\n<p><!-- BREAK 4 --><\/p>\n<div class=\"article-asset article-asset-normal article-asset-center\">\n<div class=\"desvio-container\">\n<div class=\"desvio\">\n<div class=\"desvio-figure js-desvio-figure\">\n    <a href=\"https:\/\/www.xataka.com\/magnet\/guerra-iran-esta-poniendo-patas-arriba-turismo-eso-se-traduce-algo-para-mallorca-miles-alemanes\" class=\"pivot-outboundlink\" data-vars-post-title='Mallorca ya se hab\u00eda convertido en el decimos\u00e9ptimo \"l\u00e4nder\" de Alemania: la guerra de Ir\u00e1n lo va a profundizar'><br \/>\n     <img loading=\"lazy\" decoding=\"async\" alt='Mallorca ya se hab\u00eda convertido en el decimos\u00e9ptimo \"l\u00e4nder\" de Alemania: la guerra de Ir\u00e1n lo va a profundizar' width=\"375\" height=\"142\" src=\"https:\/\/i.blogs.es\/4ddc61\/ap\/375_142.jpeg\"><br \/>\n    <\/a>\n   <\/div>\n<div class=\"desvio-summary\">\n<div class=\"desvio-taxonomy js-desvio-taxonomy\">\n     <a href=\"https:\/\/www.xataka.com\/magnet\/guerra-iran-esta-poniendo-patas-arriba-turismo-eso-se-traduce-algo-para-mallorca-miles-alemanes\" class=\"desvio-taxonomy-anchor pivot-outboundlink\" data-vars-post-title='Mallorca ya se hab\u00eda convertido en el decimos\u00e9ptimo \"l\u00e4nder\" de Alemania: la guerra de Ir\u00e1n lo va a profundizar'>En Xataka<\/a>\n    <\/div>\n<p>    <a href=\"https:\/\/www.xataka.com\/magnet\/guerra-iran-esta-poniendo-patas-arriba-turismo-eso-se-traduce-algo-para-mallorca-miles-alemanes\" class=\"desvio-title js-desvio-title pivot-outboundlink\" data-vars-post-title='Mallorca ya se hab\u00eda convertido en el decimos\u00e9ptimo \"l\u00e4nder\" de Alemania: la guerra de Ir\u00e1n lo va a profundizar'>Mallorca ya se hab\u00eda convertido en el decimos\u00e9ptimo \"l\u00e4nder\" de Alemania: la guerra de Ir\u00e1n lo va a profundizar<\/a>\n   <\/div>\n<\/p><\/div>\n<\/p><\/div>\n<\/div>\n<p><strong>\u00bfSolo pasa con los balcones?<\/strong> No. Los abonos para sillas y palcos de la Carrera Oficial que ofrece el Consejo General de Hermandades y Cofrad\u00edas de la Ciudad de Sevilla tampoco est\u00e1n al alcance de todos los bolsillos. Sobre todo tras experimentar una <a rel=\"noopener, noreferrer\" href=\"https:\/\/www.101tv.es\/el-consejo-sube-un-3-los-abonos-de-la-carrera-oficial-de-la-semana-santa-de-sevilla\/\">subida interanual del 3%<\/a>. La <a rel=\"noopener, noreferrer\" href=\"https:\/\/www.hermandades-de-sevilla.org\/inicio\/consejo\/sillas-y-palcos\/precios\/https:\/www.hermandades-de-sevilla.org\/inicio\/consejo\/sillas-y-palcos\/precios\/\">tabla de precios<\/a> publicada por el organismo muestra que las tarifas oscilan entre los 90,5 \u20ac de una silla en Plaza Virgen de Los Reyes a los 1.016 de los mejores los palcos de Plaza San Francisco. Entre ambas cifras hay arias opciones por encima de 100 \u20ac. Por ejemplo, en Avenida Constituci\u00f3n (Tribuna Faro) hay plazas disponibles por 161,3 \u20ac.<\/p>\n<p><!-- BREAK 5 --><\/p>\n<p>Quiz\u00e1s parezca mucho, pero un abonado <a rel=\"noopener, noreferrer\" href=\"https:\/\/elpais.com\/espana\/andalucia\/2026-03-27\/la-mercantilizacion-de-la-semana-santa-divide-a-sevilla-balcones-a-9000-euros-y-sillas-a-casi-100.html\">reconoc\u00eda hace poco<\/a> a <em>El Pa\u00eds<\/em> que realquila las dos sillas que tiene al principio de la Carrera Oficial por el doble de lo que le cuestan a \u00e9l (170 cada una). Y eso porque se las cede a un amigo. \"Si no fuera \u00e9l podr\u00eda pedir lo que quisiera, y m\u00e1s ahora mismo con el bum que hay de la Semana Santa de Sevilla\", <a rel=\"noopener, noreferrer\" href=\"https:\/\/elpais.com\/espana\/andalucia\/2026-03-27\/la-mercantilizacion-de-la-semana-santa-divide-a-sevilla-balcones-a-9000-euros-y-sillas-a-casi-100.html\">presume<\/a>. Los abonos representan <a rel=\"noopener, noreferrer\" href=\"https:\/\/www.rtve.es\/noticias\/20260330\/alquilar-balcones-6000-sillas-200-euros-cuanto-cuesta-ver-procesion-semana-santa\/16999153.shtml\">la principal<\/a> fuente de financiaci\u00f3n de las hermandades que organizan la Semana Santa sevillana.<\/p>\n<div class=\"article-asset-video article-asset-normal\">\n<div class=\"asset-content\">\n<div class=\"base-asset-video\">\n<div class=\"js-dailymotion\"><\/div>\n<\/p><\/div>\n<\/p><\/div>\n<\/div>\n<p><strong>\u00bfPor qu\u00e9 es tan importante? <\/strong>M\u00e1s all\u00e1 del inter\u00e9s que despiertan los desorbitados precios que se piden (y pagan) por los mejores balcones de Sevilla o M\u00e1laga para seguir los pasos, el tema deja botando otra cuesti\u00f3n interesante: el debate sobre <a rel=\"noopener, noreferrer\" href=\"https:\/\/www.rtve.es\/noticias\/20260330\/alquilar-balcones-6000-sillas-200-euros-cuanto-cuesta-ver-procesion-semana-santa\/16999153.shtml\">la mercantilizaci\u00f3n<\/a> de la Semana Santa, un evento que (m\u00e1s all\u00e1 del turismo o la ley de la oferta y demanda) tiene una raz\u00f3n de ser religiosa.\u00a0<\/p>\n<p><!-- BREAK 6 --><\/p>\n<p>\"Nos hemos acostumbrado a que no haya \u00e1mbito de la actividad humana que no est\u00e9 sujeta a mercantilizaci\u00f3n, porque la justificaci\u00f3n es que todo est\u00e1 sujeto a costes y lo mismo que pagas para ir al teatro o al f\u00fatbol se paga por ver la Semana Santa en la primera fila\", <a rel=\"noopener, noreferrer\" href=\"https:\/\/elpais.com\/espana\/andalucia\/2026-03-27\/la-mercantilizacion-de-la-semana-santa-divide-a-sevilla-balcones-a-9000-euros-y-sillas-a-casi-100.html\">reflexionaba<\/a> hace poco en <em>El Pa\u00eds<\/em> Alberto del Campo, profesor de Antropolog\u00eda Social de la Universidad Pablo de Olavide.<\/p>\n<p><!-- BREAK 7 --><\/p>\n<p>Im\u00e1genes | <a rel=\"noopener, noreferrer\" href=\"https:\/\/www.flickr.com\/photos\/ciamabue\/13951848855\/in\/photolist-nfSSAc-ndQqwf-nfSTSZ-ndQ6dF-ndQ7su-ndQ3g8-nfUPtf-nfUQ9d-nfUQW5-nfUN27-nN6Ckq-ngSeGx-nhbKgu-niUUCK-nf79E7-ngSfsm-nf77Gj-ncdWH5-negtP6-neguEp-negCY6-neiCGm-neiD8S-neiEiN-n6eqSr-n6erS2-n6euL6-n6gewq-n6emfa-n6g9YC-n6ehWB-n6eopi-niUQkB-n6g6RL-n6e8WT-n6eb24-n6ejPH-n6g2Eu-n6e3dD-n6e6dX-n6eao8-enEdwi-nFLFFN-npiyEj-npiGPT-nFv5ND-npiDz9-nDKwSS-nFAptL-nFN7WX\">Jon Connell (Flickr) 1<\/a> y <a rel=\"noopener, noreferrer\" href=\"https:\/\/www.flickr.com\/photos\/ciamabue\/13928737946\/in\/photolist-ndQqwf-nfSTSZ-ndQ6dF-ndQ7su-ndQ3g8-nfUPtf-nfUQ9d-nfUQW5-nfUN27-nN6Ckq-ngSeGx-nhbKgu-niUUCK-nf79E7-ngSfsm-nf77Gj-ncdWH5-negtP6-neguEp-negCY6-neiCGm-neiD8S-neiEiN-n6eqSr-n6erS2-n6euL6-n6gewq-n6emfa-n6g9YC-n6ehWB-n6eopi-niUQkB-n6g6RL-n6e8WT-n6eb24-n6ejPH-n6g2Eu-n6e3dD-n6e6dX-n6eao8-enEdwi-nFLFFN-npiyEj-npiGPT-nFv5ND-npiDz9-nDKwSS-nFAptL-nFN7WX-npiUUV\">2<\/a><\/p>\n<p>En Xataka | <a class=\"text-outboundlink\" href=\"https:\/\/www.xataka.com\/magnet\/cofradia-sagunto-ha-cerrado-sus-puertas-a-mujeres-semana-santa-decision-amenaza-salirle-cara-a-todo-pueblo\" data-vars-post-title=\"En Sagunto han votado si en las procesiones de Semana Santa debe pesar m\u00e1s la tradici\u00f3n o la igualdad. Lo han tenido bastante claro\" data-vars-post-url=\"https:\/\/www.xataka.com\/magnet\/cofradia-sagunto-ha-cerrado-sus-puertas-a-mujeres-semana-santa-decision-amenaza-salirle-cara-a-todo-pueblo\">En Sagunto han votado si en las procesiones de Semana Santa debe pesar m\u00e1s la tradici\u00f3n o la igualdad. Lo han tenido bastante claro<\/a><\/p>\n<p> &#8211; <br \/> La noticia<br \/>\n      <a href=\"https:\/\/www.xataka.com\/magnet\/sevilla-mercantilizacion-semana-santa-ha-creado-negocio-alza-alquiler-balcones-a-9-000-euros?utm_source=feedburner&amp;utm_medium=feed&amp;utm_campaign=30_Mar_2026\"><br \/>\n       <em> En Sevilla la mercantilizaci\u00f3n de la Semana Santa ha creado un negocio: alquiler de balcones a 9.000 euros <\/em><br \/>\n      <\/a><br \/>\n      fue publicada originalmente en<br \/>\n      <a href=\"https:\/\/www.xataka.com\/?utm_source=feedburner&amp;utm_medium=feed&amp;utm_campaign=30_Mar_2026\"><br \/>\n       <strong> Xataka <\/strong><br \/>\n      <\/a><br \/>\n             por <a href=\"https:\/\/www.xataka.com\/autor\/carlos-prego?utm_source=feedburner&amp;utm_medium=feed&amp;utm_campaign=30_Mar_2026\"><br \/>\n        Carlos Prego<br \/>\n       <\/a><br \/>\n      . <\/p>\n<p>\u00a0El fervor religioso no se compra con dinero. Los mejores lugares para contemplarlo, s\u00ed. Desde hace un tiempo ocurre algo curioso en Andaluc\u00eda: la Semana Santa llega precedida de un chorreo de noticias sobre cotizaciones y subidas y bajadas (habitualmente solo subidas) de los precios del alquiler. Las cr\u00f3nicas en cuesti\u00f3n no tienen nada que ver con la vivienda, ni siquiera con las tarifas que cobran los hoteles o Airbnb. Su foco se centra en los balcones de ciudades como Sevilla o M\u00e1laga con las mejores vistas a los pasos religiosos, peque\u00f1os miradores por los que se llega a pagar ya 9.000 euros.<br \/>\nHay quien habla de la \"mercantilizaci\u00f3n\" de la Pascua.<br \/>\n\u00bfQu\u00e9 ha pasado? Hay noticias que, por m\u00e1s que se repitan a\u00f1o tras a\u00f1o, no dejan de ser eso: noticias. Los balcones del centro de Sevilla o M\u00e1laga son buen ejemplo. Desde hace tiempo los medios venimos contando los precios cada vez m\u00e1s desorbitados que se piden en Semana Santa por estos espacios, lugares con vistas privilegiadas a las procesiones religiosas. Lo que s\u00ed resulta curioso (como acaba de comprobarse en Andaluc\u00eda) es que, al igual que ocurre con el alquiler residencial o vacacional, el negocio de las terrazas no toca techo.<br \/>\nEn el fondo no es nada sorprendente. Algo similar ocurre con las terrazas de Valencia durante las Fallas, las de Vigo en Navidad o en otras ciudades espa\u00f1olas cuando se organizan festejos en la calle, lo que incluye por ejemplo la celebraci\u00f3n de t\u00edtulos futbol\u00edsticos. Si hay balcones con buenas vistas hay negocio asegurado. Uno que puede reportar cientos o incluso miles de euros en pocos d\u00edas.\u00a0<\/p>\n<p>\u00bfTan caras son? El dato lo ha facilitado el Colegio de Administradores de Fincas (CAF) de Sevilla. Seg\u00fan sus estimaciones, disfrutar de un buen balc\u00f3n en el centro hist\u00f3rico para admirar las im\u00e1genes de El Silencio, El Gran Poder o La Macarena cuesta varios miles de euros. Para ser m\u00e1s precisos, 6.000 a cambio de toda una semana. El dato llama la atenci\u00f3n por dos razones. Primero porque es el doble de lo que se ped\u00eda hace unos a\u00f1os (en 2023 la media rondaba los 6.000 \u20ac). Segundo, porque en casos en los que se combina una ubicaci\u00f3n privilegiada con servicios de catering ese coste puede dispararse hasta alcanzar los 9.000 \u20ac.<br \/>\n\u00bfOcurre solo en Sevilla? No. Hace unas semanas la prensa andaluza informaba de que en M\u00e1laga el alquiler de los alojamientos con mejores vistas a las procesiones tambi\u00e9n se hab\u00eda disparado. A mediados de marzo, 15 d\u00edas antes del inicio de Semana Santa, M\u00e1laga Hoy aseguraba que en Airbnb se ped\u00eda 900 euros por dos noches de estancia en un estudio de la calle Larios. En Cisneros (tambi\u00e9n en el centro) un apartamento con ventanales a la calle se arrendaba a 500 \u20ac los dos d\u00edas, una cifra que se elevaba a 750 \u20ac en Booking.<br \/>\n\u00bfQu\u00e9 se paga exactamente? B\u00e1sicamente dos cosas. Fechas. Y ubicaci\u00f3n. Los alquileres no se disparan porque s\u00ed. Lo hacen principalmente en alojamientos con balcones situados en zonas estrat\u00e9gicas desde las que admirar las im\u00e1genes de El Silencio, El Gran Poder o La Macarena (caso de Sevilla) o El Cautivo, el Cristo de la Buena Muerte o Los Estudiantes (M\u00e1laga). La altura, la calidad de las vistas o la jornada concreta completan las tarifas y explican que haya casos en los que se pidan 9.000 \u20ac por una semana. Tambi\u00e9n que los alquileres hayan dejado de ser un negocio particular para 'profesionalizarse' de la mano de compa\u00f1\u00edas.<\/p>\n<p>     En Xataka<\/p>\n<p>    Mallorca ya se hab\u00eda convertido en el decimos\u00e9ptimo \"l\u00e4nder\" de Alemania: la guerra de Ir\u00e1n lo va a profundizar<\/p>\n<p>\u00bfSolo pasa con los balcones? No. Los abonos para sillas y palcos de la Carrera Oficial que ofrece el Consejo General de Hermandades y Cofrad\u00edas de la Ciudad de Sevilla tampoco est\u00e1n al alcance de todos los bolsillos. Sobre todo tras experimentar una subida interanual del 3%. La tabla de precios publicada por el organismo muestra que las tarifas oscilan entre los 90,5 \u20ac de una silla en Plaza Virgen de Los Reyes a los 1.016 de los mejores los palcos de Plaza San Francisco. Entre ambas cifras hay arias opciones por encima de 100 \u20ac. Por ejemplo, en Avenida Constituci\u00f3n (Tribuna Faro) hay plazas disponibles por 161,3 \u20ac.<br \/>\nQuiz\u00e1s parezca mucho, pero un abonado reconoc\u00eda hace poco a El Pa\u00eds que realquila las dos sillas que tiene al principio de la Carrera Oficial por el doble de lo que le cuestan a \u00e9l (170 cada una). Y eso porque se las cede a un amigo. \"Si no fuera \u00e9l podr\u00eda pedir lo que quisiera, y m\u00e1s ahora mismo con el bum que hay de la Semana Santa de Sevilla\", presume. Los abonos representan la principal fuente de financiaci\u00f3n de las hermandades que organizan la Semana Santa sevillana.<\/p>\n<p>\u00bfPor qu\u00e9 es tan importante? M\u00e1s all\u00e1 del inter\u00e9s que despiertan los desorbitados precios que se piden (y pagan) por los mejores balcones de Sevilla o M\u00e1laga para seguir los pasos, el tema deja botando otra cuesti\u00f3n interesante: el debate sobre la mercantilizaci\u00f3n de la Semana Santa, un evento que (m\u00e1s all\u00e1 del turismo o la ley de la oferta y demanda) tiene una raz\u00f3n de ser religiosa.\u00a0<\/p>\n<p>\"Nos hemos acostumbrado a que no haya \u00e1mbito de la actividad humana que no est\u00e9 sujeta a mercantilizaci\u00f3n, porque la justificaci\u00f3n es que todo est\u00e1 sujeto a costes y lo mismo que pagas para ir al teatro o al f\u00fatbol se paga por ver la Semana Santa en la primera fila\", reflexionaba hace poco en El Pa\u00eds Alberto del Campo, profesor de Antropolog\u00eda Social de la Universidad Pablo de Olavide.<\/p>\n<p>Im\u00e1genes | Jon Connell (Flickr) 1 y 2<\/p>\n<p>En Xataka | En Sagunto han votado si en las procesiones de Semana Santa debe pesar m\u00e1s la tradici\u00f3n o la igualdad. Lo han tenido bastante claro<\/p>\n<p>                 &#8211;  La noticia<\/p>\n<p>        En Sevilla la mercantilizaci\u00f3n de la Semana Santa ha creado un negocio: alquiler de balcones a 9.000 euros <\/p>\n<p>      fue publicada originalmente en<\/p>\n<p>        Xataka <\/p>\n<p>             por<br \/>\n        Carlos Prego<\/p>\n<p>      .\u00a0\u00a0\u00a0<\/p>\n","protected":false},"excerpt":{"rendered":"<p>El fervor religioso no se compra con dinero. Los mejores lugares para contemplarlo, s\u00ed. Desde hace un tiempo ocurre algo curioso en Andaluc\u00eda: la Semana Santa llega precedida de un chorreo de noticias sobre cotizaciones y subidas y bajadas (habitualmente solo subidas) de los precios del alquiler. Las cr\u00f3nicas en cuesti\u00f3n no tienen nada que [&hellip;]<\/p>\n","protected":false},"author":1,"featured_media":9130,"comment_status":"open","ping_status":"open","sticky":false,"template":"","format":"standard","meta":{"amp_status":"","footnotes":""},"categories":[6],"tags":[],"class_list":["post-9129","post","type-post","status-publish","format-standard","has-post-thumbnail","hentry","category-ciencia-y-tecnologia"],"_links":{"self":[{"href":"https:\/\/ermdigital.com\/index.php\/wp-json\/wp\/v2\/posts\/9129","targetHints":{"allow":["GET"]}}],"collection":[{"href":"https:\/\/ermdigital.com\/index.php\/wp-json\/wp\/v2\/posts"}],"about":[{"href":"https:\/\/ermdigital.com\/index.php\/wp-json\/wp\/v2\/types\/post"}],"author":[{"embeddable":true,"href":"https:\/\/ermdigital.com\/index.php\/wp-json\/wp\/v2\/users\/1"}],"replies":[{"embeddable":true,"href":"https:\/\/ermdigital.com\/index.php\/wp-json\/wp\/v2\/comments?post=9129"}],"version-history":[{"count":0,"href":"https:\/\/ermdigital.com\/index.php\/wp-json\/wp\/v2\/posts\/9129\/revisions"}],"wp:featuredmedia":[{"embeddable":true,"href":"https:\/\/ermdigital.com\/index.php\/wp-json\/wp\/v2\/media\/9130"}],"wp:attachment":[{"href":"https:\/\/ermdigital.com\/index.php\/wp-json\/wp\/v2\/media?parent=9129"}],"wp:term":[{"taxonomy":"category","embeddable":true,"href":"https:\/\/ermdigital.com\/index.php\/wp-json\/wp\/v2\/categories?post=9129"},{"taxonomy":"post_tag","embeddable":true,"href":"https:\/\/ermdigital.com\/index.php\/wp-json\/wp\/v2\/tags?post=9129"}],"curies":[{"name":"wp","href":"https:\/\/api.w.org\/{rel}","templated":true}]}}