{"id":9047,"date":"2026-03-30T10:21:57","date_gmt":"2026-03-30T14:21:57","guid":{"rendered":"https:\/\/ermdigital.com\/index.php\/2026\/03\/30\/italia-y-la-polonia-de-lewandowski-aun-no-clasifican-al-mundial\/"},"modified":"2026-03-30T10:21:57","modified_gmt":"2026-03-30T14:21:57","slug":"italia-y-la-polonia-de-lewandowski-aun-no-clasifican-al-mundial","status":"publish","type":"post","link":"https:\/\/ermdigital.com\/index.php\/2026\/03\/30\/italia-y-la-polonia-de-lewandowski-aun-no-clasifican-al-mundial\/","title":{"rendered":"Italia y La Polonia de Lewandowski a\u00fan no clasifican al Mundial"},"content":{"rendered":"<p>\u00a0\u00a0<\/p>\n<p>Mundial o desastre nacional: <strong>Europa concede<\/strong> el martes (1:45pm hora dominicana) sus <strong>cuatro \u00faltimos boletos<\/strong> al torneo de Norteam\u00e9rica, con cuatro <strong>finales de repesca<\/strong> en las que destaca la de <strong>Italia<\/strong>, gran ausente en las Copas del Mundo de 2018 y 2022, en <strong>Bosnia<\/strong>.<\/p>\n<p>El otro punto caliente del d\u00eda estar\u00e1 en <strong>Solna<\/strong>, en las afueras de Estocolmo, donde la <strong>Suecia<\/strong> de <strong>Viktor Gy\u00f6keres<\/strong> se juega uno de los boletos ante la <strong>Polonia<\/strong> del veterano <strong>Robert Lewandowski<\/strong>.<\/p>\n<p>En los otros dos pulsos, <strong>Turqu\u00eda<\/strong> y <strong>Dinamarca<\/strong> parten en principio como favoritas en sus respectivas <strong>visitas a Kosovo<\/strong> y la <strong>Rep\u00fablica Checa<\/strong>.<\/p>\n<h2><strong>Ruta A<\/strong>: <strong>Bosnia-Italia<\/strong><\/h2>\n<p>(El ganador ir\u00e1 al <strong>Grupo B<\/strong>, junto a Canad\u00e1, Suiza y Catar)<\/p>\n<p>Justo despu\u00e9s de ganar a <strong>Irlanda del Norte<\/strong> (2-0) el jueves en su semifinal, los jugadores de <strong>Italia<\/strong> fueron grabados celebrando el triunfo bosnio por penales ante Gales, que estaban siguiendo por televisi\u00f3n.<\/p>\n<p>\"No hemos faltado el respeto a nadie, ni a <strong>Bosnia<\/strong>, ni a los bosnios, todos somos personas correctas\", se defendi\u00f3 el s\u00e1bado <strong>Federico Dimarco<\/strong>, uno de los implicados en ese festejo, que evidenciaba que los integrantes de la Azzurra prefer\u00edan enfrentarse a <strong>Bosnia<\/strong> que a Gales por considerar que era un rival m\u00e1s asequible.<\/p>\n<p>Para <strong>Italia<\/strong>, un <strong>tetracampe\u00f3n mundial<\/strong> traumatizado por caer en las repescas de los Mundiales de 2018 y 2022, perderse el gran torneo del f\u00fatbol por tercera vez consecutiva ser\u00eda una enorme tragedia, por lo que la <strong>presi\u00f3n en Zenica<\/strong> ser\u00e1 m\u00e1xima.<\/p>\n<p><strong>Bosnia<\/strong>, por su parte, solo ha jugado anteriormente un Mundial desde su independencia, el de <strong>Brasil 2014<\/strong>.<\/p>\n<h2><strong>Ruta B<\/strong>: <strong>Suecia<\/strong>&#8211;<strong>Polonia<\/strong><\/h2>\n<p>(El ganador ir\u00e1 al <strong>Grupo F<\/strong>, junto a Pa\u00edses Bajos, Jap\u00f3n y T\u00fanez)<\/p>\n<p><strong>Viktor Gy\u00f6keres<\/strong>, autor de un triplete para <strong>Suecia<\/strong> el jueves para ganar a Ucrania, y <strong>Robert Lewandowski<\/strong>, decisivo con un gol de cabeza para iniciar la remontada de <strong>Polonia<\/strong> ante Albania, se preparan ahora para un <strong>pulso apasionante<\/strong> de pron\u00f3stico incierto en <strong>Solna<\/strong>.<\/p>\n<p><strong>Gy\u00f6keres<\/strong> est\u00e1 viviendo la gran temporada del <strong>Arsenal ingl\u00e9s<\/strong> y conf\u00eda en acabar el curso viviendo el <strong>regreso al Mundial<\/strong> de <strong>Suecia<\/strong>, ausente en tres de las cuatro \u00faltimas ediciones.<\/p>\n<p>Viajar a <strong>Estados Unidos<\/strong> traer\u00eda adem\u00e1s muy buenos recuerdos al equipo escandinavo, que fue tercero en el Mundial que el pa\u00eds norteamericano alberg\u00f3 en <strong>1994<\/strong>.<\/p>\n<p><strong>Lewandowski<\/strong> aspira por su parte al que ser\u00eda su tercer y muy probablemente \u00faltimo Mundial, ya que el atacante del Barcelona tiene ya <strong>37 a\u00f1os<\/strong> y parece en el declive de su carrera.<\/p>\n<h2><strong>Ruta C<\/strong>: <strong>Kosovo-Turqu\u00eda<\/strong><\/h2>\n<p>(El ganador ir\u00e1 al <strong>Grupo D<\/strong>, junto a <strong>Estados Unidos<\/strong>, Australia y Paraguay)<\/p>\n<p><strong>Turqu\u00eda<\/strong> parece ante una grand\u00edsima ocasi\u00f3n de <strong>regresar al Mundial<\/strong>, algo que no consigue desde su hist\u00f3rico y sorprendente tercer puesto en el Mundial de <strong>2002<\/strong>.<\/p>\n<p>El equipo otomano parece claro favorito en <strong>Pristina ante un Kosovo<\/strong> que tiene una cita con la historia, despu\u00e9s de solo perder un partido en su grupo de las eliminatorias y de una victoria sorprendente como visitante en Eslovaquia el jueves.<\/p>\n<p>Los kosovares, que declararon su independencia de Serbia en 2008, est\u00e1n ante el partido m\u00e1s importante de su corta historia y desde <strong>su gobierno <\/strong>se comunic\u00f3 en los \u00faltimos d\u00edas una eventual prima del equivalente a un mill\u00f3n de euros para sus jugadores en caso de hacer realidad el sue\u00f1o de sus hinchas acudiendo a su primer Mundial.<\/p>\n<h2><strong>Ruta D<\/strong>: <strong>Rep\u00fablica Checa<\/strong>&#8211;<strong>Dinamarca<\/strong><\/h2>\n<p>(El ganador ir\u00e1 al <strong>Grupo A<\/strong>, junto a M\u00e9xico, Sud\u00e1frica y Corea del Sur)<\/p>\n<p><strong>Dinamarca<\/strong> est\u00e1 a un paso de sellar su <strong>billete al Mundial<\/strong>, que tendr\u00e1 como sede principal <strong>Estados Unidos<\/strong>, un pa\u00eds con el que mantuvo relaciones tensas en los \u00faltimos meses por las pretensiones del presidente Donald Trump sobre Groenlandia, la gran isla que pertenece al reino europeo.<\/p>\n<p><strong>Dinamarca<\/strong> firm\u00f3 la mayor goleada de las semifinales de las repescas europeas (4-0 a Macedonia del Norte) y se presenta con <strong>confianza en Praga<\/strong> ante una <strong>Rep\u00fablica Checa<\/strong> con la que no ha perdido en sus \u00faltimos siete enfrentamientos, desde la Eurocopa de 2004.<\/p>\n<p>\"Llevamos <strong>veinte a\u00f1os<\/strong> sin ir al Mundial. Vamos a <strong>darlo todo<\/strong> para estar ah\u00ed\", prometi\u00f3 el jueves el mediocampista checo <strong>Tomas Soucek<\/strong>, justo tras superar en la tanda de penales a Irlanda.<\/p>\n<div class=\"w-full pt-2 float-left inside-related\"><strong>RELACIONADAS<\/strong><\/p>\n<article class=\"flex flex-wrap border-b pb-4 mb-3 inline-block\">\n<div class=\"xl:w-2\/12 w-4\/12\">\n<figure class=\"mb-0\"><img loading=\"lazy\" decoding=\"async\" src=\"https:\/\/resources.diariolibre.com\/images\/2026\/03\/29\/mundial-2026-mexico-y-portugal-empatan-0-0-en-reapertura-azteca-b1754406-focus-min0.02-0.46-149-99.jpg\" width=\"149\" height=\"99\" title=\"M\u00e9xico y Portugal empatan en la reapertura del estadio Azteca para el Mundial 2026\" alt=\"M\u00e9xico y Portugal empatan en la reapertura del estadio Azteca para el Mundial 2026\" class=\"object-cover\" \/><\/figure>\n<\/div>\n<\/article>\n<\/div>\n<div class=\"border-t border-b py-2 my-5 tags-container\"><strong>TEMAS &#8211; <\/strong><\/p>\n<ul>\n<li>\n<div class=\"inline-block border p-2 rounded-full align-middle\">\n<p><a href=\"https:\/\/www.diariolibre.com\/tags\/mundial-2026\/74292\" title=\"Mundial 2026\">Mundial 2026<\/a><\/p>\n<\/div>\n<\/li>\n<li>\n<div class=\"inline-block border p-2 rounded-full align-middle\">\n<p><a href=\"https:\/\/www.diariolibre.com\/tags\/copa-mundial-de-futbol-2026\/271364\" title=\"Copa Mundial de F\u00fatbol 2026\">Copa Mundial de F\u00fatbol 2026<\/a><\/p>\n<\/div>\n<\/li>\n<li><\/li>\n<li>\n<div class=\"inline-block border p-2 rounded-full align-middle\">\n<p><a href=\"https:\/\/www.diariolibre.com\/tags\/italia\/5028\" title=\"Italia\">Italia<\/a><\/p>\n<\/div>\n<\/li>\n<li>\n<div class=\"inline-block border p-2 rounded-full align-middle\">\n<p><a href=\"https:\/\/www.diariolibre.com\/tags\/polonia\/31109\" title=\"Polonia\">Polonia<\/a><\/p>\n<\/div>\n<\/li>\n<\/ul>\n<\/div>\n<p>\u00a0<\/p>\n","protected":false},"excerpt":{"rendered":"<p>\u00a0\u00a0 Mundial o desastre nacional: Europa concede el martes (1:45pm hora dominicana) sus cuatro \u00faltimos boletos al torneo de Norteam\u00e9rica, con cuatro finales de repesca en las que destaca la de Italia, gran ausente en las Copas del Mundo de 2018 y 2022, en Bosnia. El otro punto caliente del d\u00eda estar\u00e1 en Solna, en [&hellip;]<\/p>\n","protected":false},"author":1,"featured_media":9048,"comment_status":"open","ping_status":"open","sticky":false,"template":"","format":"standard","meta":{"amp_status":"","footnotes":""},"categories":[4],"tags":[],"class_list":["post-9047","post","type-post","status-publish","format-standard","has-post-thumbnail","hentry","category-deportes"],"_links":{"self":[{"href":"https:\/\/ermdigital.com\/index.php\/wp-json\/wp\/v2\/posts\/9047","targetHints":{"allow":["GET"]}}],"collection":[{"href":"https:\/\/ermdigital.com\/index.php\/wp-json\/wp\/v2\/posts"}],"about":[{"href":"https:\/\/ermdigital.com\/index.php\/wp-json\/wp\/v2\/types\/post"}],"author":[{"embeddable":true,"href":"https:\/\/ermdigital.com\/index.php\/wp-json\/wp\/v2\/users\/1"}],"replies":[{"embeddable":true,"href":"https:\/\/ermdigital.com\/index.php\/wp-json\/wp\/v2\/comments?post=9047"}],"version-history":[{"count":0,"href":"https:\/\/ermdigital.com\/index.php\/wp-json\/wp\/v2\/posts\/9047\/revisions"}],"wp:featuredmedia":[{"embeddable":true,"href":"https:\/\/ermdigital.com\/index.php\/wp-json\/wp\/v2\/media\/9048"}],"wp:attachment":[{"href":"https:\/\/ermdigital.com\/index.php\/wp-json\/wp\/v2\/media?parent=9047"}],"wp:term":[{"taxonomy":"category","embeddable":true,"href":"https:\/\/ermdigital.com\/index.php\/wp-json\/wp\/v2\/categories?post=9047"},{"taxonomy":"post_tag","embeddable":true,"href":"https:\/\/ermdigital.com\/index.php\/wp-json\/wp\/v2\/tags?post=9047"}],"curies":[{"name":"wp","href":"https:\/\/api.w.org\/{rel}","templated":true}]}}