{"id":9043,"date":"2026-03-30T10:21:56","date_gmt":"2026-03-30T14:21:56","guid":{"rendered":"https:\/\/ermdigital.com\/index.php\/2026\/03\/30\/steve-kerr-le-escribio-una-carta-al-dirigente-a-john-schneider\/"},"modified":"2026-03-30T10:21:56","modified_gmt":"2026-03-30T14:21:56","slug":"steve-kerr-le-escribio-una-carta-al-dirigente-a-john-schneider","status":"publish","type":"post","link":"https:\/\/ermdigital.com\/index.php\/2026\/03\/30\/steve-kerr-le-escribio-una-carta-al-dirigente-a-john-schneider\/","title":{"rendered":"Steve Kerr le escribi\u00f3 una carta al dirigente a John Schneider"},"content":{"rendered":"<p>\u00a0\u00a0<\/p>\n<p>A pesar del tiempo transcurrido, la <strong>estrecha derrota<\/strong> de los <strong>Toronto Blue Jays<\/strong> en la <strong>Serie Mundial<\/strong> frente a los Los \u00c1ngeles Dodgers sigue doliendo. <\/p>\n<p>Sin embargo, el m\u00e1nager de los <strong>Blue Jays<\/strong>, John <strong>Schneider<\/strong>, puede encontrar algo de consuelo en una <strong>carta<\/strong> de un <strong>admirador de alto perfil<\/strong>, a pesar de haberla recibido varios meses despu\u00e9s del hecho.<\/p>\n<p>Este fin de semana, <strong>Schneider<\/strong> revel\u00f3 a <strong>The Athletic<\/strong> que el entrenador de los <strong>Golden State Warriors<\/strong>, <strong>Steve Kerr<\/strong>, le escribi\u00f3 una <strong>carta<\/strong> tras la <strong>derrota<\/strong> de Toronto. <strong>Schneider<\/strong> no recibi\u00f3 la <strong>carta<\/strong> hasta que regres\u00f3 a su oficina en el Rogers Centre la semana pasada, donde la encontr\u00f3 sobre su escritorio.<\/p>\n<p>La <strong>carta<\/strong> estaba fechada el <strong>2 de noviembre<\/strong> de 2025, el d\u00eda despu\u00e9s de la apretada <strong>derrota<\/strong> de Toronto en el s\u00e9ptimo juego de la <strong>Serie Mundial<\/strong>.<\/p>\n<p>\"Cuando la le\u00ed\", dijo <strong>Schneider<\/strong> a <strong>The Athletic<\/strong>, \"fue como \u00b4Waoo\u00b4\".<\/p>\n<p>En la <strong>carta<\/strong>, <strong>Kerr<\/strong> elogi\u00f3 a <strong>Schneider<\/strong> por su <strong>liderazgo<\/strong> y serenidad durante la serie, y lo felicit\u00f3 por la temporada. <\/p>\n<p><strong>Kerr<\/strong> tambi\u00e9n hizo referencia a las Finales de la NBA de 2016, cuando los Warriors perdieron en el s\u00e9ptimo juego contra los Cleveland Cavaliers.<strong> Golden State<\/strong> luego gan\u00f3 los siguientes dos campeonatos de la NBA, ambos contra los Cavs.<\/p>\n<p>La <strong>carta<\/strong>, en su totalidad:<\/p>\n<p><em>Querido John:<\/em><\/p>\n<p><em>No te conozco, pero sent\u00ed la necesidad de escribirte despu\u00e9s de ver tu incre\u00edble <strong>liderazgo<\/strong> durante la <strong>Serie Mundial<\/strong>. Tu serenidad, tu <strong>fortaleza<\/strong>, tu empat\u00eda y tu confianza brillaron en todos los momentos m\u00e1s dif\u00edciles. Puedo ver por qu\u00e9 tus jugadores disfrutan jugar para ti. Me impresion\u00f3 mucho cada vez que te entrevistaron.<\/em><\/p>\n<p><em>Felicidades por una <strong>temporada incre\u00edble<\/strong> y lamento mucho el dolor. Nosotros perdimos el s\u00e9ptimo juego de las Finales de 2016 contra<\/em><em>Cleveland de manera similar, y el dolor fue real. Pero lo que siempre sobrevive a trav\u00e9s de las derrotas duras es el car\u00e1cter y la conexi\u00f3n del grupo. La <strong>derrota<\/strong> no te definir\u00e1, pero la forma en que t\u00fa y tus chicos se comportaron despu\u00e9s s\u00ed lo har\u00e1.<\/em><\/p>\n<p><em>Mucho <strong>respeto<\/strong>,<\/em><\/p>\n<p><em><strong>Steve Kerr<\/strong><\/em><\/p>\n<p>Para <strong>Schneider<\/strong>, no importaba que la <strong>carta<\/strong> hubiera estado en su oficina todo el invierno sin abrirse. Las palabras de <strong>Kerr<\/strong> sirvieron como una <strong>validaci\u00f3n<\/strong> de c\u00f3mo los <strong>Blue Jays<\/strong> estaban enfocados en la <strong>temporada 2026<\/strong>.<\/p>\n<p>\"Fue el <strong>mensaje<\/strong> que hemos estado predicando durante toda la <strong>temporada baja<\/strong> y en la primavera\", dijo <strong>Schneider<\/strong> a <strong>The Athletic<\/strong>. \"El recorrido fue grandioso, y el dolor fue real, pero no nos va a definir. Todos lo pasamos juntos. Lo que nos definir\u00e1 es c\u00f3mo perseveramos a trav\u00e9s de ello\".<\/p>\n<p><strong>Schneider<\/strong> a\u00f1adi\u00f3 que <strong>Kerr<\/strong> es un entrenador a quien siempre ha admirado, incluso mientras consultaba podcasts y libros sobre <strong>liderazgo<\/strong> despu\u00e9s de asumir el cargo de m\u00e1nager de Toronto en <strong>2022<\/strong>.<\/p>\n<p>\"Tenerlo observ\u00e1ndome\", dijo <strong>Schneider<\/strong>, \"y ver c\u00f3mo manej\u00e9 la <strong>presi\u00f3n<\/strong>, las decisiones y los medios. Que \u00e9l me diera su <strong>aprobaci\u00f3n<\/strong> fue algo realmente genial\".<\/p>\n<ul class=\"list-text\">\n<li>Los\u00a0<strong>Blue Jays<\/strong>\u00a0extendieron el\u00a0<strong>contrato<\/strong>\u00a0de\u00a0<strong>Schneider<\/strong>\u00a0a principios de esta semana, manteni\u00e9ndolo como m\u00e1nager hasta\u00a0<strong>2028<\/strong>.<\/li>\n<\/ul>\n<div class=\"w-full pt-2 float-left inside-related\"><strong>RELACIONADAS<\/strong><\/p>\n<article class=\"flex flex-wrap border-b pb-4 mb-3 inline-block\">\n<div class=\"xl:w-2\/12 w-4\/12\">\n<figure class=\"mb-0\"><img loading=\"lazy\" decoding=\"async\" src=\"https:\/\/resources.diariolibre.com\/images\/2022\/10\/21\/ap22294620447263-d56a021b-focus-min0.06-0.08-149-99.jpg\" width=\"149\" height=\"99\" title=\"Los Blue Jays confirman al dirigente  John Schneider por dos temporadas m\u00e1s\" alt=\"Los Blue Jays confirman al dirigente  John Schneider por dos temporadas m\u00e1s\" class=\"object-cover\" \/><\/figure>\n<\/div>\n<\/article>\n<\/div>\n<div class=\"border-t border-b py-2 my-5 tags-container\"><strong>TEMAS &#8211; <\/strong><\/p>\n<ul>\n<li>\n<div class=\"inline-block border p-2 rounded-full align-middle\">\n<p><a href=\"https:\/\/www.diariolibre.com\/tags\/steve-kerr\/27465\" title=\"steve kerr\">steve kerr<\/a><\/p>\n<\/div>\n<\/li>\n<li>\n<div class=\"inline-block border p-2 rounded-full align-middle\">\n<p><a href=\"https:\/\/www.diariolibre.com\/tags\/golden-state-warriors\/11920\" title=\"Golden State Warriors\">Golden State Warriors<\/a><\/p>\n<\/div>\n<\/li>\n<li>\n<div class=\"inline-block border p-2 rounded-full align-middle\">\n<p><a href=\"https:\/\/www.diariolibre.com\/tags\/toronto-blue-jays\/67451\" title=\"Toronto Blue Jays\">Toronto Blue Jays<\/a><\/p>\n<\/div>\n<\/li>\n<li>\n<div class=\"inline-block border p-2 rounded-full align-middle\">\n<p><a href=\"https:\/\/www.diariolibre.com\/tags\/serie-mundial-2025\/314034\" title=\"Serie Mundial 2025\">Serie Mundial 2025<\/a><\/p>\n<\/div>\n<\/li>\n<li>\n<div class=\"inline-block border p-2 rounded-full align-middle\">\n<p><a href=\"https:\/\/www.diariolibre.com\/tags\/john-schneider\/124056\" title=\"John Schneider\">John Schneider<\/a><\/p>\n<\/div>\n<\/li>\n<\/ul>\n<\/div>\n<p>\u00a0<\/p>\n","protected":false},"excerpt":{"rendered":"<p>\u00a0\u00a0 A pesar del tiempo transcurrido, la estrecha derrota de los Toronto Blue Jays en la Serie Mundial frente a los Los \u00c1ngeles Dodgers sigue doliendo. Sin embargo, el m\u00e1nager de los Blue Jays, John Schneider, puede encontrar algo de consuelo en una carta de un admirador de alto perfil, a pesar de haberla recibido [&hellip;]<\/p>\n","protected":false},"author":1,"featured_media":9044,"comment_status":"open","ping_status":"open","sticky":false,"template":"","format":"standard","meta":{"amp_status":"","footnotes":""},"categories":[4],"tags":[],"class_list":["post-9043","post","type-post","status-publish","format-standard","has-post-thumbnail","hentry","category-deportes"],"_links":{"self":[{"href":"https:\/\/ermdigital.com\/index.php\/wp-json\/wp\/v2\/posts\/9043","targetHints":{"allow":["GET"]}}],"collection":[{"href":"https:\/\/ermdigital.com\/index.php\/wp-json\/wp\/v2\/posts"}],"about":[{"href":"https:\/\/ermdigital.com\/index.php\/wp-json\/wp\/v2\/types\/post"}],"author":[{"embeddable":true,"href":"https:\/\/ermdigital.com\/index.php\/wp-json\/wp\/v2\/users\/1"}],"replies":[{"embeddable":true,"href":"https:\/\/ermdigital.com\/index.php\/wp-json\/wp\/v2\/comments?post=9043"}],"version-history":[{"count":0,"href":"https:\/\/ermdigital.com\/index.php\/wp-json\/wp\/v2\/posts\/9043\/revisions"}],"wp:featuredmedia":[{"embeddable":true,"href":"https:\/\/ermdigital.com\/index.php\/wp-json\/wp\/v2\/media\/9044"}],"wp:attachment":[{"href":"https:\/\/ermdigital.com\/index.php\/wp-json\/wp\/v2\/media?parent=9043"}],"wp:term":[{"taxonomy":"category","embeddable":true,"href":"https:\/\/ermdigital.com\/index.php\/wp-json\/wp\/v2\/categories?post=9043"},{"taxonomy":"post_tag","embeddable":true,"href":"https:\/\/ermdigital.com\/index.php\/wp-json\/wp\/v2\/tags?post=9043"}],"curies":[{"name":"wp","href":"https:\/\/api.w.org\/{rel}","templated":true}]}}