{"id":8989,"date":"2026-03-30T09:00:00","date_gmt":"2026-03-30T13:00:00","guid":{"rendered":"https:\/\/ermdigital.com\/index.php\/2026\/03\/30\/apple-cumple-50-anos-cinco-datos-poco-conocidos-de-su-historia\/"},"modified":"2026-03-30T09:00:00","modified_gmt":"2026-03-30T13:00:00","slug":"apple-cumple-50-anos-cinco-datos-poco-conocidos-de-su-historia","status":"publish","type":"post","link":"https:\/\/ermdigital.com\/index.php\/2026\/03\/30\/apple-cumple-50-anos-cinco-datos-poco-conocidos-de-su-historia\/","title":{"rendered":"Apple cumple 50 a\u00f1os: cinco datos poco conocidos de su historia"},"content":{"rendered":"<p>Desde sus inicios en un garaje de California en abril de 1976, <a class=\"internal-link\" href=\"https:\/\/www.dw.com\/es\/apple\/t-42043550\">Apple<\/a> ha marcado el mundo de la inform\u00e1tica y la cultura popular con productos adoptados por millones de consumidores en todo el mundo.<\/p>\n<p>He aqu\u00ed cinco datos poco conocidos sobre la empresa con sede en Cupertino, California, con motivo de su 50 aniversario.<\/p>\n<h2>Logo enigm\u00e1tico<\/h2>\n<p>El origen del logo de la manzana mordida ha despertado numerosos rumores, desde una referencia a la fruta prohibida de Ad\u00e1n y Eva hasta un homenaje a la manzana envenenada que mat\u00f3 al matem\u00e1tico brit\u00e1nico Alan Turing.<\/p>\n<p>La marca Apple debe su nombre a la afici\u00f3n de <a class=\"internal-link\" href=\"https:\/\/www.dw.com\/es\/iphone\/t-37067896\">Steve Jobs<\/a>, uno de sus fundadores, a la manzana. En una entrevista con la revista Forbes en 2018, su creador, el dise\u00f1ador gr\u00e1fico estadounidense Rob Janoff, relat\u00f3 que solo recibi\u00f3 una instrucci\u00f3n cuando le encargaron el logo en enero de 1977.<\/p>\n<figure class=\"placeholder-image free_image big\"><img decoding=\"async\" data-format=\"FREE_IMAGE\" data-id=\"5660197\" data-url=\"https:\/\/static.dw.com\/image\/5660197_$formatId.jpg\" data-aspect-ratio=\"590\/332\" alt=\"Steve Jobs en conferencia de Apple, junio 7 de 2010.\" src=\"image\/gif;base64,R0lGODlhAQABAAAAACH5BAEKAAEALAAAAAABAAEAAAICTAEAOw==\" \/><figcaption class=\"img-caption\">Steve Jobs en conferencia de Apple, junio 7 de 2010.<small class=\"copyright\">Imagen: AP<\/small><\/figcaption><\/figure>\n<p>\"No lo hagas lindo\", le dijo Jobs, quien quer\u00eda algo m\u00e1s sencillo que el primer logo de \"Apple Computer\", una ilustraci\u00f3n de Isaac Newton bajo un \u00e1rbol. Janoff explica en su sitio web que pas\u00f3 dos semanas estudiando secciones transversales de manzanas antes de decidirse por una fruta mordida.<\/p>\n<h2>Tercer hombre<\/h2>\n<p>La historia registra a <a class=\"internal-link\" href=\"https:\/\/www.dw.com\/es\/el-santo-grial-de-los-coleccionistas-venden-ejemplar-del-primer-modelo-de-apple-fabricado-por-jobs-y-wozniak\/a-59797277\">Steve Jobs y Steve Wozniak<\/a> como los cofundadores de Apple. Sin embargo, un tercer hombre firm\u00f3 junto a ellos el contrato de tres p\u00e1ginas que lanz\u00f3 la empresa el 1 de abril de 1976: Ronald Wayne.<\/p>\n<p>Seg\u00fan la biograf\u00eda de Water Isaacson sobre Jobs, Wayne era un ingeniero de la empresa de videojuegos Atari y estaba a cargo de la ingenier\u00eda de hardware y de la documentaci\u00f3n de la naciente empresa. Pero mientras sus dos cofundadores se volcaban de lleno al negocio, Wayne tem\u00eda perder sus pocos ahorros si Apple fracasaba.<\/p>\n<figure class=\"placeholder-image master_landscape big\"><img decoding=\"async\" data-format=\"MASTER_LANDSCAPE\" data-id=\"76593396\" data-url=\"https:\/\/static.dw.com\/image\/76593396_$formatId.jpg\" data-aspect-ratio=\"16\/9\" alt=\"Ronald Wayne.\" src=\"image\/gif;base64,R0lGODlhAQABAAAAACH5BAEKAAEALAAAAAABAAEAAAICTAEAOw==\" \/><figcaption class=\"img-caption\">Ronald Wayne.<small class=\"copyright\">Imagen: Karen T. Borchers\/San Jose Mercury News\/Newscom World\/IMAGO<\/small><\/figcaption><\/figure>\n<p>Renunci\u00f3 11 d\u00edas despu\u00e9s a su condici\u00f3n de cofundador y vendi\u00f3 su participaci\u00f3n de 10 % a cambio de dos pagos de 800 y 1.500 d\u00f3lares. Esa participaci\u00f3n de 10 % habr\u00eda valido unos 370.000 millones de d\u00f3lares para 2026.<\/p>\n<h2>Anuncio de \"1984&#8243;<\/h2>\n<p>En un mundo totalitario futurista, un martillo lanzado por un joven atleta destroza a una figura de \"Gran Hermano\" que declama a ciudadanos adoctrinados desde una inmensa pantalla.<\/p>\n<p>Decenas de millones de estadounidenses vieron el anuncio de un minuto del cineasta Ridley Scott durante el Super Bowl, la final del football americano, del 22 de enero de 1984.<\/p>\n<p>Emitido junto al anuncio del lanzamiento de la computadora Apple, el aviso estaba inspirado en la novela dist\u00f3pica de George Orwell \"1984&#8243;.<\/p>\n<p>La originalidad del anuncio est\u00e1 en el hecho de que no muestra directamente el producto, sino que promete un mundo nuevo de consumidores emancipados gracias a las computadoras dom\u00e9sticas.\u00a0<\/p>\n<h2>Colores pop<\/h2>\n<p>Los aparatos de Apple a lo largo de los a\u00f1os han utilizado colores para distinguirse del blanco de sus competidores austeros. Los iMacs de primera generaci\u00f3n, lanzados en 1998, ten\u00edan carcasas transparentes en tonos azul, verde y otros colores.<\/p>\n<p>El reproductor de m\u00fasica iPod, inicialmente gris met\u00e1lico, se diversific\u00f3 hasta abarcar todo un espectro de colores vivos. M\u00e1s tarde, la variante \"oro rosa\" del iPhone 6S en 2015 dio lugar a una multitud de imitaciones, siguiendo una tendencia de varios a\u00f1os bautizada como \"rosa millenial\".<\/p>\n<figure class=\"placeholder-image master_landscape big\"><img decoding=\"async\" data-format=\"MASTER_LANDSCAPE\" data-id=\"76593368\" data-url=\"https:\/\/static.dw.com\/image\/76593368_$formatId.jpg\" data-aspect-ratio=\"16\/9\" alt=\"La iMac de colores fue lanzada en 1998.\" src=\"image\/gif;base64,R0lGODlhAQABAAAAACH5BAEKAAEALAAAAAABAAEAAAICTAEAOw==\" \/><figcaption class=\"img-caption\">La iMac de colores fue lanzada en 1998.<small class=\"copyright\">Imagen: Mark Ralston\/Newscom\/SCMP\/IMAGO<\/small><\/figcaption><\/figure>\n<h2>\"09H41&#8243;<\/h2>\n<p>Casi todos los anuncios y capturas de pantalla de los productos Apple tienen un punto en com\u00fan: muestran la misma hora, 09H41. Y no es por casualidad.<\/p>\n<p>Jon Manning, un creador de juegos australiano, dijo haber preguntado en 2010 a Scott Forstall, entonces encargado de iOS (sistema operativo m\u00f3vil de Apple) al respecto. Explic\u00f3 tambi\u00e9n que ese horario es una referencia a la estructura de los eventos de la presentaci\u00f3n de productos Apple.<\/p>\n<p>\"Dise\u00f1amos las presentaciones de modo que la gran revelaci\u00f3n del producto ocurra alrededor de 40 minutos despu\u00e9s del inicio de la presentaci\u00f3n\", indic\u00f3 Forstall.<\/p>\n<p>EE (AFP, Berliner TagesZeitung)<\/p>\n<p>\u00a0<\/p>\n","protected":false},"excerpt":{"rendered":"<p>Desde sus inicios en un garaje de California en abril de 1976, Apple ha marcado el mundo de la inform\u00e1tica y la cultura popular con productos adoptados por millones de consumidores en todo el mundo. He aqu\u00ed cinco datos poco conocidos sobre la empresa con sede en Cupertino, California, con motivo de su 50 aniversario. [&hellip;]<\/p>\n","protected":false},"author":1,"featured_media":8990,"comment_status":"open","ping_status":"open","sticky":false,"template":"","format":"standard","meta":{"amp_status":"","footnotes":""},"categories":[6],"tags":[],"class_list":["post-8989","post","type-post","status-publish","format-standard","has-post-thumbnail","hentry","category-ciencia-y-tecnologia"],"_links":{"self":[{"href":"https:\/\/ermdigital.com\/index.php\/wp-json\/wp\/v2\/posts\/8989","targetHints":{"allow":["GET"]}}],"collection":[{"href":"https:\/\/ermdigital.com\/index.php\/wp-json\/wp\/v2\/posts"}],"about":[{"href":"https:\/\/ermdigital.com\/index.php\/wp-json\/wp\/v2\/types\/post"}],"author":[{"embeddable":true,"href":"https:\/\/ermdigital.com\/index.php\/wp-json\/wp\/v2\/users\/1"}],"replies":[{"embeddable":true,"href":"https:\/\/ermdigital.com\/index.php\/wp-json\/wp\/v2\/comments?post=8989"}],"version-history":[{"count":0,"href":"https:\/\/ermdigital.com\/index.php\/wp-json\/wp\/v2\/posts\/8989\/revisions"}],"wp:featuredmedia":[{"embeddable":true,"href":"https:\/\/ermdigital.com\/index.php\/wp-json\/wp\/v2\/media\/8990"}],"wp:attachment":[{"href":"https:\/\/ermdigital.com\/index.php\/wp-json\/wp\/v2\/media?parent=8989"}],"wp:term":[{"taxonomy":"category","embeddable":true,"href":"https:\/\/ermdigital.com\/index.php\/wp-json\/wp\/v2\/categories?post=8989"},{"taxonomy":"post_tag","embeddable":true,"href":"https:\/\/ermdigital.com\/index.php\/wp-json\/wp\/v2\/tags?post=8989"}],"curies":[{"name":"wp","href":"https:\/\/api.w.org\/{rel}","templated":true}]}}