{"id":8975,"date":"2026-03-30T08:30:38","date_gmt":"2026-03-30T12:30:38","guid":{"rendered":"https:\/\/ermdigital.com\/index.php\/2026\/03\/30\/solo-existe-un-bugatti-la-voiture-noire-y-nadie-sabia-quien-era-su-dueno-la-respuesta-estaba-en-el-garaje-de-los-porsche\/"},"modified":"2026-03-30T08:30:38","modified_gmt":"2026-03-30T12:30:38","slug":"solo-existe-un-bugatti-la-voiture-noire-y-nadie-sabia-quien-era-su-dueno-la-respuesta-estaba-en-el-garaje-de-los-porsche","status":"publish","type":"post","link":"https:\/\/ermdigital.com\/index.php\/2026\/03\/30\/solo-existe-un-bugatti-la-voiture-noire-y-nadie-sabia-quien-era-su-dueno-la-respuesta-estaba-en-el-garaje-de-los-porsche\/","title":{"rendered":"Solo existe un Bugatti La Voiture Noire y nadie sab\u00eda qui\u00e9n era su due\u00f1o. La respuesta estaba en el garaje de los Porsche"},"content":{"rendered":"<p>\n      <img decoding=\"async\" src=\"https:\/\/i.blogs.es\/fe24b5\/portada\/1024_2000.jpeg\" alt=\"Solo existe un Bugatti La Voiture Noire y nadie sab\u00eda qui\u00e9n era su due\u00f1o. La respuesta estaba en el garaje de los Porsche \">\n    <\/p>\n<p>Durante a\u00f1os, el propietario del <a class=\"text-outboundlink\" href=\"https:\/\/www.xataka.com\/movilidad\/millonarios-no-se-conforman-tener-coches-caros-quieren-coches-unicos-bugatti-se-ha-puesto-manos-a-obra\" data-vars-post-title=\"Bugatti ha descubierto que los millonarios ya no quieren comprar coches de lujo: quieren comprar obras de arte \u00fanicas\" data-vars-post-url=\"https:\/\/www.xataka.com\/movilidad\/millonarios-no-se-conforman-tener-coches-caros-quieren-coches-unicos-bugatti-se-ha-puesto-manos-a-obra\">coche m\u00e1s exclusivo del mundo<\/a> fue todo un misterio. Solo existe un ejemplar del Bugatti La Voiture Noire y, desde su presentaci\u00f3n en el Sal\u00f3n del Autom\u00f3vil de Ginebra de 2019, nadie confirm\u00f3 oficialmente qui\u00e9n lo hab\u00eda comprado.<\/p>\n<p><!-- BREAK 1 --><\/p>\n<p>Eso hizo que Internet se llenara de teor\u00edas y especulaciones: desde futbolistas de \u00e9lite hasta jeques del petr\u00f3leo. Tanto fue as\u00ed que el entonces CEO de Bugatti, Stephan Winkelmann, lleg\u00f3 a desmentir p\u00fablicamente que el comprador de esta joya del coleccionismo <a rel=\"noopener, noreferrer\" href=\"https:\/\/www.expansion.com\/fueradeserie\/motor\/album\/2019\/05\/08\/5cd13c82468aebb83b8b4592.html\">fuera Cristiano Ronaldo<\/a>, uno de los nombres m\u00e1s repetidos por tener varios Bugatti en su garaje y la suficiente liquidez econ\u00f3mica como para permitirse su compra.<\/p>\n<p>El misterio se hab\u00eda mantenido intacto <a rel=\"noopener, noreferrer\" href=\"https:\/\/story.handelsblatt.com\/fuer-sein-start-up-muss-anton-piech-den-bugatti-seines-vaters-verkaufen?cmsid=100209559&amp;payloadcache=8b37699e-b9c3-450b-b280-3ffbb4c5cfdf#chapter-3\">hasta ahora<\/a>.<\/p>\n<div class=\"article-asset article-asset-normal article-asset-center\">\n<div class=\"desvio-container\">\n<div class=\"desvio\">\n<div class=\"desvio-figure js-desvio-figure\">\n    <a href=\"https:\/\/www.xataka.com\/movilidad\/ceo-bugatti-cuenta-cual-su-eleccion-para-conducir-temporales-nieve-bugatti-tourbillon-4-millones-dolares\" class=\"pivot-outboundlink\" data-vars-post-title=\"Mate Rimac saca el primer Bugatti Tourbillon a la carretera: le ha montado neum\u00e1ticos de invierno para usarlo como quitanieves\"><br \/>\n     <img loading=\"lazy\" decoding=\"async\" alt=\"Mate Rimac saca el primer Bugatti Tourbillon a la carretera: le ha montado neum\u00e1ticos de invierno para usarlo como quitanieves\" width=\"375\" height=\"142\" src=\"https:\/\/i.blogs.es\/146794\/bugatti-en-la-nieve\/375_142.jpeg\"><br \/>\n    <\/a>\n   <\/div>\n<div class=\"desvio-summary\">\n<div class=\"desvio-taxonomy js-desvio-taxonomy\">\n     <a href=\"https:\/\/www.xataka.com\/movilidad\/ceo-bugatti-cuenta-cual-su-eleccion-para-conducir-temporales-nieve-bugatti-tourbillon-4-millones-dolares\" class=\"desvio-taxonomy-anchor pivot-outboundlink\" data-vars-post-title=\"Mate Rimac saca el primer Bugatti Tourbillon a la carretera: le ha montado neum\u00e1ticos de invierno para usarlo como quitanieves\">En Xataka<\/a>\n    <\/div>\n<p>    <a href=\"https:\/\/www.xataka.com\/movilidad\/ceo-bugatti-cuenta-cual-su-eleccion-para-conducir-temporales-nieve-bugatti-tourbillon-4-millones-dolares\" class=\"desvio-title js-desvio-title pivot-outboundlink\" data-vars-post-title=\"Mate Rimac saca el primer Bugatti Tourbillon a la carretera: le ha montado neum\u00e1ticos de invierno para usarlo como quitanieves\">Mate Rimac saca el primer Bugatti Tourbillon a la carretera: le ha montado neum\u00e1ticos de invierno para usarlo como quitanieves<\/a>\n   <\/div>\n<\/p><\/div>\n<\/p><\/div>\n<\/div>\n<p><strong>Una obra de arte inspirada en un coche desaparecido<\/strong>. El <a rel=\"noopener, noreferrer\" href=\"https:\/\/www.bugatti.com\/en\/models\/la-voiture-noire\">La Voiture Noire<\/a> naci\u00f3 como un homenaje obsesivo a uno de los autom\u00f3viles m\u00e1s legendarios de la historia. Bugatti dise\u00f1\u00f3 este ejemplar \u00fanico mirando al <a rel=\"noopener, noreferrer\" href=\"https:\/\/www.topgear.es\/garaje\/desaparicion-coche-caro-mundo-1370105\">Type 57 SC Atlantic<\/a>, creado en los a\u00f1os 30 por Jean Bugatti, hijo del fundador Ettore Bugatti. De aquel Atlantic solo se fabricaron cuatro unidades, y una de ellas, precisamente la conocida como La Voiture Noire, desapareci\u00f3 sin dejar rastro antes de la Segunda Guerra Mundial, y <a rel=\"noopener, noreferrer\" href=\"https:\/\/www.lavanguardia.com\/motor\/20240316\/9564992\/donde-esta-la-voiture-noire-historia-bugatti-type-57-atlantic-perdido-pmv.html\">nunca se ha encontrado<\/a>.<\/p>\n<p><!-- BREAK 2 --><\/p>\n<div class=\"article-asset-image article-asset-normal article-asset-center\">\n<div class=\"asset-content\">\n<p>   <img decoding=\"async\" alt=\"Historia\" class=\"centro_sinmarco\" src=\"https:\/\/i.blogs.es\/2b3dc7\/historia\/450_1000.jpeg\"><\/p><\/div>\n<\/div>\n<p>El modelo de 2019 retoma esa herencia con una propuesta t\u00e9cnica aplastante al m\u00e1s puro estilo Bugatti: motor W16 de 8 litros con 1.500 CV, cuatro turbocompresores y seis tubos de escape que emergen en cada costado de la carrocer\u00eda como gui\u00f1o directo al dise\u00f1o del Atlantic original. Con su acabado en negro lacado, l\u00edneas esculturales y el peso de una leyenda sobre la carrocer\u00eda, Bugatti vendi\u00f3 <a class=\"text-outboundlink\" href=\"https:\/\/www.xataka.com\/movilidad\/ceo-bugatti-confirma-que-sus-clientes-gastan-extras-que-propio-coche-media-500-000-euros\" data-vars-post-title=\"Bugatti ha encontrado un nuevo fil\u00f3n: sus clientes se gastan de media 500.000 euros en extras para personalizar su coche\" data-vars-post-url=\"https:\/\/www.xataka.com\/movilidad\/ceo-bugatti-confirma-que-sus-clientes-gastan-extras-que-propio-coche-media-500-000-euros\">este ejemplar \u00fanico<\/a> a un propietario desconocido por unos 16,7 millones de euros.<\/p>\n<p><!-- BREAK 3 --><\/p>\n<div class=\"article-asset-image article-asset-normal article-asset-center\">\n<div class=\"asset-content\">\n<p>   <img decoding=\"async\" alt=\"Techo\" class=\"centro_sinmarco\" src=\"https:\/\/i.blogs.es\/4a8141\/techo\/450_1000.jpeg\"><\/p><\/div>\n<\/div>\n<p><strong>El misterio resuelto: Ferdinand Pi\u00ebch, nieto de Porsche<\/strong>. Ahora se sabe que el Bugatti La Voiture Noire realmente nunca sali\u00f3 de su casa ya que fue Ferdinand Pi\u00ebch quien lo adquiri\u00f3. Pi\u00ebch era nieto de Ferdinand Porsche, fundador de la marca que lleva su apellido, y uno de los ingenieros y directivos m\u00e1s influyentes del siglo XX en el mundo del autom\u00f3vil. Durante su etapa al frente del Grupo Volkswagen, fue el principal art\u00edfice del <a class=\"text-outboundlink\" href=\"https:\/\/www.xataka.com\/movilidad\/hibrido-enchufable-cuatro-millones-euros-idea-loca-bugatti-tiene-etiqueta-cero-1-800cv\" data-vars-post-title=\"Ahora es posible comprarse un Bugatti con etiqueta CERO: cuesta casi cuatro millones de euros\" data-vars-post-url=\"https:\/\/www.xataka.com\/movilidad\/hibrido-enchufable-cuatro-millones-euros-idea-loca-bugatti-tiene-etiqueta-cero-1-800cv\">renacimiento de Bugatti\u00a0<\/a>como marca de hipercoches de lujo extremo, impulsando el desarrollo del impresionante motor W16 que late bajo el cap\u00f3 de La Voiture Noire.<\/p>\n<p><!-- BREAK 4 --><\/p>\n<div class=\"article-asset-image article-asset-normal article-asset-center\">\n<div class=\"asset-content\">\n<p>   <img decoding=\"async\" alt=\"Frontal\" class=\"centro_sinmarco\" src=\"https:\/\/i.blogs.es\/28ec8c\/frontal\/450_1000.jpeg\"><\/p><\/div>\n<\/div>\n<p>La historia de ese motor tiene su propia \u00e9pica. El concepto del bloque W16 <a class=\"text-outboundlink\" href=\"https:\/\/www.xataka.com\/movilidad\/bugatti-veyron-rompio-todo-gracias-a-motor-brutal-uno-que-nacio-unos-garabatos-pintados-a-320-km-h\" data-vars-post-title=\"El Bugatti Veyron rompi\u00f3 con todo gracias a un motor brutal. Uno que naci\u00f3 con unos garabatos pintados a 320 km\/h \" data-vars-post-url=\"https:\/\/www.xataka.com\/movilidad\/bugatti-veyron-rompio-todo-gracias-a-motor-brutal-uno-que-nacio-unos-garabatos-pintados-a-320-km-h\">fue esbozado a mano por Pi\u00ebch<\/a> sobre un papel viajaba a 320 km\/h en un tren bala japon\u00e9s. Como si fuera una premonici\u00f3n, ese mismo propulsor convirti\u00f3 al Bugatti Veyron en el primer coche de producci\u00f3n en convertirse en un misil <a class=\"text-outboundlink\" href=\"https:\/\/www.xataka.com\/movilidad\/primer-bugatti-veyron-tenia-velocidad-punta-superior-a-406-km-h-era-fria-venganza-nacida-le-mans\" data-vars-post-title='El primer Bugatti Veyron ten\u00eda \"una velocidad punta superior a 406 km\/h\". Era una fr\u00eda venganza nacida en Le Mans' data-vars-post-url=\"https:\/\/www.xataka.com\/movilidad\/primer-bugatti-veyron-tenia-velocidad-punta-superior-a-406-km-h-era-fria-venganza-nacida-le-mans\">capaz de superar los 400 km\/h<\/a>. Ferdinand Pi\u00ebch <a rel=\"noopener, noreferrer\" href=\"https:\/\/newsroom.porsche.com\/es_ES\/empresa\/2019\/es-porsche-obituario-ferdinand-piech-18465.html\">falleci\u00f3 en 2019<\/a>, el mismo a\u00f1o en que La Voiture Noire fue presentado al mundo. El coche, sin embargo, no se entreg\u00f3 hasta 2021, pasando entonces a manos de su hijo Anton Pi\u00ebch como heredero.<\/p>\n<p><!-- BREAK 5 --><\/p>\n<div class=\"article-asset-video article-asset-normal\">\n<div class=\"asset-content\">\n<div class=\"base-asset-video\">\n<div class=\"js-dailymotion\"><\/div>\n<\/p><\/div>\n<\/p><\/div>\n<\/div>\n<p><strong>El giro: el heredero necesita liquidez<\/strong>. Anton Pi\u00ebch hered\u00f3 as\u00ed el hipercoche m\u00e1s caro del mundo en el momento de su entrega. Ahora, sin embargo, ha tomado una decisi\u00f3n que cierra un c\u00edrculo simb\u00f3lico: <a rel=\"noopener, noreferrer\" href=\"https:\/\/es.motor1.com\/news\/791458\/el-hijo-de-pi%C3%ABch-vende-el-bugatti-la-voiture-noire-por-25-millones-de-euros\/\">quiere venderlo<\/a>. Seg\u00fan documentaci\u00f3n de venta a la que <a rel=\"noopener, noreferrer\" href=\"https:\/\/story.handelsblatt.com\/fuer-sein-start-up-muss-anton-piech-den-bugatti-seines-vaters-verkaufen?cmsid=100209559&amp;payloadcache=8b37699e-b9c3-450b-b280-3ffbb4c5cfdf#chapter-3\">ha tenido acceso<\/a> al diario econ\u00f3mico alem\u00e1n <em>Handelsblatt<\/em>, el La Voiture Noire se ofrece mediante un proceso discreto de presentaci\u00f3n de ofertas por 23 millones de francos suizos, unos 25 millones de euros.<\/p>\n<p><!-- BREAK 6 --><\/p>\n<p>El motivo de la venta de semejante leyenda del automovilismo es la necesidad de financiar <a rel=\"noopener, noreferrer\" href=\"https:\/\/www.piech.com\/\">Pi\u00ebch Automotive<\/a>, su propia startup de veh\u00edculos el\u00e9ctricos fundada en 2017. La empresa lleva m\u00e1s de una d\u00e9cada avanzando con dificultad y todav\u00eda no tienen un veh\u00edculo de producci\u00f3n. Seg\u00fan fuentes citadas por <em>Handelsblatt<\/em>, la compa\u00f1\u00eda tambi\u00e9n explora una posible integraci\u00f3n bajo el paraguas del grupo chino Chery, aunque ninguna de las partes ha confirmado los detalles.<\/p>\n<p>En Xataka | <a class=\"text-outboundlink\" href=\"https:\/\/www.xataka.com\/movilidad\/bugatti-veyron-era-joya-que-costaba-1-7-millones-dolares-volkswagen-perdia-6-7-millones-cada-uno-que-vendia\" data-vars-post-title=\"Bugatti Veyron era una joya que costaba de 1,7 millones de d\u00f3lares: Volkswagen perd\u00eda 6,7 millones con cada uno que vend\u00eda\" data-vars-post-url=\"https:\/\/www.xataka.com\/movilidad\/bugatti-veyron-era-joya-que-costaba-1-7-millones-dolares-volkswagen-perdia-6-7-millones-cada-uno-que-vendia\">Bugatti Veyron era una joya que costaba de 1,7 millones de d\u00f3lares: Volkswagen perd\u00eda 6,7 millones con cada uno que vend\u00eda<\/a><\/p>\n<p>Imagen | Bugatti<\/p>\n<p> &#8211; <br \/> La noticia<br \/>\n      <a href=\"https:\/\/www.xataka.com\/movilidad\/solo-existe-bugatti-voiture-noire-nadie-sabia-quien-era-su-dueno-respuesta-estaba-garaje-porsche?utm_source=feedburner&amp;utm_medium=feed&amp;utm_campaign=30_Mar_2026\"><br \/>\n       <em> Solo existe un Bugatti La Voiture Noire y nadie sab\u00eda qui\u00e9n era su due\u00f1o. La respuesta estaba en el garaje de los Porsche  <\/em><br \/>\n      <\/a><br \/>\n      fue publicada originalmente en<br \/>\n      <a href=\"https:\/\/www.xataka.com\/?utm_source=feedburner&amp;utm_medium=feed&amp;utm_campaign=30_Mar_2026\"><br \/>\n       <strong> Xataka <\/strong><br \/>\n      <\/a><br \/>\n             por <a href=\"https:\/\/www.xataka.com\/autor\/ruben-andres?utm_source=feedburner&amp;utm_medium=feed&amp;utm_campaign=30_Mar_2026\"><br \/>\n        Rub\u00e9n Andr\u00e9s<br \/>\n       <\/a><br \/>\n      . <\/p>\n<p>\u00a0Durante a\u00f1os, el propietario del coche m\u00e1s exclusivo del mundo fue todo un misterio. Solo existe un ejemplar del Bugatti La Voiture Noire y, desde su presentaci\u00f3n en el Sal\u00f3n del Autom\u00f3vil de Ginebra de 2019, nadie confirm\u00f3 oficialmente qui\u00e9n lo hab\u00eda comprado.<br \/>\nEso hizo que Internet se llenara de teor\u00edas y especulaciones: desde futbolistas de \u00e9lite hasta jeques del petr\u00f3leo. Tanto fue as\u00ed que el entonces CEO de Bugatti, Stephan Winkelmann, lleg\u00f3 a desmentir p\u00fablicamente que el comprador de esta joya del coleccionismo fuera Cristiano Ronaldo, uno de los nombres m\u00e1s repetidos por tener varios Bugatti en su garaje y la suficiente liquidez econ\u00f3mica como para permitirse su compra.<br \/>\nEl misterio se hab\u00eda mantenido intacto hasta ahora.<\/p>\n<p>     En Xataka<\/p>\n<p>    Mate Rimac saca el primer Bugatti Tourbillon a la carretera: le ha montado neum\u00e1ticos de invierno para usarlo como quitanieves<\/p>\n<p>Una obra de arte inspirada en un coche desaparecido. El La Voiture Noire naci\u00f3 como un homenaje obsesivo a uno de los autom\u00f3viles m\u00e1s legendarios de la historia. Bugatti dise\u00f1\u00f3 este ejemplar \u00fanico mirando al Type 57 SC Atlantic, creado en los a\u00f1os 30 por Jean Bugatti, hijo del fundador Ettore Bugatti. De aquel Atlantic solo se fabricaron cuatro unidades, y una de ellas, precisamente la conocida como La Voiture Noire, desapareci\u00f3 sin dejar rastro antes de la Segunda Guerra Mundial, y nunca se ha encontrado.<\/p>\n<p>El modelo de 2019 retoma esa herencia con una propuesta t\u00e9cnica aplastante al m\u00e1s puro estilo Bugatti: motor W16 de 8 litros con 1.500 CV, cuatro turbocompresores y seis tubos de escape que emergen en cada costado de la carrocer\u00eda como gui\u00f1o directo al dise\u00f1o del Atlantic original. Con su acabado en negro lacado, l\u00edneas esculturales y el peso de una leyenda sobre la carrocer\u00eda, Bugatti vendi\u00f3 este ejemplar \u00fanico a un propietario desconocido por unos 16,7 millones de euros.<\/p>\n<p>El misterio resuelto: Ferdinand Pi\u00ebch, nieto de Porsche. Ahora se sabe que el Bugatti La Voiture Noire realmente nunca sali\u00f3 de su casa ya que fue Ferdinand Pi\u00ebch quien lo adquiri\u00f3. Pi\u00ebch era nieto de Ferdinand Porsche, fundador de la marca que lleva su apellido, y uno de los ingenieros y directivos m\u00e1s influyentes del siglo XX en el mundo del autom\u00f3vil. Durante su etapa al frente del Grupo Volkswagen, fue el principal art\u00edfice del renacimiento de Bugatti\u00a0como marca de hipercoches de lujo extremo, impulsando el desarrollo del impresionante motor W16 que late bajo el cap\u00f3 de La Voiture Noire.<\/p>\n<p>La historia de ese motor tiene su propia \u00e9pica. El concepto del bloque W16 fue esbozado a mano por Pi\u00ebch sobre un papel viajaba a 320 km\/h en un tren bala japon\u00e9s. Como si fuera una premonici\u00f3n, ese mismo propulsor convirti\u00f3 al Bugatti Veyron en el primer coche de producci\u00f3n en convertirse en un misil capaz de superar los 400 km\/h. Ferdinand Pi\u00ebch falleci\u00f3 en 2019, el mismo a\u00f1o en que La Voiture Noire fue presentado al mundo. El coche, sin embargo, no se entreg\u00f3 hasta 2021, pasando entonces a manos de su hijo Anton Pi\u00ebch como heredero.<\/p>\n<p>El giro: el heredero necesita liquidez. Anton Pi\u00ebch hered\u00f3 as\u00ed el hipercoche m\u00e1s caro del mundo en el momento de su entrega. Ahora, sin embargo, ha tomado una decisi\u00f3n que cierra un c\u00edrculo simb\u00f3lico: quiere venderlo. Seg\u00fan documentaci\u00f3n de venta a la que ha tenido acceso al diario econ\u00f3mico alem\u00e1n Handelsblatt, el La Voiture Noire se ofrece mediante un proceso discreto de presentaci\u00f3n de ofertas por 23 millones de francos suizos, unos 25 millones de euros.<br \/>\nEl motivo de la venta de semejante leyenda del automovilismo es la necesidad de financiar Pi\u00ebch Automotive, su propia startup de veh\u00edculos el\u00e9ctricos fundada en 2017. La empresa lleva m\u00e1s de una d\u00e9cada avanzando con dificultad y todav\u00eda no tienen un veh\u00edculo de producci\u00f3n. Seg\u00fan fuentes citadas por Handelsblatt, la compa\u00f1\u00eda tambi\u00e9n explora una posible integraci\u00f3n bajo el paraguas del grupo chino Chery, aunque ninguna de las partes ha confirmado los detalles.<br \/>\nEn Xataka | Bugatti Veyron era una joya que costaba de 1,7 millones de d\u00f3lares: Volkswagen perd\u00eda 6,7 millones con cada uno que vend\u00eda<br \/>\nImagen | Bugatti<\/p>\n<p>                 &#8211;  La noticia<\/p>\n<p>        Solo existe un Bugatti La Voiture Noire y nadie sab\u00eda qui\u00e9n era su due\u00f1o. La respuesta estaba en el garaje de los Porsche  <\/p>\n<p>      fue publicada originalmente en<\/p>\n<p>        Xataka <\/p>\n<p>             por<br \/>\n        Rub\u00e9n Andr\u00e9s<\/p>\n<p>      .\u00a0\u00a0\u00a0<\/p>\n","protected":false},"excerpt":{"rendered":"<p>Durante a\u00f1os, el propietario del coche m\u00e1s exclusivo del mundo fue todo un misterio. Solo existe un ejemplar del Bugatti La Voiture Noire y, desde su presentaci\u00f3n en el Sal\u00f3n del Autom\u00f3vil de Ginebra de 2019, nadie confirm\u00f3 oficialmente qui\u00e9n lo hab\u00eda comprado. Eso hizo que Internet se llenara de teor\u00edas y especulaciones: desde futbolistas [&hellip;]<\/p>\n","protected":false},"author":1,"featured_media":8976,"comment_status":"open","ping_status":"open","sticky":false,"template":"","format":"standard","meta":{"amp_status":"","footnotes":""},"categories":[6],"tags":[],"class_list":["post-8975","post","type-post","status-publish","format-standard","has-post-thumbnail","hentry","category-ciencia-y-tecnologia"],"_links":{"self":[{"href":"https:\/\/ermdigital.com\/index.php\/wp-json\/wp\/v2\/posts\/8975","targetHints":{"allow":["GET"]}}],"collection":[{"href":"https:\/\/ermdigital.com\/index.php\/wp-json\/wp\/v2\/posts"}],"about":[{"href":"https:\/\/ermdigital.com\/index.php\/wp-json\/wp\/v2\/types\/post"}],"author":[{"embeddable":true,"href":"https:\/\/ermdigital.com\/index.php\/wp-json\/wp\/v2\/users\/1"}],"replies":[{"embeddable":true,"href":"https:\/\/ermdigital.com\/index.php\/wp-json\/wp\/v2\/comments?post=8975"}],"version-history":[{"count":0,"href":"https:\/\/ermdigital.com\/index.php\/wp-json\/wp\/v2\/posts\/8975\/revisions"}],"wp:featuredmedia":[{"embeddable":true,"href":"https:\/\/ermdigital.com\/index.php\/wp-json\/wp\/v2\/media\/8976"}],"wp:attachment":[{"href":"https:\/\/ermdigital.com\/index.php\/wp-json\/wp\/v2\/media?parent=8975"}],"wp:term":[{"taxonomy":"category","embeddable":true,"href":"https:\/\/ermdigital.com\/index.php\/wp-json\/wp\/v2\/categories?post=8975"},{"taxonomy":"post_tag","embeddable":true,"href":"https:\/\/ermdigital.com\/index.php\/wp-json\/wp\/v2\/tags?post=8975"}],"curies":[{"name":"wp","href":"https:\/\/api.w.org\/{rel}","templated":true}]}}