{"id":8922,"date":"2026-03-30T06:20:38","date_gmt":"2026-03-30T10:20:38","guid":{"rendered":"https:\/\/ermdigital.com\/index.php\/2026\/03\/30\/vivo-x300-ultra-sigue-la-presentacion-en-europa-del-buque-insignia-fotografico-de-vivo-en-directo\/"},"modified":"2026-03-30T06:20:38","modified_gmt":"2026-03-30T10:20:38","slug":"vivo-x300-ultra-sigue-la-presentacion-en-europa-del-buque-insignia-fotografico-de-vivo-en-directo","status":"publish","type":"post","link":"https:\/\/ermdigital.com\/index.php\/2026\/03\/30\/vivo-x300-ultra-sigue-la-presentacion-en-europa-del-buque-insignia-fotografico-de-vivo-en-directo\/","title":{"rendered":"Vivo X300 Ultra: sigue la presentaci\u00f3n en Europa del buque insignia fotogr\u00e1fico de Vivo en directo"},"content":{"rendered":"<p>\n      <img decoding=\"async\" src=\"https:\/\/i.blogs.es\/c40021\/en-directo-2\/1024_2000.jpeg\" alt=\"Vivo X300 Ultra: sigue la presentaci\u00f3n en Europa del buque insignia fotogr\u00e1fico de Vivo en directo\">\n    <\/p>\n<p>Hoy es un d\u00eda importante para Vivo: la compa\u00f1\u00eda china va a presentar su nuevo terminal de gama alta premium, el <strong>Vivo X300 Ultra<\/strong>. Podr\u00eda parecer un lanzamiento m\u00e1s, una presentaci\u00f3n al uso, pero no. No, por un sencillo motivo: ser\u00e1 la primera vez que el modelo Ultra salga de China y llegue a Europa. Y como no podr\u00eda ser de otra manera, podr\u00e1s seguir la conferencia en vivo y en directo con nosotros.<\/p>\n<p><!-- BREAK 1 --><\/p>\n<p>La presentaci\u00f3n del Vivo X300 Ultra ser\u00e1 <strong>hoy, 30 de marzo, a las 13:20 hora peninsular espa\u00f1ola<\/strong>. Podr\u00e1s seguirla <a rel=\"noopener, noreferrer\" href=\"https:\/\/youtube.com\/live\/H4p5KDdUzTI\">a trav\u00e9s de nuestro canal de YouTube<\/a> en un streaming capitaneado por \u00c1ngela Blanco y Francisco Franconi. Los horarios seg\u00fan regiones son los siguientes:<\/p>\n<p><!-- BREAK 2 --><\/p>\n<ul>\n<li><strong>Espa\u00f1a<\/strong>: 13:20 (12:20 en Canarias).<\/li>\n<li><strong>M\u00e9xico:<\/strong><strong>\u00a0<\/strong>5:20 AM<\/li>\n<li><strong>Colombia<\/strong>: 6:20 AM.<\/li>\n<li><strong>Venezuela<\/strong><strong>\u00a0<\/strong>: 7:20 AM.<\/li>\n<li><strong>Argentina, Chile<\/strong>: 8:20 AM.<\/li>\n<\/ul>\n<h2>Estamos en directo<\/h2>\n<div class=\"article-asset-video article-asset-normal\">\n<div class=\"asset-content\">\n<div class=\"base-asset-video\"><\/div>\n<\/p><\/div>\n<\/div>\n<h2>Qu\u00e9 esperamos del Vivo X300 Ultra<\/h2>\n<p>No es la primera vez que el Vivo X300 Ultra camina sobre territorio europeo. <a class=\"text-outboundlink\" href=\"https:\/\/www.xatakamovil.com\/vivo\/vivo-x300-ultra-cerca-que-hemos-estado-camara-profesional-movil-su-teleobjetivo-externo-400-mm-ha-roto-techo\" data-vars-post-title=\"El Vivo X300 Ultra es lo m\u00e1s cerca que hemos estado de una c\u00e1mara profesional en el m\u00f3vil: su teleobjetivo externo 400 mm ha roto el techo \" data-vars-post-url=\"https:\/\/www.xatakamovil.com\/vivo\/vivo-x300-ultra-cerca-que-hemos-estado-camara-profesional-movil-su-teleobjetivo-externo-400-mm-ha-roto-techo\">Vivo lo trajo al MWC 2026<\/a>, donde lo tuvo expuesto y donde ya tuvimos ocasi\u00f3n de verlo de cerca. La clave de este terminal, m\u00e1s all\u00e1 de su ficha t\u00e9cnica, <strong>est\u00e1 en la c\u00e1mara<\/strong> y en el ecosistema de accesorios que traer\u00e1, porque s\u00ed, el teleconvertidor f\u00edsico parece que volver\u00e1 a hacer acto de presencia.\u00a0<\/p>\n<p><!-- BREAK 3 --><\/p>\n<p>Este convertidor, cuyo nombre es Zeiss Telephoto Extender Gen 2 Ultra, es una soluci\u00f3n de hardware para ampliar la focal nativa del telefoto, pudiendo alcanzar los 400 mm equivalentes o lo que es lo mismo, un <strong>zoom \u00f3ptico de 17 aumentos<\/strong>. Con el recorte digital, podemos alcanzar los 1.600 mil\u00edmetros.\u00a0<\/p>\n<div class=\"article-asset article-asset-normal article-asset-center\">\n<div class=\"desvio-container\">\n<div class=\"desvio\">\n<div class=\"desvio-figure js-desvio-figure\">\n    <a href=\"https:\/\/www.xataka.com\/analisis\/vivo-v70-5g-analisis-caracteristicas-precio-especificaciones\" class=\"pivot-outboundlink\" data-vars-post-title=\"Vivo V70 5G, an\u00e1lisis: el atractivo de contar con la firma Zeiss en la triple c\u00e1mara para tratar de ser diferencial\"><br \/>\n     <img loading=\"lazy\" decoding=\"async\" alt=\"Vivo V70 5G, an\u00e1lisis: el atractivo de contar con la firma Zeiss en la triple c\u00e1mara para tratar de ser diferencial\" width=\"375\" height=\"142\" src=\"https:\/\/i.blogs.es\/fccd01\/vivo_v70_xataka_analisis_01\/375_142.jpeg\"><br \/>\n    <\/a>\n   <\/div>\n<div class=\"desvio-summary\">\n<div class=\"desvio-taxonomy js-desvio-taxonomy\">\n     <a href=\"https:\/\/www.xataka.com\/analisis\/vivo-v70-5g-analisis-caracteristicas-precio-especificaciones\" class=\"desvio-taxonomy-anchor pivot-outboundlink\" data-vars-post-title=\"Vivo V70 5G, an\u00e1lisis: el atractivo de contar con la firma Zeiss en la triple c\u00e1mara para tratar de ser diferencial\">En Xataka<\/a>\n    <\/div>\n<p>    <a href=\"https:\/\/www.xataka.com\/analisis\/vivo-v70-5g-analisis-caracteristicas-precio-especificaciones\" class=\"desvio-title js-desvio-title pivot-outboundlink\" data-vars-post-title=\"Vivo V70 5G, an\u00e1lisis: el atractivo de contar con la firma Zeiss en la triple c\u00e1mara para tratar de ser diferencial\">Vivo V70 5G, an\u00e1lisis: el atractivo de contar con la firma Zeiss en la triple c\u00e1mara para tratar de ser diferencial<\/a>\n   <\/div>\n<\/p><\/div>\n<\/p><\/div>\n<\/div>\n<p>Cabe esperar que tambi\u00e9n haya mejoras en el hardware y que, por dentro, sea un dispositivo de gama alta con todas las de la ley. Todav\u00eda no sabemos mucho sobre \u00e9l, pero saldremos de dudas en apenas unas horas. Lo que s\u00ed sabemos es que el <a class=\"text-outboundlink\" href=\"https:\/\/www.xataka.com\/analisis\/vivo-x300-pro-analisis-caracteristicas-precio-especificaciones\" data-vars-post-title=\"Vivo X300 Pro, an\u00e1lisis: te vas a divertir con esta c\u00e1mara\" data-vars-post-url=\"https:\/\/www.xataka.com\/analisis\/vivo-x300-pro-analisis-caracteristicas-precio-especificaciones\">Vivo X300 Pro<\/a> nos gust\u00f3 mucho y que su c\u00e1mara nos dej\u00f3 con un sabor de boca excepcional, por lo que este modelo Ultra promete emociones fuertes.<\/p>\n<p><!-- BREAK 4 --><\/p>\n<p>Recordamos: la presentaci\u00f3n ser\u00e1 <strong>hoy, 30 de marzo, a las 13:20 hora peninsular espa\u00f1ola<\/strong>. Podr\u00e1s seguirla a trav\u00e9s de <a rel=\"noopener, noreferrer\" href=\"https:\/\/youtube.com\/live\/H4p5KDdUzTI\">nuestro canal de YouTube<\/a>.<\/p>\n<p>Im\u00e1genes | Vivo editada por Xataka<\/p>\n<p>En Xataka | <a rel=\"noopener, noreferrer\" href=\"https:\/\/youtube.com\/live\/H4p5KDdUzTI\">Sigue la presentaci\u00f3n del Vivo X300 Ultra<\/a><\/p>\n<p> &#8211; <br \/> La noticia<br \/>\n      <a href=\"https:\/\/www.xataka.com\/eventos\/vivo-x300-ultra-seguir-presentacion-directo?utm_source=feedburner&amp;utm_medium=feed&amp;utm_campaign=30_Mar_2026\"><br \/>\n       <em> Vivo X300 Ultra: sigue la presentaci\u00f3n en Europa del buque insignia fotogr\u00e1fico de Vivo en directo <\/em><br \/>\n      <\/a><br \/>\n      fue publicada originalmente en<br \/>\n      <a href=\"https:\/\/www.xataka.com\/?utm_source=feedburner&amp;utm_medium=feed&amp;utm_campaign=30_Mar_2026\"><br \/>\n       <strong> Xataka <\/strong><br \/>\n      <\/a><br \/>\n             por <a href=\"https:\/\/www.xataka.com\/autor\/jose-garcia-nieto?utm_source=feedburner&amp;utm_medium=feed&amp;utm_campaign=30_Mar_2026\"><br \/>\n        Jose Garc\u00eda<br \/>\n       <\/a><br \/>\n      . <\/p>\n<p>\u00a0Hoy es un d\u00eda importante para Vivo: la compa\u00f1\u00eda china va a presentar su nuevo terminal de gama alta premium, el Vivo X300 Ultra. Podr\u00eda parecer un lanzamiento m\u00e1s, una presentaci\u00f3n al uso, pero no. No, por un sencillo motivo: ser\u00e1 la primera vez que el modelo Ultra salga de China y llegue a Europa. Y como no podr\u00eda ser de otra manera, podr\u00e1s seguir la conferencia en vivo y en directo con nosotros.<\/p>\n<p>La presentaci\u00f3n del Vivo X300 Ultra ser\u00e1 hoy, 30 de marzo, a las 13:20 hora peninsular espa\u00f1ola. Podr\u00e1s seguirla a trav\u00e9s de nuestro canal de YouTube en un streaming capitaneado por \u00c1ngela Blanco y Francisco Franconi. Los horarios seg\u00fan regiones son los siguientes:<\/p>\n<p>Espa\u00f1a: 13:20 (12:20 en Canarias).M\u00e9xico:\u00a05:20 AMColombia: 6:20 AM.Venezuela\u00a0: 7:20 AM.Argentina, Chile: 8:20 AM.Estamos en directo<\/p>\n<p>Qu\u00e9 esperamos del Vivo X300 Ultra<br \/>\nNo es la primera vez que el Vivo X300 Ultra camina sobre territorio europeo. Vivo lo trajo al MWC 2026, donde lo tuvo expuesto y donde ya tuvimos ocasi\u00f3n de verlo de cerca. La clave de este terminal, m\u00e1s all\u00e1 de su ficha t\u00e9cnica, est\u00e1 en la c\u00e1mara y en el ecosistema de accesorios que traer\u00e1, porque s\u00ed, el teleconvertidor f\u00edsico parece que volver\u00e1 a hacer acto de presencia.\u00a0<br \/>\nEste convertidor, cuyo nombre es Zeiss Telephoto Extender Gen 2 Ultra, es una soluci\u00f3n de hardware para ampliar la focal nativa del telefoto, pudiendo alcanzar los 400 mm equivalentes o lo que es lo mismo, un zoom \u00f3ptico de 17 aumentos. Con el recorte digital, podemos alcanzar los 1.600 mil\u00edmetros.\u00a0<\/p>\n<p>     En Xataka<\/p>\n<p>    Vivo V70 5G, an\u00e1lisis: el atractivo de contar con la firma Zeiss en la triple c\u00e1mara para tratar de ser diferencial<\/p>\n<p>Cabe esperar que tambi\u00e9n haya mejoras en el hardware y que, por dentro, sea un dispositivo de gama alta con todas las de la ley. Todav\u00eda no sabemos mucho sobre \u00e9l, pero saldremos de dudas en apenas unas horas. Lo que s\u00ed sabemos es que el Vivo X300 Pro nos gust\u00f3 mucho y que su c\u00e1mara nos dej\u00f3 con un sabor de boca excepcional, por lo que este modelo Ultra promete emociones fuertes.<br \/>\nRecordamos: la presentaci\u00f3n ser\u00e1 hoy, 30 de marzo, a las 13:20 hora peninsular espa\u00f1ola. Podr\u00e1s seguirla a trav\u00e9s de nuestro canal de YouTube.<br \/>\nIm\u00e1genes | Vivo editada por Xataka<br \/>\nEn Xataka | Sigue la presentaci\u00f3n del Vivo X300 Ultra<\/p>\n<p>                 &#8211;  La noticia<\/p>\n<p>        Vivo X300 Ultra: sigue la presentaci\u00f3n en Europa del buque insignia fotogr\u00e1fico de Vivo en directo <\/p>\n<p>      fue publicada originalmente en<\/p>\n<p>        Xataka <\/p>\n<p>             por<br \/>\n        Jose Garc\u00eda<\/p>\n<p>      .\u00a0\u00a0\u00a0<\/p>\n","protected":false},"excerpt":{"rendered":"<p>Hoy es un d\u00eda importante para Vivo: la compa\u00f1\u00eda china va a presentar su nuevo terminal de gama alta premium, el Vivo X300 Ultra. Podr\u00eda parecer un lanzamiento m\u00e1s, una presentaci\u00f3n al uso, pero no. No, por un sencillo motivo: ser\u00e1 la primera vez que el modelo Ultra salga de China y llegue a Europa. [&hellip;]<\/p>\n","protected":false},"author":1,"featured_media":8923,"comment_status":"open","ping_status":"open","sticky":false,"template":"","format":"standard","meta":{"amp_status":"","footnotes":""},"categories":[6],"tags":[],"class_list":["post-8922","post","type-post","status-publish","format-standard","has-post-thumbnail","hentry","category-ciencia-y-tecnologia"],"_links":{"self":[{"href":"https:\/\/ermdigital.com\/index.php\/wp-json\/wp\/v2\/posts\/8922","targetHints":{"allow":["GET"]}}],"collection":[{"href":"https:\/\/ermdigital.com\/index.php\/wp-json\/wp\/v2\/posts"}],"about":[{"href":"https:\/\/ermdigital.com\/index.php\/wp-json\/wp\/v2\/types\/post"}],"author":[{"embeddable":true,"href":"https:\/\/ermdigital.com\/index.php\/wp-json\/wp\/v2\/users\/1"}],"replies":[{"embeddable":true,"href":"https:\/\/ermdigital.com\/index.php\/wp-json\/wp\/v2\/comments?post=8922"}],"version-history":[{"count":0,"href":"https:\/\/ermdigital.com\/index.php\/wp-json\/wp\/v2\/posts\/8922\/revisions"}],"wp:featuredmedia":[{"embeddable":true,"href":"https:\/\/ermdigital.com\/index.php\/wp-json\/wp\/v2\/media\/8923"}],"wp:attachment":[{"href":"https:\/\/ermdigital.com\/index.php\/wp-json\/wp\/v2\/media?parent=8922"}],"wp:term":[{"taxonomy":"category","embeddable":true,"href":"https:\/\/ermdigital.com\/index.php\/wp-json\/wp\/v2\/categories?post=8922"},{"taxonomy":"post_tag","embeddable":true,"href":"https:\/\/ermdigital.com\/index.php\/wp-json\/wp\/v2\/tags?post=8922"}],"curies":[{"name":"wp","href":"https:\/\/api.w.org\/{rel}","templated":true}]}}