{"id":8918,"date":"2026-03-30T07:00:39","date_gmt":"2026-03-30T11:00:39","guid":{"rendered":"https:\/\/ermdigital.com\/index.php\/2026\/03\/30\/la-guerra-de-iran-esta-poniendo-patas-arriba-el-turismo-y-eso-se-traduce-en-algo-para-mallorca-miles-de-alemanes-mas\/"},"modified":"2026-03-30T07:00:39","modified_gmt":"2026-03-30T11:00:39","slug":"la-guerra-de-iran-esta-poniendo-patas-arriba-el-turismo-y-eso-se-traduce-en-algo-para-mallorca-miles-de-alemanes-mas","status":"publish","type":"post","link":"https:\/\/ermdigital.com\/index.php\/2026\/03\/30\/la-guerra-de-iran-esta-poniendo-patas-arriba-el-turismo-y-eso-se-traduce-en-algo-para-mallorca-miles-de-alemanes-mas\/","title":{"rendered":"La guerra de Ir\u00e1n est\u00e1 poniendo patas arriba el turismo. Y eso se traduce en algo para Mallorca: miles de alemanes m\u00e1s"},"content":{"rendered":"<p>\n      <img decoding=\"async\" src=\"https:\/\/i.blogs.es\/4ddc61\/ap\/1024_2000.jpeg\" alt=\"La guerra de Ir\u00e1n est\u00e1 poniendo patas arriba el turismo. Y eso se traduce en algo para Mallorca: miles de alemanes m\u00e1s\">\n    <\/p>\n<p>En poco m\u00e1s de un mes el conflicto de Oriente Medio ha recordado al mundo que, al menos en el siglo XXI, la onda s\u00edsmica de las guerras se deja sentir mucho m\u00e1s all\u00e1 de donde caen las bombas. Su efecto se ha contagiado ya a <a class=\"text-outboundlink\" href=\"https:\/\/www.xataka.com\/energia\/escenario-200-dolares-barril-cuando-geografia-asfixia-a-economia-mundial\" data-vars-post-title=\"El escenario de los 200 d\u00f3lares por barril: cuando la geograf\u00eda asfixia a la econom\u00eda mundial \" data-vars-post-url=\"https:\/\/www.xataka.com\/energia\/escenario-200-dolares-barril-cuando-geografia-asfixia-a-economia-mundial\">la cotizaci\u00f3n del petr\u00f3leo<\/a>, el mercado burs\u00e1til y la geopol\u00edtica y amenaza ahora con <a class=\"text-outboundlink\" href=\"https:\/\/www.xataka.com\/ecologia-y-naturaleza\/te-preguntas-que-te-tendria-que-importar-que-pase-iran-tenemos-respuesta-cesta-compra\" data-vars-post-title=\"En 2022, la guerra de Ucrania dispar\u00f3 los precios de los supermercados. Ir\u00e1n amenaza con dejarlo en un juego de ni\u00f1os\" data-vars-post-url=\"https:\/\/www.xataka.com\/ecologia-y-naturaleza\/te-preguntas-que-te-tendria-que-importar-que-pase-iran-tenemos-respuesta-cesta-compra\">sacudir la cesta de la compra<\/a>. Otro sector en el que tambi\u00e9n est\u00e1 dejando huella (y mucha) es <a class=\"text-outboundlink\" href=\"https:\/\/www.xataka.com\/magnet\/guerra-iran-ha-revuelto-trafico-aereo-oriente-medio-eso-tiene-victima-vacaciones-miles-europeos\" data-vars-post-title=\"Si tienes un viaje previsto a Vietnam o Jap\u00f3n este a\u00f1o tenemos buenas y malas noticias para ti\" data-vars-post-url=\"https:\/\/www.xataka.com\/magnet\/guerra-iran-ha-revuelto-trafico-aereo-oriente-medio-eso-tiene-victima-vacaciones-miles-europeos\">el tur\u00edstico<\/a>, que ha visto c\u00f3mo en cuesti\u00f3n de semanas se <a class=\"text-outboundlink\" href=\"https:\/\/www.xataka.com\/movilidad\/precio-combustible-aviacion-se-ha-roto-aerolineas-estan-cancelando-vuelos-quedarse-secas\" data-vars-post-title=\"El precio del combustible de aviaci\u00f3n se ha roto. Y las aerol\u00edneas ya est\u00e1n cancelando vuelos por miedo a quedarse secas\" data-vars-post-url=\"https:\/\/www.xataka.com\/movilidad\/precio-combustible-aviacion-se-ha-roto-aerolineas-estan-cancelando-vuelos-quedarse-secas\">cancelaban vuelos<\/a>, reforzaban rutas y b\u00e1sicamente <a class=\"text-outboundlink\" href=\"https:\/\/www.xataka.com\/magnet\/guerra-iran-amenaza-tener-efecto-rebote-inesperado-espana-verano-todavia-turistas\" data-vars-post-title=\"De repente, Espa\u00f1a es muy atractiva para los turistas del Golfo P\u00e9rsico: la cuesti\u00f3n es si eso es bueno para Espa\u00f1a\" data-vars-post-url=\"https:\/\/www.xataka.com\/magnet\/guerra-iran-amenaza-tener-efecto-rebote-inesperado-espana-verano-todavia-turistas\">basculaba la demanda<\/a> a nivel global.<\/p>\n<p><!-- BREAK 1 --><\/p>\n<p>Y eso se est\u00e1 sintiendo con fuerza en Baleares.<\/p>\n<p><strong>M\u00e1s vuelos para Mallorca<\/strong>. Que las Baleares vean reforzada su parrilla de vuelos a las puertas de Semana Santa y con el verano a la vuelta de la esquina no es ninguna novedad. Lo que s\u00ed resulta curioso es que la programaci\u00f3n se blinde con decenas y decenas de frecuencias extra, como <a rel=\"noopener, noreferrer\" href=\"https:\/\/www.diariodemallorca.es\/mallorca\/2026\/03\/26\/guerra-iran-impulsa-turismo-mallorca-128448749.html\">revela<\/a> <em>Diario de Mallorca<\/em>, que estima que la guerra de Ir\u00e1n ha llevado a que se planifiquen m\u00e1s de un centenar de vuelos extra entre Alemania y Mallorca para el inicio de la temporada.<\/p>\n<p><!-- BREAK 2 --><\/p>\n<p>En la pr\u00e1ctica eso se traduce en algo que no tardar\u00e1 en notarse en las Baleares: <a rel=\"noopener, noreferrer\" href=\"https:\/\/www.tourinews.es\/mercados-turismo\/eurowings-36000-plazas-adicionales-alamenia-mallorca-en-semana-santa_4491748_102.html\">decenas y decenas de miles<\/a> de plazas extra para viajeros alemanes hasta junio.<\/p>\n<p><!-- BREAK 3 --><\/p>\n<div class=\"article-asset-image article-asset-normal article-asset-center\">\n<div class=\"asset-content\">\n<p>   <img decoding=\"async\" alt=\"David Vives Mv Ku6jedzk Unsplash\" class=\"centro_sinmarco\" src=\"https:\/\/i.blogs.es\/0f643d\/david-vives-mv_ku6jedzk-unsplash\/450_1000.jpeg\"><\/p><\/div>\n<\/div>\n<p><strong>\u00bfTantos vuelos son?<\/strong> S\u00ed. La mayor inyecci\u00f3n llegar\u00e1 de la mano de Eurowing, una aerol\u00ednea <em>lowcost<\/em> con sede en D\u00fcsseldorf y del Grupo Lufthansa. Hace unos d\u00edas sus responsables <a rel=\"noopener, noreferrer\" href=\"https:\/\/www.tourinews.es\/mercados-turismo\/eurowings-36000-plazas-adicionales-alamenia-mallorca-en-semana-santa_4491748_102.html\">anunciaron<\/a> la programaci\u00f3n de un centenar de vuelos extra a Palma, un esfuerzo que relacionan (sin citarlo de forma directa y expl\u00edcita) con la inestabilidad que vive Oriente Medio. \"La aerol\u00ednea responde a la demanda cambiante del sector y refuerza su oferta al Mediterr\u00e1neo occidental\", <a rel=\"noopener, noreferrer\" href=\"https:\/\/newscloud.eurowings.com\/en\/eurowings-newscloud-ticker--26-march-2026\/\">aclara<\/a>.<\/p>\n<p><!-- BREAK 4 --><\/p>\n<p>Seg\u00fan <a rel=\"noopener, noreferrer\" href=\"https:\/\/newscloud.eurowings.com\/en\/eurowings-newscloud-ticker--26-march-2026\/\">los c\u00e1lculos<\/a> de la compa\u00f1\u00eda, el refuerzo de su operativa con Mallorca se traducir\u00e1 en 36.000 asientos extra hasta finales de mayo. \"Se prev\u00e9n alrededor de 100 vuelos adicionales a Palma, junto con cerca de 70 conexiones a las Canarias (Fuerteventura, Las Palmas, Tenerife), as\u00ed como a Faro, M\u00e1laga, N\u00e1poles y Niza\", <a rel=\"noopener, noreferrer\" href=\"https:\/\/newscloud.eurowings.com\/en\/eurowings-newscloud-ticker--26-march-2026\/\">precisa Eurowings<\/a> antes de precisar que los nuevos vuelos programados operar\u00e1n desde los aeropuertos de Berl\u00edn, Colonia, D\u00fcsseldorf, Hamburgo y Stuttgart.\u00a0\u00a0<\/p>\n<p><!-- BREAK 5 --><\/p>\n<p><strong>M\u00e1s all\u00e1 de Eurowings<\/strong>. La aerol\u00ednea de Lufthansa no es la \u00fanica que ha decidido redoblar su apuesta por las Baleares. Condor Flugdienst, otro operador germano, reactivar\u00e1 <a rel=\"noopener, noreferrer\" href=\"https:\/\/www.diariodemallorca.es\/mallorca\/2026\/03\/26\/guerra-iran-impulsa-turismo-mallorca-128448749.html\">dos conexiones<\/a> con el archipi\u00e9lago espa\u00f1ol a partir de mayo: una ser\u00e1 la ruta Dortmund-Palma, que cubrir\u00e1 a diario con un Airbus A321; la otra enlazar\u00e1 el aeropuerto de M\u00fcnster\/Osnabr\u00fcck con Mallorca.<\/p>\n<p><!-- BREAK 6 --><\/p>\n<p>La lista de compa\u00f1\u00edas que apuntar\u00e1n la oferta de Baleares en las pr\u00f3ximas semanas son Ryanair y TUI Fly. La primera <a rel=\"noopener, noreferrer\" href=\"https:\/\/www.diariodemallorca.es\/mallorca\/2026\/03\/26\/guerra-iran-impulsa-turismo-mallorca-128448749.html\">ofrece<\/a> una ruta a Mallorca desde Friedrichshaffen, en Baden-W\u00fcrttemberg (Alemania). Con respecto a la segunda, Tourinews <a rel=\"noopener, noreferrer\" href=\"https:\/\/www.tourinews.es\/mercados-turismo\/eurowings-36000-plazas-adicionales-alamenia-mallorca-en-semana-santa_4491748_102.html\">informa<\/a> de que hace unos d\u00edas anunci\u00f3 la programaci\u00f3n de 68 vuelos adicionales con unas 10.000 plazas desde varios aer\u00f3dromos alemanes, incluidos Hannover o M\u00fanich. Los destinos se reparten varios puntos repartidos por el sur de Europa, entre los que se incluyen Grecia, las Canarias y Mallorca.<\/p>\n<p><!-- BREAK 7 --><\/p>\n<div class=\"article-asset article-asset-normal article-asset-center\">\n<div class=\"desvio-container\">\n<div class=\"desvio\">\n<div class=\"desvio-figure js-desvio-figure\">\n    <a href=\"https:\/\/www.xataka.com\/magnet\/quieres-viajar-europa-tu-mascota-ahora-habra-algo-importante-que-maleta-billetes-su-pasaporte\" class=\"pivot-outboundlink\" data-vars-post-title=\"Viajar con perro es cada vez m\u00e1s habitual, as\u00ed que la Comisi\u00f3n Europea ha decidido algo: pasaporte obligatorio\"><br \/>\n     <img loading=\"lazy\" decoding=\"async\" alt=\"Viajar con perro es cada vez m\u00e1s habitual, as\u00ed que la Comisi\u00f3n Europea ha decidido algo: pasaporte obligatorio\" width=\"375\" height=\"142\" src=\"https:\/\/i.blogs.es\/1a216f\/perrete\/375_142.jpeg\"><br \/>\n    <\/a>\n   <\/div>\n<div class=\"desvio-summary\">\n<div class=\"desvio-taxonomy js-desvio-taxonomy\">\n     <a href=\"https:\/\/www.xataka.com\/magnet\/quieres-viajar-europa-tu-mascota-ahora-habra-algo-importante-que-maleta-billetes-su-pasaporte\" class=\"desvio-taxonomy-anchor pivot-outboundlink\" data-vars-post-title=\"Viajar con perro es cada vez m\u00e1s habitual, as\u00ed que la Comisi\u00f3n Europea ha decidido algo: pasaporte obligatorio\">En Xataka<\/a>\n    <\/div>\n<p>    <a href=\"https:\/\/www.xataka.com\/magnet\/quieres-viajar-europa-tu-mascota-ahora-habra-algo-importante-que-maleta-billetes-su-pasaporte\" class=\"desvio-title js-desvio-title pivot-outboundlink\" data-vars-post-title=\"Viajar con perro es cada vez m\u00e1s habitual, as\u00ed que la Comisi\u00f3n Europea ha decidido algo: pasaporte obligatorio\">Viajar con perro es cada vez m\u00e1s habitual, as\u00ed que la Comisi\u00f3n Europea ha decidido algo: pasaporte obligatorio<\/a>\n   <\/div>\n<\/p><\/div>\n<\/p><\/div>\n<\/div>\n<p><strong>\"Han cambiado sus planes\"<\/strong>. No se trata solo de que las aerol\u00edneas alemanas parezcan mirar con redoblado inter\u00e9s los grandes destinos del sur de Europa y el Mediterr\u00e1neo. El propio sector reconoce un cambio de tendencia que relaciona con la guerra de Ir\u00e1n y la influencia que est\u00e1 ejerciendo en el mercado.\u00a0<\/p>\n<p><!-- BREAK 8 --><\/p>\n<p>\"Muchos turistas que todav\u00eda no hab\u00edan reservado y que pensaban viajar a destinos de Oriente Medio han cambiado sus planes a \u00faltima hora y optan por otros lugares\", <a rel=\"noopener, noreferrer\" href=\"https:\/\/www.diariodemallorca.es\/mallorca\/2026\/03\/26\/guerra-iran-impulsa-turismo-mallorca-128448749.html\">aclaran<\/a> a <em>Diario de Mallorca<\/em> desde la Agrupaci\u00f3n Empresarial de Agencias de Viajes de Baleares (AVIVA). Hace unos d\u00edas <em>La Raz\u00f3n <\/em><a rel=\"noopener, noreferrer\" href=\"https:\/\/www.larazon.es\/baleares\/mallorca-blinda-temporada-semana-santa-incremento-40-ciento-reservas-britanicas-b30m_2026031769b996ad3156ba241d589474.html\">aseguraba<\/a>, citando datos de turoperadores, que las reservas de brit\u00e1nicos se han disparado un 40% en Baleares. Canarias tambi\u00e9n ha anotado una subida del 16%.<\/p>\n<p><!-- BREAK 9 --><\/p>\n<p><strong>\"Incrementos de \u00faltimo minuto\"<\/strong>. La semana pasada la Federaci\u00f3n Empresarial Hotelera de Mallorca (FEHM) <a rel=\"noopener, noreferrer\" href=\"https:\/\/www.hosteltur.com\/175043_semana-santa-mallorca-resiste-al-contexto-geopolitico-con-un-70-de-ocupacion.html\">calculaba<\/a> que la ocupaci\u00f3n media en Semana Santa rondar\u00e1 el 70%, un nivel similar al de a\u00f1os pasados, con el 92% de sus plazas activadas. En el caso concreto de Palma las previsiones eran algo mejores y se esperaba llenar casi el 90% de las habitaciones disponibles.\u00a0<\/p>\n<p><!-- BREAK 10 --><\/p>\n<p>Esos son sin embargo los datos de partida. En general el colectivo se muestra cauto, recuerda la \"incertidumbre\" que reina en el mercado a nivel internacional y reconoce tambi\u00e9n que sus estimaciones iniciales pueden quedarse desfasadas, abriendo la puerta a un aumento de reservas. \"Puede que haya incrementos por ventas de \u00faltimo minuto\", <a rel=\"noopener, noreferrer\" href=\"https:\/\/www.hosteltur.com\/175043_semana-santa-mallorca-resiste-al-contexto-geopolitico-con-un-70-de-ocupacion.html\">anticipa<\/a> la vicepresidenta ejecutiva de FEHM.<\/p>\n<p><!-- BREAK 11 --><\/p>\n<p><strong>\u00bfTanto ha cambiado el escenario?<\/strong> Lo cierto es que s\u00ed. Y en varios aspectos. La guerra y sus consecuencias, que se extienden mucho m\u00e1s all\u00e1 de las fronteras iran\u00edes, al resto del golfo P\u00e9rsico, ha hecho que los turistas de otros pa\u00edses <a class=\"text-outboundlink\" href=\"https:\/\/www.xataka.com\/magnet\/guerra-iran-amenaza-tener-efecto-rebote-inesperado-espana-verano-todavia-turistas\" data-vars-post-title=\"De repente, Espa\u00f1a es muy atractiva para los turistas del Golfo P\u00e9rsico: la cuesti\u00f3n es si eso es bueno para Espa\u00f1a\" data-vars-post-url=\"https:\/\/www.xataka.com\/magnet\/guerra-iran-amenaza-tener-efecto-rebote-inesperado-espana-verano-todavia-turistas\">recelen<\/a> de destinos hasta ahora asentados. Hace unas semanas la firma Mabrian estudi\u00f3 los \u00edndices de percepci\u00f3n de seguridad de naciones como Catar, Emiratos o Arabia Saud\u00ed y se encontr\u00f3 con que el indicador se hab\u00eda desplomado.<\/p>\n<p><!-- BREAK 12 --><\/p>\n<p>Lo m\u00e1s curioso es que tambi\u00e9n ha pasado factura a otros puntos tur\u00edsticos alejados, como Jordania, Turqu\u00eda o Egipto. El estudio se hizo poco despu\u00e9s del ataque de EEUU e Israel a Ir\u00e1n y la consecuente reacci\u00f3n de Teher\u00e1n, lo que puso patas arriba el espacio a\u00e9reo de buena parte del golfo. Dado que esa regi\u00f3n juega un papel clave como punto de interconexi\u00f3n a\u00e9rea en las rutas entre Europa y Asia, la guerra tambi\u00e9n <a class=\"text-outboundlink\" href=\"https:\/\/www.xataka.com\/magnet\/guerra-iran-ha-revuelto-trafico-aereo-oriente-medio-eso-tiene-victima-vacaciones-miles-europeos\" data-vars-post-title=\"Si tienes un viaje previsto a Vietnam o Jap\u00f3n este a\u00f1o tenemos buenas y malas noticias para ti\" data-vars-post-url=\"https:\/\/www.xataka.com\/magnet\/guerra-iran-ha-revuelto-trafico-aereo-oriente-medio-eso-tiene-victima-vacaciones-miles-europeos\">pas\u00f3 factura<\/a> a conexiones con pa\u00edses como Sri Lanka.<\/p>\n<p><!-- BREAK 13 --><\/p>\n<div class=\"article-asset-video article-asset-normal\">\n<div class=\"asset-content\">\n<div class=\"base-asset-video\">\n<div class=\"js-dailymotion\"><\/div>\n<\/p><\/div>\n<\/p><\/div>\n<\/div>\n<p><strong>Sorprendente (pero no tanto)<\/strong>. En realidad los \u00faltimos movimientos de Eurowings, TUI Ryanair no hacen si no confirmar lo que nos analistas llevan <a rel=\"noopener, noreferrer\" href=\"https:\/\/www.bbc.com\/news\/articles\/cm21gv3133zo\">semanas anticipando<\/a>: que parte de la demanda que ahora ve con desconfianza a Oriente Medio se redirigir\u00e1 hacia otros destinos de playa en Europa occidental.\u00a0<\/p>\n<p><!-- BREAK 14 --><\/p>\n<p>\u00bfCu\u00e1les? A mediados de marzo la BBC <a rel=\"noopener, noreferrer\" href=\"https:\/\/www.bbc.com\/news\/articles\/cm21gv3133zo\">hablaba<\/a> de Portugal, Italia y Espa\u00f1a, adem\u00e1s de el Caribe, Mauricio y EEUU. No eran simples vaticinios. La cadena brit\u00e1nica cita datos de una c\u00e9lebre agencia de viajes, Thomas Cook, que ya por entonces <a href=\"https:\/\/www.xataka.com\/magnet\/Thomas%20Cook,\" rel=\"noopener noreferrer\">registraba<\/a> un aumento del 42% en las reservas con destino Portugal. En Baleares el aumento de solicitudes era del 40% y en las Canarias del 16%.<\/p>\n<p><!-- BREAK 15 --><\/p>\n<p><strong>Cara A, cara B<\/strong>. Por supuesto no todo son ventajas. Primero porque esos destinos llevan tiempo lidiando ya con un <a class=\"text-outboundlink\" href=\"https:\/\/www.xataka.com\/magnet\/pongamos-limites-pleno-debate-turismofobia-mallorca-ha-exigido-calle-fin-masificacion\" data-vars-post-title=\"El movimiento anti-turismo se est\u00e1 cocinando a fuego lento en toda Espa\u00f1a. Y un lugar es su punta de lanza: Mallorca\" data-vars-post-url=\"https:\/\/www.xataka.com\/magnet\/pongamos-limites-pleno-debate-turismofobia-mallorca-ha-exigido-calle-fin-masificacion\">problema de saturaci\u00f3n tur\u00edstica<\/a> que ya genera malestar entre la poblaci\u00f3n, asfixiada entre otras cuestiones por <a class=\"text-outboundlink\" href=\"https:\/\/www.xataka.com\/magnet\/pregunta-pisos-turisticos-encarecen-precio-alquileres-tenemos-respuesta-30\" data-vars-post-title=\"Si la pregunta es si los pisos tur\u00edsticos encarecen el precio de los alquileres, ya tenemos la respuesta: m\u00e1s de un 30%\" data-vars-post-url=\"https:\/\/www.xataka.com\/magnet\/pregunta-pisos-turisticos-encarecen-precio-alquileres-tenemos-respuesta-30\">la presi\u00f3n<\/a> que el alquiler vacacional genera en el mercado inmobiliario y sus precios.\u00a0<\/p>\n<p><!-- BREAK 16 --><\/p>\n<p>Segundo, por una cuesti\u00f3n log\u00edstica. M\u00e1s all\u00e1 de la capacidad del parque hotelero para asumir la demanda extra, el sector se arriesga a que el aumento de precios derivado de la guerra de Ir\u00e1n y sobre todo el encarecimiento de los combustibles acabe pasando factura al turismo. Por lo pronto, ya <a class=\"text-outboundlink\" href=\"https:\/\/www.xataka.com\/movilidad\/precio-combustible-aviacion-se-ha-roto-aerolineas-estan-cancelando-vuelos-quedarse-secas\" data-vars-post-title=\"El precio del combustible de aviaci\u00f3n se ha roto. Y las aerol\u00edneas ya est\u00e1n cancelando vuelos por miedo a quedarse secas\" data-vars-post-url=\"https:\/\/www.xataka.com\/movilidad\/precio-combustible-aviacion-se-ha-roto-aerolineas-estan-cancelando-vuelos-quedarse-secas\">le est\u00e1 costando vuelos<\/a>.<\/p>\n<p><!-- BREAK 17 --><\/p>\n<p>Im\u00e1genes | <a rel=\"noopener, noreferrer\" href=\"https:\/\/unsplash.com\/es\/fotos\/pueblo-costero-con-edificios-en-una-colina-con-vistas-a-la-playa-OCvXQfLHHx0\">Alexis Presa (Unsplash)<\/a> y <a rel=\"noopener, noreferrer\" href=\"https:\/\/unsplash.com\/es\/fotos\/una-vista-de-una-ciudad-con-barcos-en-el-agua-MV_kU6JEDZk\">David Vives (Unsplash)<\/a><\/p>\n<p>En Xataka | <a class=\"text-outboundlink\" href=\"https:\/\/www.xataka.com\/magnet\/espana-lleva-anos-buscando-forma-hacer-digerible-turismo-masivo-eeuu-amenaza-hacer-trabajo-ella\" data-vars-post-title=\"Espa\u00f1a lleva a\u00f1os buscando la forma de hacer m\u00e1s digerible el turismo masivo. EEUU amenaza con hacer el trabajo por ella\" data-vars-post-url=\"https:\/\/www.xataka.com\/magnet\/espana-lleva-anos-buscando-forma-hacer-digerible-turismo-masivo-eeuu-amenaza-hacer-trabajo-ella\">Espa\u00f1a lleva a\u00f1os buscando la forma de hacer m\u00e1s digerible el turismo masivo. EEUU amenaza con hacer el trabajo por ella<\/a><\/p>\n<p> &#8211; <br \/> La noticia<br \/>\n      <a href=\"https:\/\/www.xataka.com\/magnet\/guerra-iran-esta-poniendo-patas-arriba-turismo-eso-se-traduce-algo-para-mallorca-miles-alemanes?utm_source=feedburner&amp;utm_medium=feed&amp;utm_campaign=30_Mar_2026\"><br \/>\n       <em> La guerra de Ir\u00e1n est\u00e1 poniendo patas arriba el turismo. Y eso se traduce en algo para Mallorca: miles de alemanes m\u00e1s <\/em><br \/>\n      <\/a><br \/>\n      fue publicada originalmente en<br \/>\n      <a href=\"https:\/\/www.xataka.com\/?utm_source=feedburner&amp;utm_medium=feed&amp;utm_campaign=30_Mar_2026\"><br \/>\n       <strong> Xataka <\/strong><br \/>\n      <\/a><br \/>\n             por <a href=\"https:\/\/www.xataka.com\/autor\/carlos-prego?utm_source=feedburner&amp;utm_medium=feed&amp;utm_campaign=30_Mar_2026\"><br \/>\n        Carlos Prego<br \/>\n       <\/a><br \/>\n      . <\/p>\n<p>\u00a0En poco m\u00e1s de un mes el conflicto de Oriente Medio ha recordado al mundo que, al menos en el siglo XXI, la onda s\u00edsmica de las guerras se deja sentir mucho m\u00e1s all\u00e1 de donde caen las bombas. Su efecto se ha contagiado ya a la cotizaci\u00f3n del petr\u00f3leo, el mercado burs\u00e1til y la geopol\u00edtica y amenaza ahora con sacudir la cesta de la compra. Otro sector en el que tambi\u00e9n est\u00e1 dejando huella (y mucha) es el tur\u00edstico, que ha visto c\u00f3mo en cuesti\u00f3n de semanas se cancelaban vuelos, reforzaban rutas y b\u00e1sicamente basculaba la demanda a nivel global.<\/p>\n<p>Y eso se est\u00e1 sintiendo con fuerza en Baleares.<\/p>\n<p>M\u00e1s vuelos para Mallorca. Que las Baleares vean reforzada su parrilla de vuelos a las puertas de Semana Santa y con el verano a la vuelta de la esquina no es ninguna novedad. Lo que s\u00ed resulta curioso es que la programaci\u00f3n se blinde con decenas y decenas de frecuencias extra, como revela Diario de Mallorca, que estima que la guerra de Ir\u00e1n ha llevado a que se planifiquen m\u00e1s de un centenar de vuelos extra entre Alemania y Mallorca para el inicio de la temporada.<\/p>\n<p>En la pr\u00e1ctica eso se traduce en algo que no tardar\u00e1 en notarse en las Baleares: decenas y decenas de miles de plazas extra para viajeros alemanes hasta junio.<\/p>\n<p>\u00bfTantos vuelos son? S\u00ed. La mayor inyecci\u00f3n llegar\u00e1 de la mano de Eurowing, una aerol\u00ednea lowcost con sede en D\u00fcsseldorf y del Grupo Lufthansa. Hace unos d\u00edas sus responsables anunciaron la programaci\u00f3n de un centenar de vuelos extra a Palma, un esfuerzo que relacionan (sin citarlo de forma directa y expl\u00edcita) con la inestabilidad que vive Oriente Medio. \"La aerol\u00ednea responde a la demanda cambiante del sector y refuerza su oferta al Mediterr\u00e1neo occidental\", aclara.<\/p>\n<p>Seg\u00fan los c\u00e1lculos de la compa\u00f1\u00eda, el refuerzo de su operativa con Mallorca se traducir\u00e1 en 36.000 asientos extra hasta finales de mayo. \"Se prev\u00e9n alrededor de 100 vuelos adicionales a Palma, junto con cerca de 70 conexiones a las Canarias (Fuerteventura, Las Palmas, Tenerife), as\u00ed como a Faro, M\u00e1laga, N\u00e1poles y Niza\", precisa Eurowings antes de precisar que los nuevos vuelos programados operar\u00e1n desde los aeropuertos de Berl\u00edn, Colonia, D\u00fcsseldorf, Hamburgo y Stuttgart.\u00a0\u00a0<\/p>\n<p>M\u00e1s all\u00e1 de Eurowings. La aerol\u00ednea de Lufthansa no es la \u00fanica que ha decidido redoblar su apuesta por las Baleares. Condor Flugdienst, otro operador germano, reactivar\u00e1 dos conexiones con el archipi\u00e9lago espa\u00f1ol a partir de mayo: una ser\u00e1 la ruta Dortmund-Palma, que cubrir\u00e1 a diario con un Airbus A321; la otra enlazar\u00e1 el aeropuerto de M\u00fcnster\/Osnabr\u00fcck con Mallorca.<\/p>\n<p>La lista de compa\u00f1\u00edas que apuntar\u00e1n la oferta de Baleares en las pr\u00f3ximas semanas son Ryanair y TUI Fly. La primera ofrece una ruta a Mallorca desde Friedrichshaffen, en Baden-W\u00fcrttemberg (Alemania). Con respecto a la segunda, Tourinews informa de que hace unos d\u00edas anunci\u00f3 la programaci\u00f3n de 68 vuelos adicionales con unas 10.000 plazas desde varios aer\u00f3dromos alemanes, incluidos Hannover o M\u00fanich. Los destinos se reparten varios puntos repartidos por el sur de Europa, entre los que se incluyen Grecia, las Canarias y Mallorca.<\/p>\n<p>     En Xataka<\/p>\n<p>    Viajar con perro es cada vez m\u00e1s habitual, as\u00ed que la Comisi\u00f3n Europea ha decidido algo: pasaporte obligatorio<\/p>\n<p>\"Han cambiado sus planes\". No se trata solo de que las aerol\u00edneas alemanas parezcan mirar con redoblado inter\u00e9s los grandes destinos del sur de Europa y el Mediterr\u00e1neo. El propio sector reconoce un cambio de tendencia que relaciona con la guerra de Ir\u00e1n y la influencia que est\u00e1 ejerciendo en el mercado.\u00a0<\/p>\n<p>\"Muchos turistas que todav\u00eda no hab\u00edan reservado y que pensaban viajar a destinos de Oriente Medio han cambiado sus planes a \u00faltima hora y optan por otros lugares\", aclaran a Diario de Mallorca desde la Agrupaci\u00f3n Empresarial de Agencias de Viajes de Baleares (AVIVA). Hace unos d\u00edas La Raz\u00f3n aseguraba, citando datos de turoperadores, que las reservas de brit\u00e1nicos se han disparado un 40% en Baleares. Canarias tambi\u00e9n ha anotado una subida del 16%.<\/p>\n<p>\"Incrementos de \u00faltimo minuto\". La semana pasada la Federaci\u00f3n Empresarial Hotelera de Mallorca (FEHM) calculaba que la ocupaci\u00f3n media en Semana Santa rondar\u00e1 el 70%, un nivel similar al de a\u00f1os pasados, con el 92% de sus plazas activadas. En el caso concreto de Palma las previsiones eran algo mejores y se esperaba llenar casi el 90% de las habitaciones disponibles.\u00a0<\/p>\n<p>Esos son sin embargo los datos de partida. En general el colectivo se muestra cauto, recuerda la \"incertidumbre\" que reina en el mercado a nivel internacional y reconoce tambi\u00e9n que sus estimaciones iniciales pueden quedarse desfasadas, abriendo la puerta a un aumento de reservas. \"Puede que haya incrementos por ventas de \u00faltimo minuto\", anticipa la vicepresidenta ejecutiva de FEHM.<\/p>\n<p>\u00bfTanto ha cambiado el escenario? Lo cierto es que s\u00ed. Y en varios aspectos. La guerra y sus consecuencias, que se extienden mucho m\u00e1s all\u00e1 de las fronteras iran\u00edes, al resto del golfo P\u00e9rsico, ha hecho que los turistas de otros pa\u00edses recelen de destinos hasta ahora asentados. Hace unas semanas la firma Mabrian estudi\u00f3 los \u00edndices de percepci\u00f3n de seguridad de naciones como Catar, Emiratos o Arabia Saud\u00ed y se encontr\u00f3 con que el indicador se hab\u00eda desplomado.<\/p>\n<p>Lo m\u00e1s curioso es que tambi\u00e9n ha pasado factura a otros puntos tur\u00edsticos alejados, como Jordania, Turqu\u00eda o Egipto. El estudio se hizo poco despu\u00e9s del ataque de EEUU e Israel a Ir\u00e1n y la consecuente reacci\u00f3n de Teher\u00e1n, lo que puso patas arriba el espacio a\u00e9reo de buena parte del golfo. Dado que esa regi\u00f3n juega un papel clave como punto de interconexi\u00f3n a\u00e9rea en las rutas entre Europa y Asia, la guerra tambi\u00e9n pas\u00f3 factura a conexiones con pa\u00edses como Sri Lanka.<\/p>\n<p>Sorprendente (pero no tanto). En realidad los \u00faltimos movimientos de Eurowings, TUI Ryanair no hacen si no confirmar lo que nos analistas llevan semanas anticipando: que parte de la demanda que ahora ve con desconfianza a Oriente Medio se redirigir\u00e1 hacia otros destinos de playa en Europa occidental.\u00a0<\/p>\n<p>\u00bfCu\u00e1les? A mediados de marzo la BBC hablaba de Portugal, Italia y Espa\u00f1a, adem\u00e1s de el Caribe, Mauricio y EEUU. No eran simples vaticinios. La cadena brit\u00e1nica cita datos de una c\u00e9lebre agencia de viajes, Thomas Cook, que ya por entonces registraba un aumento del 42% en las reservas con destino Portugal. En Baleares el aumento de solicitudes era del 40% y en las Canarias del 16%.<\/p>\n<p>Cara A, cara B. Por supuesto no todo son ventajas. Primero porque esos destinos llevan tiempo lidiando ya con un problema de saturaci\u00f3n tur\u00edstica que ya genera malestar entre la poblaci\u00f3n, asfixiada entre otras cuestiones por la presi\u00f3n que el alquiler vacacional genera en el mercado inmobiliario y sus precios.\u00a0<\/p>\n<p>Segundo, por una cuesti\u00f3n log\u00edstica. M\u00e1s all\u00e1 de la capacidad del parque hotelero para asumir la demanda extra, el sector se arriesga a que el aumento de precios derivado de la guerra de Ir\u00e1n y sobre todo el encarecimiento de los combustibles acabe pasando factura al turismo. Por lo pronto, ya le est\u00e1 costando vuelos.<\/p>\n<p>Im\u00e1genes | Alexis Presa (Unsplash) y David Vives (Unsplash)<\/p>\n<p>En Xataka | Espa\u00f1a lleva a\u00f1os buscando la forma de hacer m\u00e1s digerible el turismo masivo. EEUU amenaza con hacer el trabajo por ella<\/p>\n<p>                 &#8211;  La noticia<\/p>\n<p>        La guerra de Ir\u00e1n est\u00e1 poniendo patas arriba el turismo. Y eso se traduce en algo para Mallorca: miles de alemanes m\u00e1s <\/p>\n<p>      fue publicada originalmente en<\/p>\n<p>        Xataka <\/p>\n<p>             por<br \/>\n        Carlos Prego<\/p>\n<p>      .\u00a0\u00a0\u00a0<\/p>\n","protected":false},"excerpt":{"rendered":"<p>En poco m\u00e1s de un mes el conflicto de Oriente Medio ha recordado al mundo que, al menos en el siglo XXI, la onda s\u00edsmica de las guerras se deja sentir mucho m\u00e1s all\u00e1 de donde caen las bombas. Su efecto se ha contagiado ya a la cotizaci\u00f3n del petr\u00f3leo, el mercado burs\u00e1til y la [&hellip;]<\/p>\n","protected":false},"author":1,"featured_media":8919,"comment_status":"open","ping_status":"open","sticky":false,"template":"","format":"standard","meta":{"amp_status":"","footnotes":""},"categories":[6],"tags":[],"class_list":["post-8918","post","type-post","status-publish","format-standard","has-post-thumbnail","hentry","category-ciencia-y-tecnologia"],"_links":{"self":[{"href":"https:\/\/ermdigital.com\/index.php\/wp-json\/wp\/v2\/posts\/8918","targetHints":{"allow":["GET"]}}],"collection":[{"href":"https:\/\/ermdigital.com\/index.php\/wp-json\/wp\/v2\/posts"}],"about":[{"href":"https:\/\/ermdigital.com\/index.php\/wp-json\/wp\/v2\/types\/post"}],"author":[{"embeddable":true,"href":"https:\/\/ermdigital.com\/index.php\/wp-json\/wp\/v2\/users\/1"}],"replies":[{"embeddable":true,"href":"https:\/\/ermdigital.com\/index.php\/wp-json\/wp\/v2\/comments?post=8918"}],"version-history":[{"count":0,"href":"https:\/\/ermdigital.com\/index.php\/wp-json\/wp\/v2\/posts\/8918\/revisions"}],"wp:featuredmedia":[{"embeddable":true,"href":"https:\/\/ermdigital.com\/index.php\/wp-json\/wp\/v2\/media\/8919"}],"wp:attachment":[{"href":"https:\/\/ermdigital.com\/index.php\/wp-json\/wp\/v2\/media?parent=8918"}],"wp:term":[{"taxonomy":"category","embeddable":true,"href":"https:\/\/ermdigital.com\/index.php\/wp-json\/wp\/v2\/categories?post=8918"},{"taxonomy":"post_tag","embeddable":true,"href":"https:\/\/ermdigital.com\/index.php\/wp-json\/wp\/v2\/tags?post=8918"}],"curies":[{"name":"wp","href":"https:\/\/api.w.org\/{rel}","templated":true}]}}