{"id":6563,"date":"2026-03-25T20:01:00","date_gmt":"2026-03-26T00:01:00","guid":{"rendered":"https:\/\/ermdigital.com\/index.php\/2026\/03\/25\/covi-quintana-da-un-giro-a-su-carrera-con-su-disco-oye-eta-vaina\/"},"modified":"2026-03-25T20:01:00","modified_gmt":"2026-03-26T00:01:00","slug":"covi-quintana-da-un-giro-a-su-carrera-con-su-disco-oye-eta-vaina","status":"publish","type":"post","link":"https:\/\/ermdigital.com\/index.php\/2026\/03\/25\/covi-quintana-da-un-giro-a-su-carrera-con-su-disco-oye-eta-vaina\/","title":{"rendered":"Covi Quintana da un giro a su carrera con su disco \"Oye eta vaina\""},"content":{"rendered":"<p>Hay momentos en la carrera de un artista que no solo marcan un cambio, sino una reafirmaci\u00f3n. Para <strong>Covi Quintana<\/strong>, ese punto de inflexi\u00f3n llega con <em><strong>Oye eta vaina<\/strong><\/em>, un \u00e1lbum que conecta de forma directa con su <strong>identidad dominicana<\/strong> y la empuja hacia nuevos territorios musicales.\u00a0<\/p>\n<p>Tras a\u00f1os consolid\u00e1ndose como <strong>cantautora<\/strong>, hoy se atreve a explorar <strong>ritmos afroantillanos<\/strong>, abrazar lo folcl\u00f3rico y asumir el <strong>mayor riesgo<\/strong> de su trayectoria.\u00a0<\/p>\n<p>Reci\u00e9n salida del horno esta semana, la producci\u00f3n coincide con el arranque de su <strong>gira<\/strong> \u201cEl colmado\u201d, que comenz\u00f3 en <strong>Costa Rica<\/strong> y continuar\u00e1 por Guatemala, Colombia, Ecuador, Per\u00fa, Argentina y Chile.\u00a0<\/p>\n<p>En esta conversaci\u00f3n con <em><strong>Diario Libre<\/strong><\/em>, la artista -nominada al <strong>Latin Grammy 2025<\/strong> como <strong>compositora<\/strong> por \u201cTe quiero\u201d- habla de <strong>evoluci\u00f3n<\/strong>, miedo, <strong>ra\u00edces<\/strong> y de la mujer en la que se est\u00e1 convirtiendo.<\/p>\n<h2>\u2014Este <strong>nuevo disco<\/strong> \u201c<strong>Oye eta vaina<\/strong>\u201d marca un giro en tu carrera. \u00bfQu\u00e9 te llev\u00f3 a explorar esta faceta m\u00e1s conectada con tus <strong>ra\u00edces<\/strong>?<\/h2>\n<p>Vivir lejos de casa hace que te sientas m\u00e1s arraigado a tus <strong>ra\u00edces<\/strong>. Esta idea viene rondando en mi cabeza desde hace siete a\u00f1os, cuando <strong>V\u00edctor V\u00edctor<\/strong> me dijo: \u201cPonte a hacer bachata y te vas acordar de m\u00ed\u2026\u201d.\u00a0<\/p>\n<p>Sin duda, conectar otra vez con lo que realmente soy, <strong>101% dominicana<\/strong>, ha sido uno de los mejores aciertos en mi carrera. Amo a la Covi alegre, colorida y libre de esta <strong>nueva etapa<\/strong>.<\/p>\n<h2>\u2014El nuevo \u00e1lbum es un <strong>homenaje<\/strong> a tu gente y a tu cultura. \u00bfQu\u00e9 tanto de Covi, la persona, hay en este proyecto?\u00a0<\/h2>\n<p>Dir\u00eda con toda seguridad que estoy en mi <strong>mejor versi\u00f3n<\/strong>, cada vez mas cerca de convertirme en la mujer de mis sue\u00f1os. Me siento presente, ligera de equipaje.<\/p>\n<h2>\u2014El sencillo \u201c<strong>Temblor y r\u00e9plica<\/strong>\u201d abre esta <strong>nueva etapa<\/strong>. \u00bfPor qu\u00e9 decidiste que fuera la <strong>carta de presentaci\u00f3n<\/strong> del \u00e1lbum?\u00a0<\/h2>\n<p>Es la <strong>transici\u00f3n<\/strong> de la Covi <strong>cantautora<\/strong> balada hacia la Covi <strong>cantautora<\/strong> tropical.\u00a0<\/p>\n<p>Es la canci\u00f3n del \u00e1lbum que m\u00e1s me define como <strong>compositora<\/strong> y a la vez le da apertura a estos nuevos <strong>ritmos afroantillanos<\/strong>.<\/p>\n<figure class=\"my-12 component infografia\">\n<div class=\"expand-img-placeholder\"><img loading=\"lazy\" decoding=\"async\" src=\"https:\/\/resources.diariolibre.com\/images\/expand.svg\" alt=\"Expandir imagen\" width=\"20\" height=\"20\"><span class=\"rutaimagenoriginal-placeholder\">https:\/\/resources.diariolibre.com\/images\/2026\/03\/25\/dscf0843-copy-17e5d2e5.jpg<\/span><\/div>\n<p><img decoding=\"async\" loading=\"lazy\" src=\"https:\/\/resources.diariolibre.com\/images\/2026\/03\/25\/dscf0843-copy-17e5d2e5.jpg\" width=\"auto\" height=\"350\" alt=\"Infograf\u00eda\" class=\"mx-auto\"><\/figure>\n<p><!-- ctrlPlaceHolderQuote Inicio --><\/p>\n<div class=\"mb-5 component cita\">    <i>\"Conectar otra vez con lo que realmente soy, 101% dominicana, ha sido uno de los mejores aciertos en mi carrera \"<\/i>        <span class=\"author\"><strong>Covi Quintana<\/strong><\/span>        <span class=\"status\">Cantautora dominicana<\/span>        <span class=\"cita-icon\">\u201c<\/span><\/div>\n<p><!-- ctrlPlaceHolderQuote Final --><\/p>\n<h2>\u2014En este tema integras <strong>atabales<\/strong>, palos y <strong>pambiche<\/strong>. \u00bfC\u00f3mo fue ese proceso de sumergirte en lo folcl\u00f3rico y llevarlo a tu propio lenguaje?\u00a0<\/h2>\n<p>La verdad es que nunca pens\u00e9 verme navegando entre estos colores y vivir esta experiencia personalmente, sobre todo hacerlo completamente en mi pa\u00eds con <strong>m\u00fasicos dominicanos<\/strong> fue un <strong>ritual<\/strong> para m\u00ed.<\/p>\n<p>Desde el proceso de llevar estas <strong>canciones<\/strong> de guitarra y voz a las primeras maquetas con mi productor Ronny Cruz, hasta luego llevarlo al estudio, fue como volver a ser <strong>estudiante<\/strong> entre algo totalmente desconocido pero a la vez sentirme tan c\u00f3moda, como si fuera algo que ya llevaba en m\u00ed toda la vida.<\/p>\n<h2>\u2014Este <strong>cambio de sonido<\/strong>, \u00bfes <strong>evoluci\u00f3n<\/strong> o ruptura con la Covi que conoc\u00edamos?<\/h2>\n<p>Justo hace unos d\u00edas me pregunt\u00e9, \u00bfqu\u00e9 sigue despu\u00e9s de esto?\u2026 Yo creo que la vida se trata de avanzar siempre mirando atr\u00e1s para recordar lo que nos hizo llegar a donde estamos hoy. <strong>Llam\u00e9mosle<\/strong> a esto <strong>crecimiento<\/strong>.<\/p>\n<h2>\u2014\u00bfEsto ha sido un <strong>riesgo<\/strong> o, por fin, tu zona de verdad? \u00bfTe daba miedo c\u00f3mo iba a reaccionar tu p\u00fablico?<\/h2>\n<p>Yo digo que me lanc\u00e9 de cabeza a una piscina sin agua\u2026 jajajajaja. Ha sido el <strong>riesgo<\/strong> m\u00e1s grande en mis <strong>12 a\u00f1os<\/strong> de carrera y a la vez la <strong>mejor decisi\u00f3n<\/strong> que he tomado. <\/p>\n<p><strong>S\u00ed, tuve miedo<\/strong>, pero algo que he aprendido en este recorrido es que lo mejor de la vida siempre empieza con un poco de miedo.<\/p>\n<h2>\u2014En el <strong>nuevo disco<\/strong> hay colaboraciones con <strong>Andr\u00e9s Cepeda<\/strong> y <strong>Chimbala<\/strong>. \u00bfC\u00f3mo se dieron estos encuentros y qu\u00e9 aport\u00f3 cada uno?\u00a0<\/h2>\n<p>Con Andr\u00e9s siempre es muy especial, desde el d\u00eda uno sab\u00eda que esa canci\u00f3n era con \u00e9l, que su <strong>primer merengue<\/strong> sea conmigo hace de esta <strong>colaboraci\u00f3n<\/strong> so\u00f1ada algo para la historia.<\/p>\n<figure class=\"inline-block\">\n<div class=\"expand-img-placeholder\"><img loading=\"lazy\" decoding=\"async\" src=\"https:\/\/resources.diariolibre.com\/images\/expand.svg\" alt=\"Expandir imagen\" width=\"20\" height=\"20\"><span class=\"rutaimagenoriginal-placeholder\">https:\/\/resources.diariolibre.com\/images\/2026\/03\/25\/sjobjiodscf1022-copy-59f9cf57.jpg<\/span><\/div>\n<p><img decoding=\"async\" loading=\"lazy\" src=\"https:\/\/resources.diariolibre.com\/images\/2026\/03\/25\/sjobjiodscf1022-copy-59f9cf57.jpg\" width=\"auto\" height=\"350\" alt=\"Infograf\u00eda\" class=\"mx-auto\"><figcaption><span>Andr\u00e9s Cepeda y Covi Quintana en uno de sus conciertos en el pa\u00eds.<\/span><span> (<strong>FUENTE EXTERNA<\/strong>)<\/span><\/figcaption><\/figure>\n<p><strong>Chimbala<\/strong> fue el \u00faltimo en unirse, sent\u00eda que al disco le faltaba algo que rompiera con todo lo que siempre he hecho. Am\u00e9 compartir con \u00e9l en el estudio, que nos sinti\u00e9ramos los dos en <strong>confianza<\/strong> y saliera una de las <strong>canciones<\/strong> favoritas de \u201c<strong>Oye eta vaina<\/strong>\u201d.<\/p>\n<h2>\u2014Pasas de la canci\u00f3n de autor contempor\u00e1nea a un sonido m\u00e1s tradicional. \u00bfC\u00f3mo ha sido ese proceso de <strong>transici\u00f3n<\/strong> a nivel creativo?<\/h2>\n<p>A nivel creativo fue muy parecido, mis <strong>canciones<\/strong> nacen siempre a guitarra y voz, el reto fue a la hora de hacer la <strong>pre-producci\u00f3n<\/strong> con Ronny y empezar a adaptarlas a lo que ten\u00edamos en mente.\u00a0 Fue un proceso de casi <strong>dos a\u00f1os<\/strong> en total.<\/p>\n<div class=\"social-embed mb-4\">\n<blockquote class=\"instagram-media\" data-instgrm-captioned=\"\" data-instgrm-permalink=\"https:\/\/www.instagram.com\/p\/DWRpuQwEd6B\/?utm_source=ig_embed&amp;utm_campaign=loading\" data-instgrm-version=\"14\">\n<div> <a href=\"https:\/\/www.instagram.com\/p\/DWRpuQwEd6B\/?utm_source=ig_embed&amp;utm_campaign=loading\" target=\"_blank\" title=\"       Ver esta publicaci\u00f3n en Instagram            \" rel=\"nofollow noopener noreferrer\"> <\/p>\n<div>\n<div><\/div>\n<div>\n<div><\/div>\n<div><\/div>\n<\/div>\n<\/div>\n<div><\/div>\n<div><\/div>\n<div>\n<div>Ver esta publicaci\u00f3n en Instagram<\/div>\n<\/div>\n<div><\/div>\n<div>\n<div>\n<div><\/div>\n<div><\/div>\n<div><\/div>\n<\/div>\n<div>\n<div><\/div>\n<div><\/div>\n<\/div>\n<div>\n<div><\/div>\n<div><\/div>\n<div><\/div>\n<\/div>\n<\/div>\n<div>\n<div><\/div>\n<div><\/div>\n<\/div>\n<p><\/a><\/p>\n<p><a href=\"https:\/\/www.instagram.com\/p\/DWRpuQwEd6B\/?utm_source=ig_embed&amp;utm_campaign=loading\" target=\"_blank\" title=\"Una publicaci\u00f3n compartida de COVI? (@coviquintana)\" rel=\"nofollow noopener noreferrer\">Una publicaci\u00f3n compartida de COVI? (@coviquintana)<\/a><\/p>\n<\/div>\n<\/blockquote>\n<div class=\"lazyload\" data-script=\"https:\/\/www.instagram.com\/embed.js\"><\/div>\n<\/div>\n<h2>\u2014Acabas de arrancar la <strong>gira<\/strong> \u201cEl colmado\u201d en <strong>Costa Rica<\/strong> y luego sigues por varios pa\u00edses. \u00bfQu\u00e9 <em><strong>vibe<\/strong><\/em> tendr\u00e1 este tour y qu\u00e9 experiencia quieres que la gente viva cuando entre a ese <strong>universo<\/strong> contigo?<\/h2>\n<p>Quiero que todos sepan de d\u00f3nde vengo, quiero que ese mismo <strong>trayecto<\/strong> que he recorrido en <strong>12 a\u00f1os<\/strong>, en vivo, tambi\u00e9n lo recorran conmigo, desde la Covi <strong>cantautora<\/strong> hasta la tropical.\u00a0<\/p>\n<p>Adem\u00e1s, quiero que se sientan m\u00e1s <strong>cercanos<\/strong> que nunca, y que como todo en la vida es un <strong>sube y baja<\/strong>, hay <strong>momentos oscuros<\/strong> de los que aprendemos para luego ver la luz.<\/p>\n<h2>\u2014Entre <strong>disco nuevo<\/strong> y <strong>gira<\/strong>, \u00bfqu\u00e9 es lo que m\u00e1s est\u00e1s disfrutando de esta etapa?<\/h2>\n<p>Que realmente me estoy convirtiendo en la <strong>mujer<\/strong> que he siempre <strong>so\u00f1ado.<\/strong><\/p>\n<div class=\"read-more mb-7\">    <span class=\"block mb-2\">Leer m\u00e1s<\/span>    <\/p>\n<ul class=\"glosa\">\n<li>\n<h3><a href=\"https:\/\/www.diariolibre.com\/revista\/musica\/2025\/12\/15\/concierto-de-covi-quintana-una-noche-memorable\/3377834?utm_source=relacionadas&amp;utm_medium=nota&amp;utm_campaign=relacionadas\" title=\"El colmado de Covi Quintana: una propuesta musical \u00edntima en Santo Domingo\">\"El colmado\" de Covi Quintana: una propuesta musical \u00edntima en Santo Domingo<\/a><\/h3>\n<\/li>\n<li>\n<h3><a href=\"https:\/\/www.diariolibre.com\/revista\/musica\/2025\/12\/01\/covi-quintana-inicia-residencia-este-domingo\/3363475?utm_source=relacionadas&amp;utm_medium=nota&amp;utm_campaign=relacionadas\" title=\"Covi Quintana inicia residencia \u201cEl colmado\u201d este domingo\">Covi Quintana inicia residencia \u201cEl colmado\u201d este domingo<\/a><\/h3>\n<\/li>\n<li>\n<h3><a href=\"https:\/\/www.diariolibre.com\/revista\/musica\/2025\/09\/12\/covi-quintana-lanza-su-primera-bachata\/3242854?utm_source=relacionadas&amp;utm_medium=nota&amp;utm_campaign=relacionadas\" title=\"As\u00ed suena No te kille, la primera bachata de Covi Quintana\">As\u00ed suena \"No te kille\", la primera bachata de Covi Quintana<\/a><\/h3>\n<\/li>\n<li>\n<h3><a href=\"https:\/\/www.diariolibre.com\/revista\/musica\/2025\/08\/06\/covi-quintana-estrena-temblor-y-replica\/3205631?utm_source=relacionadas&amp;utm_medium=nota&amp;utm_campaign=relacionadas\" title=\"\u201cTemblor y r\u00e9plica\u201d, la nueva canci\u00f3n de Covi Quintana\">\u201cTemblor y r\u00e9plica\u201d, la nueva canci\u00f3n de Covi Quintana<\/a><\/h3>\n<\/li>\n<\/ul>\n<\/div>\n<p><\/p>\n<p>\u200bHay momentos en la carrera de un artista que no solo marcan un cambio, sino una reafirmaci\u00f3n. Para Covi Quintana, ese punto de inflexi\u00f3n llega con Oye eta vaina, un \u00e1lbum que conecta de forma directa con su identidad dominicana y la empuja hacia nuevos territorios musicales.\u00a0Tras a\u00f1os consolid\u00e1ndose como cantautora, hoy se atreve a explorar ritmos afroantillanos, abrazar lo folcl\u00f3rico y asumir el mayor riesgo de su trayectoria.\u00a0Reci\u00e9n salida del horno esta semana, la producci\u00f3n coincide con el arranque de su gira \u201cEl colmado\u201d, que comenz\u00f3 en Costa Rica y continuar\u00e1 por Guatemala, Colombia, Ecuador, Per\u00fa, Argentina y Chile.\u00a0En esta conversaci\u00f3n con Diario Libre, la artista -nominada al Latin Grammy 2025 como compositora por \u201cTe quiero\u201d- habla de evoluci\u00f3n, miedo, ra\u00edces y de la mujer en la que se est\u00e1 convirtiendo.\u2014Este nuevo disco \u201cOye eta vaina\u201d marca un giro en tu carrera. \u00bfQu\u00e9 te llev\u00f3 a explorar esta faceta m\u00e1s conectada con tus ra\u00edces?Vivir lejos de casa hace que te sientas m\u00e1s arraigado a tus ra\u00edces. Esta idea viene rondando en mi cabeza desde hace siete a\u00f1os, cuando V\u00edctor V\u00edctor me dijo: \u201cPonte a hacer bachata y te vas acordar de m\u00ed\u2026\u201d.\u00a0Sin duda, conectar otra vez con lo que realmente soy, 101% dominicana, ha sido uno de los mejores aciertos en mi carrera. Amo a la Covi alegre, colorida y libre de esta nueva etapa.\u2014El nuevo \u00e1lbum es un homenaje a tu gente y a tu cultura. \u00bfQu\u00e9 tanto de Covi, la persona, hay en este proyecto?\u00a0Dir\u00eda con toda seguridad que estoy en mi mejor versi\u00f3n, cada vez mas cerca de convertirme en la mujer de mis sue\u00f1os. Me siento presente, ligera de equipaje.\u2014El sencillo \u201cTemblor y r\u00e9plica\u201d abre esta nueva etapa. \u00bfPor qu\u00e9 decidiste que fuera la carta de presentaci\u00f3n del \u00e1lbum?\u00a0Es la transici\u00f3n de la Covi cantautora balada hacia la Covi cantautora tropical.\u00a0Es la canci\u00f3n del \u00e1lbum que m\u00e1s me define como compositora y a la vez le da apertura a estos nuevos ritmos afroantillanos.https:\/\/resources.diariolibre.com\/images\/2026\/03\/25\/dscf0843-copy-17e5d2e5.jpg    \"Conectar otra vez con lo que realmente soy, 101% dominicana, ha sido uno de los mejores aciertos en mi carrera \"        Covi Quintana        Cantautora dominicana        \u201c\u2014En este tema integras atabales, palos y pambiche. \u00bfC\u00f3mo fue ese proceso de sumergirte en lo folcl\u00f3rico y llevarlo a tu propio lenguaje?\u00a0La verdad es que nunca pens\u00e9 verme navegando entre estos colores y vivir esta experiencia personalmente, sobre todo hacerlo completamente en mi pa\u00eds con m\u00fasicos dominicanos fue un ritual para m\u00ed.Desde el proceso de llevar estas canciones de guitarra y voz a las primeras maquetas con mi productor Ronny Cruz, hasta luego llevarlo al estudio, fue como volver a ser estudiante entre algo totalmente desconocido pero a la vez sentirme tan c\u00f3moda, como si fuera algo que ya llevaba en m\u00ed toda la vida.\u2014Este cambio de sonido, \u00bfes evoluci\u00f3n o ruptura con la Covi que conoc\u00edamos?Justo hace unos d\u00edas me pregunt\u00e9, \u00bfqu\u00e9 sigue despu\u00e9s de esto?\u2026 Yo creo que la vida se trata de avanzar siempre mirando atr\u00e1s para recordar lo que nos hizo llegar a donde estamos hoy. Llam\u00e9mosle a esto crecimiento.\u2014\u00bfEsto ha sido un riesgo o, por fin, tu zona de verdad? \u00bfTe daba miedo c\u00f3mo iba a reaccionar tu p\u00fablico?Yo digo que me lanc\u00e9 de cabeza a una piscina sin agua\u2026 jajajajaja. Ha sido el riesgo m\u00e1s grande en mis 12 a\u00f1os de carrera y a la vez la mejor decisi\u00f3n que he tomado. S\u00ed, tuve miedo, pero algo que he aprendido en este recorrido es que lo mejor de la vida siempre empieza con un poco de miedo.\u2014En el nuevo disco hay colaboraciones con Andr\u00e9s Cepeda y Chimbala. \u00bfC\u00f3mo se dieron estos encuentros y qu\u00e9 aport\u00f3 cada uno?\u00a0Con Andr\u00e9s siempre es muy especial, desde el d\u00eda uno sab\u00eda que esa canci\u00f3n era con \u00e9l, que su primer merengue sea conmigo hace de esta colaboraci\u00f3n so\u00f1ada algo para la historia.https:\/\/resources.diariolibre.com\/images\/2026\/03\/25\/sjobjiodscf1022-copy-59f9cf57.jpgAndr\u00e9s Cepeda y Covi Quintana en uno de sus conciertos en el pa\u00eds. (FUENTE EXTERNA)Chimbala fue el \u00faltimo en unirse, sent\u00eda que al disco le faltaba algo que rompiera con todo lo que siempre he hecho. Am\u00e9 compartir con \u00e9l en el estudio, que nos sinti\u00e9ramos los dos en confianza y saliera una de las canciones favoritas de \u201cOye eta vaina\u201d.\u2014Pasas de la canci\u00f3n de autor contempor\u00e1nea a un sonido m\u00e1s tradicional. \u00bfC\u00f3mo ha sido ese proceso de transici\u00f3n a nivel creativo?A nivel creativo fue muy parecido, mis canciones nacen siempre a guitarra y voz, el reto fue a la hora de hacer la pre-producci\u00f3n con Ronny y empezar a adaptarlas a lo que ten\u00edamos en mente.\u00a0 Fue un proceso de casi dos a\u00f1os en total.        Ver esta publicaci\u00f3n en Instagram            Una publicaci\u00f3n compartida de COVI? (@coviquintana) \u2014Acabas de arrancar la gira \u201cEl colmado\u201d en Costa Rica y luego sigues por varios pa\u00edses. \u00bfQu\u00e9 vibe tendr\u00e1 este tour y qu\u00e9 experiencia quieres que la gente viva cuando entre a ese universo contigo?Quiero que todos sepan de d\u00f3nde vengo, quiero que ese mismo trayecto que he recorrido en 12 a\u00f1os, en vivo, tambi\u00e9n lo recorran conmigo, desde la Covi cantautora hasta la tropical.\u00a0Adem\u00e1s, quiero que se sientan m\u00e1s cercanos que nunca, y que como todo en la vida es un sube y baja, hay momentos oscuros de los que aprendemos para luego ver la luz.\u2014Entre disco nuevo y gira, \u00bfqu\u00e9 es lo que m\u00e1s est\u00e1s disfrutando de esta etapa?Que realmente me estoy convirtiendo en la mujer que he siempre so\u00f1ado.    Leer m\u00e1s                            \"El colmado\" de Covi Quintana: una propuesta musical \u00edntima en Santo Domingo                            Covi Quintana inicia residencia \u201cEl colmado\u201d este domingo                            As\u00ed suena \"No te kille\", la primera bachata de Covi Quintana                            \u201cTemblor y r\u00e9plica\u201d, la nueva canci\u00f3n de Covi Quintana\u00a0\u00a0Revista, M\u00fasica, Beatriz Bienzobas, Santo Domingo, Covi Quintana, Nuevo Disco, m\u00fasica tropical, Gira musical, cantautora dominicana, artista dominicana, Oye eta vaina\u00a0<\/p>\n","protected":false},"excerpt":{"rendered":"<p>Hay momentos en la carrera de un artista que no solo marcan un cambio, sino una reafirmaci\u00f3n. Para Covi Quintana, ese punto de inflexi\u00f3n llega con Oye eta vaina, un \u00e1lbum que conecta de forma directa con su identidad dominicana y la empuja hacia nuevos territorios musicales.\u00a0 Tras a\u00f1os consolid\u00e1ndose como cantautora, hoy se atreve [&hellip;]<\/p>\n","protected":false},"author":1,"featured_media":6201,"comment_status":"open","ping_status":"open","sticky":false,"template":"","format":"standard","meta":{"amp_status":"","footnotes":""},"categories":[9],"tags":[],"class_list":["post-6563","post","type-post","status-publish","format-standard","has-post-thumbnail","hentry","category-espectaculo"],"_links":{"self":[{"href":"https:\/\/ermdigital.com\/index.php\/wp-json\/wp\/v2\/posts\/6563","targetHints":{"allow":["GET"]}}],"collection":[{"href":"https:\/\/ermdigital.com\/index.php\/wp-json\/wp\/v2\/posts"}],"about":[{"href":"https:\/\/ermdigital.com\/index.php\/wp-json\/wp\/v2\/types\/post"}],"author":[{"embeddable":true,"href":"https:\/\/ermdigital.com\/index.php\/wp-json\/wp\/v2\/users\/1"}],"replies":[{"embeddable":true,"href":"https:\/\/ermdigital.com\/index.php\/wp-json\/wp\/v2\/comments?post=6563"}],"version-history":[{"count":0,"href":"https:\/\/ermdigital.com\/index.php\/wp-json\/wp\/v2\/posts\/6563\/revisions"}],"wp:featuredmedia":[{"embeddable":true,"href":"https:\/\/ermdigital.com\/index.php\/wp-json\/wp\/v2\/media\/6201"}],"wp:attachment":[{"href":"https:\/\/ermdigital.com\/index.php\/wp-json\/wp\/v2\/media?parent=6563"}],"wp:term":[{"taxonomy":"category","embeddable":true,"href":"https:\/\/ermdigital.com\/index.php\/wp-json\/wp\/v2\/categories?post=6563"},{"taxonomy":"post_tag","embeddable":true,"href":"https:\/\/ermdigital.com\/index.php\/wp-json\/wp\/v2\/tags?post=6563"}],"curies":[{"name":"wp","href":"https:\/\/api.w.org\/{rel}","templated":true}]}}