{"id":6503,"date":"2026-03-25T19:03:00","date_gmt":"2026-03-25T23:03:00","guid":{"rendered":"https:\/\/ermdigital.com\/index.php\/2026\/03\/25\/riqui-gell-conquista-al-publico-en-el-show-de-franco-esca\/"},"modified":"2026-03-25T19:03:00","modified_gmt":"2026-03-25T23:03:00","slug":"riqui-gell-conquista-al-publico-en-el-show-de-franco-esca","status":"publish","type":"post","link":"https:\/\/ermdigital.com\/index.php\/2026\/03\/25\/riqui-gell-conquista-al-publico-en-el-show-de-franco-esca\/","title":{"rendered":"Riqui Gell conquista al p\u00fablico en el show de Franco Esca"},"content":{"rendered":"<p>El comediante dominicano\u00a0<strong>Riqui Gell\u00a0<\/strong>ofreci\u00f3 una <strong>presentaci\u00f3n vibrante\u00a0<\/strong>como telonero del espect\u00e1culo del reconocido comediante mexicano <strong>Franco Escamilla<\/strong> en el <strong>Auditorio Casa San Pablo<\/strong>, bajo la producci\u00f3n de Covi Entertainment, consolidada como una de las principales plataformas del <strong>humor<\/strong> en el pa\u00eds.<\/p>\n<p> Su propuesta fresca, cargada de <strong>humor inteligente<\/strong>, vivencias cotidianas y sutiles matices de fe, provoc\u00f3 constantes carcajadas y aplausos, logrando que la audiencia entrara en sinton\u00eda desde el inicio de la velada.<\/p>\n<ul>\n<li> La energ\u00eda desplegada sobre el escenario no solo cumpli\u00f3 con las expectativas de un acto de apertura, sino que las super\u00f3 <strong>ampliamente<\/strong>.<\/li>\n<\/ul>\n<p>El <strong>p\u00fablico<\/strong>, que llen\u00f3 el recinto, respondi\u00f3 con entusiasmo a cada intervenci\u00f3n de Gell, evidenciando que su estilo logra trascender generaciones y <strong>conectar <\/strong>con diversas sensibilidades. <\/p>\n<p>Su capacidad para manejar los tiempos, improvisar y mantener la atenci\u00f3n con un <strong>humor limpio<\/strong> y familiar fue uno de los aspectos m\u00e1s destacados de la noche, reafirmando su crecimiento en la escena humor\u00edstica local.<\/p>\n<p>Por su parte, <strong>Franco Escamilla<\/strong> ofreci\u00f3 un espect\u00e1culo a la altura de su reputaci\u00f3n internacional, con su caracter\u00edstico <strong>humor \u00e1cido<\/strong> y observacional, cargado de an\u00e9cdotas personales. El comediante mexicano reafirm\u00f3 por qu\u00e9 es uno de los referentes del stand up en habla hispana, cerrando la noche con una ovaci\u00f3n del <strong>p\u00fablico<\/strong>.<\/p>\n<p>\"Estoy profundamente agradecido con el <strong>p\u00fablico<\/strong> dominicano por el cari\u00f1o y el respaldo que me han dado en cada escenario. Cada aplauso es una motivaci\u00f3n para seguir creciendo y llevando un <strong>humor<\/strong> que conecte con la gente desde lo aut\u00e9ntico\", expres\u00f3 <strong>Riqui Gell<\/strong> tras su presentaci\u00f3n.<\/p>\n<p>\u201c<strong>El Bauticostal, La Despedida<\/strong>\u201d<\/p>\n<div class=\"social-embed mb-4\">\n<blockquote class=\"instagram-media\" data-instgrm-captioned=\"\" data-instgrm-permalink=\"https:\/\/www.instagram.com\/reel\/DWNF48JPZ4V\/?utm_source=ig_embed&amp;utm_campaign=loading\" data-instgrm-version=\"14\">\n<div> <a href=\"https:\/\/www.instagram.com\/reel\/DWNF48JPZ4V\/?utm_source=ig_embed&amp;utm_campaign=loading\" target=\"_blank\" title=\"       View this post on Instagram            \" rel=\"nofollow noopener noreferrer\"> <\/p>\n<div>\n<div><\/div>\n<div>\n<div><\/div>\n<div><\/div>\n<\/div>\n<\/div>\n<div><\/div>\n<div><\/div>\n<div>\n<div>View this post on Instagram<\/div>\n<\/div>\n<div><\/div>\n<div>\n<div>\n<div><\/div>\n<div><\/div>\n<div><\/div>\n<\/div>\n<div>\n<div><\/div>\n<div><\/div>\n<\/div>\n<div>\n<div><\/div>\n<div><\/div>\n<div><\/div>\n<\/div>\n<\/div>\n<div>\n<div><\/div>\n<div><\/div>\n<\/div>\n<p><\/a><\/p>\n<p><a href=\"https:\/\/www.instagram.com\/reel\/DWNF48JPZ4V\/?utm_source=ig_embed&amp;utm_campaign=loading\" target=\"_blank\" title=\"A post shared by Riqui Gell (@riquigelloficial)\" rel=\"nofollow noopener noreferrer\">A post shared by Riqui Gell (@riquigelloficial)<\/a><\/p>\n<\/div>\n<\/blockquote>\n<div class=\"lazyload\" data-script=\"https:\/\/www.instagram.com\/embed.js\"><\/div>\n<\/div>\n<p>Como parte de su crecimiento art\u00edstico, <strong>Riqui Gell<\/strong> se prepara para la presentaci\u00f3n de \u201c<strong>El Bauticostal, La Despedida<\/strong>\u201d, un espect\u00e1culo de <strong>stand up comedy<\/strong> que combina <strong>humor<\/strong>, m\u00fasica y elementos audiovisuales, donde comparte su historia personal con un enfoque fresco y aut\u00e9ntico. <\/p>\n<p>La funci\u00f3n se realizar\u00e1 el viernes 17 de abril a las 8:00 p. m. en el <strong>Auditorio Odres Nuevos<\/strong>, en Santo Domingo. Las boletas est\u00e1n disponibles en Ticketmax. Este show promete ser una experiencia \u00fanica, cargada de risas, reflexi\u00f3n y conexi\u00f3n con el <strong>p\u00fablico<\/strong>, marcando el cierre de una etapa exitosa que ha logrado m\u00faltiples funciones a casa llena.<\/p>\n<p>\u200bEl comediante dominicano\u00a0Riqui Gell\u00a0ofreci\u00f3 una presentaci\u00f3n vibrante\u00a0como telonero del espect\u00e1culo del reconocido comediante mexicano Franco Escamilla en el Auditorio Casa San Pablo, bajo la producci\u00f3n de Covi Entertainment, consolidada como una de las principales plataformas del humor en el pa\u00eds. Su propuesta fresca, cargada de humor inteligente, vivencias cotidianas y sutiles matices de fe, provoc\u00f3 constantes carcajadas y aplausos, logrando que la audiencia entrara en sinton\u00eda desde el inicio de la velada.     La energ\u00eda desplegada sobre el escenario no solo cumpli\u00f3 con las expectativas de un acto de apertura, sino que las super\u00f3 ampliamente.El p\u00fablico, que llen\u00f3 el recinto, respondi\u00f3 con entusiasmo a cada intervenci\u00f3n de Gell, evidenciando que su estilo logra trascender generaciones y conectar con diversas sensibilidades. Su capacidad para manejar los tiempos, improvisar y mantener la atenci\u00f3n con un humor limpio y familiar fue uno de los aspectos m\u00e1s destacados de la noche, reafirmando su crecimiento en la escena humor\u00edstica local.Por su parte, Franco Escamilla ofreci\u00f3 un espect\u00e1culo a la altura de su reputaci\u00f3n internacional, con su caracter\u00edstico humor \u00e1cido y observacional, cargado de an\u00e9cdotas personales. El comediante mexicano reafirm\u00f3 por qu\u00e9 es uno de los referentes del stand up en habla hispana, cerrando la noche con una ovaci\u00f3n del p\u00fablico.\"Estoy profundamente agradecido con el p\u00fablico dominicano por el cari\u00f1o y el respaldo que me han dado en cada escenario. Cada aplauso es una motivaci\u00f3n para seguir creciendo y llevando un humor que conecte con la gente desde lo aut\u00e9ntico\", expres\u00f3 Riqui Gell tras su presentaci\u00f3n.\u201cEl Bauticostal, La Despedida\u201d        View this post on Instagram            A post shared by Riqui Gell (@riquigelloficial) Como parte de su crecimiento art\u00edstico, Riqui Gell se prepara para la presentaci\u00f3n de \u201cEl Bauticostal, La Despedida\u201d, un espect\u00e1culo de stand up comedy que combina humor, m\u00fasica y elementos audiovisuales, donde comparte su historia personal con un enfoque fresco y aut\u00e9ntico. La funci\u00f3n se realizar\u00e1 el viernes 17 de abril a las 8:00 p. m. en el Auditorio Odres Nuevos, en Santo Domingo. Las boletas est\u00e1n disponibles en Ticketmax. Este show promete ser una experiencia \u00fanica, cargada de risas, reflexi\u00f3n y conexi\u00f3n con el p\u00fablico, marcando el cierre de una etapa exitosa que ha logrado m\u00faltiples funciones a casa llena.\u00a0\u00a0Revista, Cultura, Diario Libre, Santo Domingo, Humor, Stand up comedy, Franco Escamilla, Riqui Gell\u00a0<\/p>\n","protected":false},"excerpt":{"rendered":"<p>El comediante dominicano\u00a0Riqui Gell\u00a0ofreci\u00f3 una presentaci\u00f3n vibrante\u00a0como telonero del espect\u00e1culo del reconocido comediante mexicano Franco Escamilla en el Auditorio Casa San Pablo, bajo la producci\u00f3n de Covi Entertainment, consolidada como una de las principales plataformas del humor en el pa\u00eds. Su propuesta fresca, cargada de humor inteligente, vivencias cotidianas y sutiles matices de fe, provoc\u00f3 [&hellip;]<\/p>\n","protected":false},"author":1,"featured_media":6203,"comment_status":"open","ping_status":"open","sticky":false,"template":"","format":"standard","meta":{"amp_status":"","footnotes":""},"categories":[9],"tags":[],"class_list":["post-6503","post","type-post","status-publish","format-standard","has-post-thumbnail","hentry","category-espectaculo"],"_links":{"self":[{"href":"https:\/\/ermdigital.com\/index.php\/wp-json\/wp\/v2\/posts\/6503","targetHints":{"allow":["GET"]}}],"collection":[{"href":"https:\/\/ermdigital.com\/index.php\/wp-json\/wp\/v2\/posts"}],"about":[{"href":"https:\/\/ermdigital.com\/index.php\/wp-json\/wp\/v2\/types\/post"}],"author":[{"embeddable":true,"href":"https:\/\/ermdigital.com\/index.php\/wp-json\/wp\/v2\/users\/1"}],"replies":[{"embeddable":true,"href":"https:\/\/ermdigital.com\/index.php\/wp-json\/wp\/v2\/comments?post=6503"}],"version-history":[{"count":0,"href":"https:\/\/ermdigital.com\/index.php\/wp-json\/wp\/v2\/posts\/6503\/revisions"}],"wp:featuredmedia":[{"embeddable":true,"href":"https:\/\/ermdigital.com\/index.php\/wp-json\/wp\/v2\/media\/6203"}],"wp:attachment":[{"href":"https:\/\/ermdigital.com\/index.php\/wp-json\/wp\/v2\/media?parent=6503"}],"wp:term":[{"taxonomy":"category","embeddable":true,"href":"https:\/\/ermdigital.com\/index.php\/wp-json\/wp\/v2\/categories?post=6503"},{"taxonomy":"post_tag","embeddable":true,"href":"https:\/\/ermdigital.com\/index.php\/wp-json\/wp\/v2\/tags?post=6503"}],"curies":[{"name":"wp","href":"https:\/\/api.w.org\/{rel}","templated":true}]}}