{"id":6464,"date":"2026-03-25T13:02:00","date_gmt":"2026-03-25T17:02:00","guid":{"rendered":"https:\/\/ermdigital.com\/index.php\/2026\/03\/25\/instalan-un-colmado-en-donde-estaba-la-libreria-la-trinitaria\/"},"modified":"2026-03-25T13:02:00","modified_gmt":"2026-03-25T17:02:00","slug":"instalan-un-colmado-en-donde-estaba-la-libreria-la-trinitaria","status":"publish","type":"post","link":"https:\/\/ermdigital.com\/index.php\/2026\/03\/25\/instalan-un-colmado-en-donde-estaba-la-libreria-la-trinitaria\/","title":{"rendered":"Instalan un colmado en donde estaba la librer\u00eda La Trinitaria"},"content":{"rendered":"<p>Donde por d\u00e9cadas se hablaba de literatura, <strong>historia<\/strong> y pa\u00eds, ahora funcionar\u00e1 un <strong>colmado<\/strong>. El local que alberg\u00f3 la emblem\u00e1tica <strong>librer\u00eda La Trinitaria<\/strong>, en la <strong>calle Arzobispo Nouel<\/strong> de la <strong>Ciudad Colonial<\/strong>, cambi\u00f3 de destino y con ello reabre el debate sobre la <strong>p\u00e9rdida de espacios culturales<\/strong> en la capital.<\/p>\n<p>El cambio ha sorprendido a residentes y visitantes habituales de la zona. No se trata de cualquier negocio: all\u00ed oper\u00f3 durante <strong>m\u00e1s de medio siglo<\/strong> uno de los principales puntos de encuentro intelectual del pa\u00eds.<\/p>\n<p>Uno de los residentes lament\u00f3 la instalaci\u00f3n del negocio y cuestion\u00f3 la <strong>falta de pol\u00edticas<\/strong> de <strong>preservaci\u00f3n cultural<\/strong>.<\/p>\n<p>\u201cCreo que el <strong>Estado debe velar<\/strong> por la preservaci\u00f3n de nuestra <strong>identidad<\/strong>. La <strong>librer\u00eda La Trinitaria<\/strong> forma parte de lo que somos los dominicanos. En consecuencia, debi\u00f3 crearse all\u00ed un <strong>recinto cultural<\/strong> para mantener viva la obra de la librer\u00eda, cuyo nombre se tom\u00f3 del movimiento patri\u00f3tico <strong>La Trinitaria<\/strong>, fundado por el patricio Juan Pablo Duarte\u201d, afirm\u00f3 el <strong>gestor cultural Radhy Miranda<\/strong>.<\/p>\n<p><strong>La Trinitaria cerr\u00f3<\/strong> sus puertas en noviembre pasado, poniendo fin a <strong>57 a\u00f1os de historia<\/strong>. Fue fundada el 22 de noviembre de 1968 en la calle <strong>La Trinitaria<\/strong> esquina 30 de Marzo, en San Carlos, por <strong>Virtudes Uribe<\/strong>, junto a su hermana Juana Emilia y su madre Bertha Moreau de Uribe.<\/p>\n<p>Con el tiempo, dej\u00f3 de ser solo una librer\u00eda. Se convirti\u00f3 en un <strong>punto de encuentro<\/strong> donde coincid\u00edan <strong>escritores, artistas, pol\u00edticos<\/strong> e investigadores. Un lugar donde siempre hab\u00eda <strong>conversaci\u00f3n<\/strong>.<\/p>\n<p>Por sus estantes y tertulias pasaron figuras de la literatura universal como <strong>Mario Vargas Llosa<\/strong>, <strong>Jos\u00e9 Saramago<\/strong> y Elena Paniatowska. Tambi\u00e9n escritores dominicanos como <strong>Pedro Mir<\/strong>, Freddy Gat\u00f3n Arce, Virgilio D\u00edaz Grull\u00f3n, Juan Bosch, Leonel Fern\u00e1ndez, entre otros.<\/p>\n<p>A esto se sumaban <strong>tertulias frecuentes<\/strong> con intelectuales como <strong>Miguel Cepeda<\/strong>, Alejandro Paulino, Hamlet Hermann y el periodista <strong>Bonaparte Gautreaux Pi\u00f1eyro<\/strong>.<\/p>\n<p>Desde sus inicios, <strong>La Trinitaria<\/strong> apost\u00f3 por la <strong>importaci\u00f3n de libros<\/strong> de <strong>teor\u00eda pol\u00edtica<\/strong>, especialmente de editoriales como Siglo XXI y Grijalbo, de M\u00e9xico. En 1977 se integr\u00f3 <strong>Juan B\u00e1ez Melo<\/strong>, ampliando la oferta hacia la <strong>pedagog\u00eda<\/strong> y la creaci\u00f3n literaria.<\/p>\n<div class=\"w-full pt-2 float-left inside-related\">    <span class=\"border-b border-black pb-3 mb-4 block\"><strong>RELACIONADAS<\/strong><\/span>    <\/div>\n<h2>Cronolog\u00eda y legado de <strong>La Trinitaria<\/strong> en la <strong>Ciudad Colonial<\/strong><\/h2>\n<p>En 1978 se traslad\u00f3 a su sede definitiva en la <strong>calle Arzobispo Nouel<\/strong> 160, donde construy\u00f3 su <strong>historia<\/strong>. A partir de 1985, se especializ\u00f3 en <strong>libros<\/strong> dominicanos, <strong>promoviendo autores locales<\/strong> con <strong>exposiciones<\/strong> en distintas ciudades del pa\u00eds.<\/p>\n<p>El veterano periodista <strong>Bonaparte Gautreaux Pi\u00f1eyro<\/strong> dej\u00f3 constancia de su <strong>impacto<\/strong> en un texto publicado en el peri\u00f3dico Hoy en 2017.<\/p>\n<p>\u201cA Virtudes siempre la veo como la dulce jovencita que ingres\u00f3 a estudiar en la <strong>Facultad de Derecho<\/strong> en octubre de 1956. De ah\u00ed nuestra <strong>relaci\u00f3n<\/strong>\u201d, escribi\u00f3.<\/p>\n<p>Tambi\u00e9n destac\u00f3 su <strong>vocaci\u00f3n por la lectura<\/strong>:<\/p>\n<p>\u201cEse <strong>amor a la lectura<\/strong> y a los <strong>libros<\/strong>, obviamente inculcado por el excelente lexic\u00f3grafo que fue su padre\u201d.<\/p>\n<p>Y resumi\u00f3 el <strong>sentido de la librer\u00eda<\/strong> con una frase que hoy cobra m\u00e1s peso:<\/p>\n<p>\u201cSe quiebran las palabras para juzgar, para apreciar, para loar ese <strong>esfuerzo sostenido<\/strong>, permanente, sin descanso, para sostener el <strong>libro de autor dominicano<\/strong> en primer plano\u201d.<\/p>\n<figure class=\"my-12 component infografia\">\n<div class=\"expand-img-placeholder\"><img loading=\"lazy\" decoding=\"async\" src=\"https:\/\/resources.diariolibre.com\/images\/expand.svg\" alt=\"Expandir imagen\" width=\"20\" height=\"20\"><span class=\"rutaimagenoriginal-placeholder\">https:\/\/resources.diariolibre.com\/images\/documents\/10157\/0\/image_content_8261333_20170519000122.jpg<\/span><\/div>\n<p><img decoding=\"async\" loading=\"lazy\" src=\"https:\/\/resources.diariolibre.com\/images\/documents\/10157\/0\/image_content_8261333_20170519000122.jpg\" width=\"auto\" height=\"350\" alt=\"Infograf\u00eda\" class=\"mx-auto\"><\/figure>\n<p><!-- ctrlPlaceHolderQuote Inicio --><\/p>\n<div class=\"mb-5 component cita\">    <i>\"Han sido a\u00f1os dif\u00edciles. Los comienzos fueron muy duros. Nosotros comenzamos, no a vender libros dominicanos, sino libros de fuera, libros marxistas, en los doce a\u00f1os de Balaguer. Esos libros se vend\u00edan muy bien&#8230; Ten\u00edamos buena clientela. Se vend\u00edan inmediatamente. Era el boom. Despu\u00e9s que vino la democracia el libro descendi\u00f3\"<\/i>        <span class=\"author\"><strong>Virtudes Uribe<\/strong><\/span>        <span class=\"status\">Fundadora de La Trinitaria<\/span>        <span class=\"cita-icon\">\u201c<\/span><\/div>\n<p><!-- ctrlPlaceHolderQuote Final --><\/p>\n<h2>Misi\u00f3n cumplida<\/h2>\n<p>En una entrevista concedida en 2017 a la periodista y escritora Emilia Pereyra, publicada en Diario Libre, <strong>Virtudes Uribe<\/strong> afirm\u00f3 que la librer\u00eda cumpli\u00f3 su <strong>misi\u00f3n hist\u00f3rica<\/strong>.<\/p>\n<p>\u201cHan sido <strong>a\u00f1os dif\u00edciles<\/strong>. Los comienzos fueron muy duros. Nosotros comenzamos, no a vender <strong>libros<\/strong> dominicanos, sino <strong>libros<\/strong> de fuera, <strong>libros<\/strong> marxistas, en los <strong>doce a\u00f1os de Balaguer<\/strong>. Esos <strong>libros<\/strong> se vend\u00edan muy bien&#8230; Ten\u00edamos buena clientela. Se vend\u00edan inmediatamente. Era el boom. Despu\u00e9s que vino la democracia el libro descendi\u00f3\u201d, explic\u00f3.<\/p>\n<p>Ante ese nuevo contexto, decidi\u00f3 apostar por el libro dominicano, pese a las <strong>cr\u00edticas iniciales<\/strong>.<\/p>\n<p>Tambi\u00e9n impuls\u00f3 la edici\u00f3n de obras y lleg\u00f3 a publicar cerca de un centenar de t\u00edtulos de <strong>historia y literatura<\/strong> de autores nacionales y de la di\u00e1spora.<\/p>\n<p>\u201cHemos publicado a <strong>escritores <\/strong>dominicanos, sobre todo, pero <strong>libros<\/strong> de historia que sirvan de apoyo a los estudiantes. Lo que m\u00e1s se vende es la historia\u201d, agreg\u00f3.<\/p>\n<figure class=\"inline-block\">\n<div class=\"expand-img-placeholder\"><img loading=\"lazy\" decoding=\"async\" src=\"https:\/\/resources.diariolibre.com\/images\/expand.svg\" alt=\"Expandir imagen\" width=\"20\" height=\"20\"><span class=\"rutaimagenoriginal-placeholder\">https:\/\/resources.diariolibre.com\/images\/2026\/03\/25\/93e32a6f-virtudes-uribe-catedratica-dp-65-c0b4336b.jpg<\/span><\/div>\n<p><img decoding=\"async\" loading=\"lazy\" src=\"https:\/\/resources.diariolibre.com\/images\/2026\/03\/25\/93e32a6f-virtudes-uribe-catedratica-dp-65-c0b4336b.jpg\" width=\"auto\" height=\"350\" alt=\"Infograf\u00eda\" class=\"mx-auto\"><figcaption><span>Interior de la Librer\u00eda La Trinitaria, espacio de encuentro para escritores, lectores e intelectuales en la Ciudad Colonial.<\/span><\/figcaption><\/figure>\n<p><\/p>\n<h2>Cierres<\/h2>\n<ul>\n<li>En t\u00e9rminos generales, el sector <strong>librero<\/strong> enfrenta una realidad compleja. El poco inter\u00e9s por la adquisici\u00f3n del libro f\u00edsico, el pago de servicios y tributos, as\u00ed como la falta de acompa\u00f1amiento de estamentos oficiales <strong>vinculados<\/strong> al <strong>desarroll<\/strong>o de la cultura, figuran entre las razones por las que muchas <strong>librer\u00edas <\/strong>han desaparecido de la ciudad, llevando a sus propietarios a cerrar sus establecimientos.<\/li>\n<li>Hoy, el <strong>cambio de uso<\/strong> del local expone una realidad m\u00e1s amplia: la transformaci\u00f3n\u00a0 cultural y comercial de la <strong>Ciudad Colonial<\/strong>.<\/li>\n<\/ul>\n<p>\u200bDonde por d\u00e9cadas se hablaba de literatura, historia y pa\u00eds, ahora funcionar\u00e1 un colmado. El local que alberg\u00f3 la emblem\u00e1tica librer\u00eda La Trinitaria, en la calle Arzobispo Nouel de la Ciudad Colonial, cambi\u00f3 de destino y con ello reabre el debate sobre la p\u00e9rdida de espacios culturales en la capital.El cambio ha sorprendido a residentes y visitantes habituales de la zona. No se trata de cualquier negocio: all\u00ed oper\u00f3 durante m\u00e1s de medio siglo uno de los principales puntos de encuentro intelectual del pa\u00eds.Uno de los residentes lament\u00f3 la instalaci\u00f3n del negocio y cuestion\u00f3 la falta de pol\u00edticas de preservaci\u00f3n cultural.\u201cCreo que el Estado debe velar por la preservaci\u00f3n de nuestra identidad. La librer\u00eda La Trinitaria forma parte de lo que somos los dominicanos. En consecuencia, debi\u00f3 crearse all\u00ed un recinto cultural para mantener viva la obra de la librer\u00eda, cuyo nombre se tom\u00f3 del movimiento patri\u00f3tico La Trinitaria, fundado por el patricio Juan Pablo Duarte\u201d, afirm\u00f3 el gestor cultural Radhy Miranda.La Trinitaria cerr\u00f3 sus puertas en noviembre pasado, poniendo fin a 57 a\u00f1os de historia. Fue fundada el 22 de noviembre de 1968 en la calle La Trinitaria esquina 30 de Marzo, en San Carlos, por Virtudes Uribe, junto a su hermana Juana Emilia y su madre Bertha Moreau de Uribe.Con el tiempo, dej\u00f3 de ser solo una librer\u00eda. Se convirti\u00f3 en un punto de encuentro donde coincid\u00edan escritores, artistas, pol\u00edticos e investigadores. Un lugar donde siempre hab\u00eda conversaci\u00f3n.Por sus estantes y tertulias pasaron figuras de la literatura universal como Mario Vargas Llosa, Jos\u00e9 Saramago y Elena Paniatowska. Tambi\u00e9n escritores dominicanos como Pedro Mir, Freddy Gat\u00f3n Arce, Virgilio D\u00edaz Grull\u00f3n, Juan Bosch, Leonel Fern\u00e1ndez, entre otros.A esto se sumaban tertulias frecuentes con intelectuales como Miguel Cepeda, Alejandro Paulino, Hamlet Hermann y el periodista Bonaparte Gautreaux Pi\u00f1eyro.Desde sus inicios, La Trinitaria apost\u00f3 por la importaci\u00f3n de libros de teor\u00eda pol\u00edtica, especialmente de editoriales como Siglo XXI y Grijalbo, de M\u00e9xico. En 1977 se integr\u00f3 Juan B\u00e1ez Melo, ampliando la oferta hacia la pedagog\u00eda y la creaci\u00f3n literaria.    RELACIONADAS    Cronolog\u00eda y legado de La Trinitaria en la Ciudad ColonialEn 1978 se traslad\u00f3 a su sede definitiva en la calle Arzobispo Nouel 160, donde construy\u00f3 su historia. A partir de 1985, se especializ\u00f3 en libros dominicanos, promoviendo autores locales con exposiciones en distintas ciudades del pa\u00eds.El veterano periodista Bonaparte Gautreaux Pi\u00f1eyro dej\u00f3 constancia de su impacto en un texto publicado en el peri\u00f3dico Hoy en 2017.\u201cA Virtudes siempre la veo como la dulce jovencita que ingres\u00f3 a estudiar en la Facultad de Derecho en octubre de 1956. De ah\u00ed nuestra relaci\u00f3n\u201d, escribi\u00f3.Tambi\u00e9n destac\u00f3 su vocaci\u00f3n por la lectura:\u201cEse amor a la lectura y a los libros, obviamente inculcado por el excelente lexic\u00f3grafo que fue su padre\u201d.Y resumi\u00f3 el sentido de la librer\u00eda con una frase que hoy cobra m\u00e1s peso:\u201cSe quiebran las palabras para juzgar, para apreciar, para loar ese esfuerzo sostenido, permanente, sin descanso, para sostener el libro de autor dominicano en primer plano\u201d.https:\/\/resources.diariolibre.com\/images\/documents\/10157\/0\/image_content_8261333_20170519000122.jpg    \"Han sido a\u00f1os dif\u00edciles. Los comienzos fueron muy duros. Nosotros comenzamos, no a vender libros dominicanos, sino libros de fuera, libros marxistas, en los doce a\u00f1os de Balaguer. Esos libros se vend\u00edan muy bien&#8230; Ten\u00edamos buena clientela. Se vend\u00edan inmediatamente. Era el boom. Despu\u00e9s que vino la democracia el libro descendi\u00f3\"        Virtudes Uribe        Fundadora de La Trinitaria        \u201cMisi\u00f3n cumplidaEn una entrevista concedida en 2017 a la periodista y escritora Emilia Pereyra, publicada en Diario Libre, Virtudes Uribe afirm\u00f3 que la librer\u00eda cumpli\u00f3 su misi\u00f3n hist\u00f3rica.\u201cHan sido a\u00f1os dif\u00edciles. Los comienzos fueron muy duros. Nosotros comenzamos, no a vender libros dominicanos, sino libros de fuera, libros marxistas, en los doce a\u00f1os de Balaguer. Esos libros se vend\u00edan muy bien&#8230; Ten\u00edamos buena clientela. Se vend\u00edan inmediatamente. Era el boom. Despu\u00e9s que vino la democracia el libro descendi\u00f3\u201d, explic\u00f3.Ante ese nuevo contexto, decidi\u00f3 apostar por el libro dominicano, pese a las cr\u00edticas iniciales.Tambi\u00e9n impuls\u00f3 la edici\u00f3n de obras y lleg\u00f3 a publicar cerca de un centenar de t\u00edtulos de historia y literatura de autores nacionales y de la di\u00e1spora.\u201cHemos publicado a escritores dominicanos, sobre todo, pero libros de historia que sirvan de apoyo a los estudiantes. Lo que m\u00e1s se vende es la historia\u201d, agreg\u00f3.https:\/\/resources.diariolibre.com\/images\/2026\/03\/25\/93e32a6f-virtudes-uribe-catedratica-dp-65-c0b4336b.jpgInterior de la Librer\u00eda La Trinitaria, espacio de encuentro para escritores, lectores e intelectuales en la Ciudad Colonial.Cierres    En t\u00e9rminos generales, el sector librero enfrenta una realidad compleja. El poco inter\u00e9s por la adquisici\u00f3n del libro f\u00edsico, el pago de servicios y tributos, as\u00ed como la falta de acompa\u00f1amiento de estamentos oficiales vinculados al desarrollo de la cultura, figuran entre las razones por las que muchas librer\u00edas han desaparecido de la ciudad, llevando a sus propietarios a cerrar sus establecimientos.    Hoy, el cambio de uso del local expone una realidad m\u00e1s amplia: la transformaci\u00f3n\u00a0 cultural y comercial de la Ciudad Colonial.\u00a0\u00a0Revista, Cultura, Severo Rivera, Santo Domingo, Ciudad Colonial, colmado, La Trinitaria, IDENTIDAD, librer\u00edas, Espacio cultural\u00a0<\/p>\n","protected":false},"excerpt":{"rendered":"<p>Donde por d\u00e9cadas se hablaba de literatura, historia y pa\u00eds, ahora funcionar\u00e1 un colmado. El local que alberg\u00f3 la emblem\u00e1tica librer\u00eda La Trinitaria, en la calle Arzobispo Nouel de la Ciudad Colonial, cambi\u00f3 de destino y con ello reabre el debate sobre la p\u00e9rdida de espacios culturales en la capital. El cambio ha sorprendido a [&hellip;]<\/p>\n","protected":false},"author":1,"featured_media":6011,"comment_status":"open","ping_status":"open","sticky":false,"template":"","format":"standard","meta":{"amp_status":"","footnotes":""},"categories":[9],"tags":[],"class_list":["post-6464","post","type-post","status-publish","format-standard","has-post-thumbnail","hentry","category-espectaculo"],"_links":{"self":[{"href":"https:\/\/ermdigital.com\/index.php\/wp-json\/wp\/v2\/posts\/6464","targetHints":{"allow":["GET"]}}],"collection":[{"href":"https:\/\/ermdigital.com\/index.php\/wp-json\/wp\/v2\/posts"}],"about":[{"href":"https:\/\/ermdigital.com\/index.php\/wp-json\/wp\/v2\/types\/post"}],"author":[{"embeddable":true,"href":"https:\/\/ermdigital.com\/index.php\/wp-json\/wp\/v2\/users\/1"}],"replies":[{"embeddable":true,"href":"https:\/\/ermdigital.com\/index.php\/wp-json\/wp\/v2\/comments?post=6464"}],"version-history":[{"count":0,"href":"https:\/\/ermdigital.com\/index.php\/wp-json\/wp\/v2\/posts\/6464\/revisions"}],"wp:featuredmedia":[{"embeddable":true,"href":"https:\/\/ermdigital.com\/index.php\/wp-json\/wp\/v2\/media\/6011"}],"wp:attachment":[{"href":"https:\/\/ermdigital.com\/index.php\/wp-json\/wp\/v2\/media?parent=6464"}],"wp:term":[{"taxonomy":"category","embeddable":true,"href":"https:\/\/ermdigital.com\/index.php\/wp-json\/wp\/v2\/categories?post=6464"},{"taxonomy":"post_tag","embeddable":true,"href":"https:\/\/ermdigital.com\/index.php\/wp-json\/wp\/v2\/tags?post=6464"}],"curies":[{"name":"wp","href":"https:\/\/api.w.org\/{rel}","templated":true}]}}