{"id":6400,"date":"2026-03-25T11:13:00","date_gmt":"2026-03-25T15:13:00","guid":{"rendered":"https:\/\/ermdigital.com\/index.php\/2026\/03\/25\/gira-the-killers-2026-llega-a-republica-dominicana\/"},"modified":"2026-03-25T11:13:00","modified_gmt":"2026-03-25T15:13:00","slug":"gira-the-killers-2026-llega-a-republica-dominicana","status":"publish","type":"post","link":"https:\/\/ermdigital.com\/index.php\/2026\/03\/25\/gira-the-killers-2026-llega-a-republica-dominicana\/","title":{"rendered":"Gira The Killers 2026 llega a Rep\u00fablica Dominicana"},"content":{"rendered":"<p> <strong>The Killers<\/strong> <strong>llegar\u00e1n<\/strong> este jueves a la <strong>Rep\u00fablica Dominicana<\/strong> para su esperado <strong>concierto<\/strong> del 27 de marzo en el \u00d3valo de la Feria Ganadera.<\/p>\n<p>La <strong>banda estadounidense<\/strong>, liderada por <strong>Brandon Flowers<\/strong>, aterriza en el pa\u00eds como parte de su <strong>gira internacional<\/strong>. Su presentaci\u00f3n incluir\u00e1 \u00e9xitos como Mr. Brightside, Somebody Told Me, Human y When You Were Young.<\/p>\n<p>La <strong>producci\u00f3n<\/strong> del evento, a cargo de SD Concerts, se encuentra en su <strong>fase final<\/strong>. El montaje del escenario est\u00e1 pr\u00e1cticamente listo, mientras se afinan los \u00faltimos detalles t\u00e9cnicos, log\u00edsticos y de seguridad para garantizar el desarrollo del espect\u00e1culo.<\/p>\n<div class=\"w-full pt-2 float-left inside-related\">    <span class=\"border-b border-black pb-3 mb-4 block\"><strong>RELACIONADAS<\/strong><\/span>                <\/p>\n<article class=\"flex flex-wrap border-b pb-4 mb-3 inline-block\">\n<div class=\"xl:w-2\/12 w-4\/12\">\n<figure class=\"mb-0\">                                                    <a href=\"https:\/\/www.diariolibre.com\/revista\/musica\/2026\/03\/19\/esta-sera-la-nueva-sede-del-concierto-de-the-killers-en-rd\/3475020?utm_source=relacionadas&amp;utm_medium=nota&amp;utm_campaign=relacionadas\" title=\"                                                                                                                            \">                                                                <img decoding=\"async\" loading=\"lazy\" src=\"https:\/\/resources.diariolibre.com\/images\/2026\/03\/19\/esta-sera-la-nueva-sede-del-concierto-de-the-killers-en-rd-89d65be8-focus-0.2-0.47-149-99.jpg\" width=\"149\" height=\"99\" title=\"El concierto de The Killers en la Rep\u00fablica Dominicana cambia de sede; te contamos d\u00f3nde ser\u00e1\" alt=\"El concierto de The Killers en la Rep\u00fablica Dominicana cambia de sede; te contamos d\u00f3nde ser\u00e1\" class=\"object-cover\">                                                            <\/a>                                            <\/figure>\n<\/p><\/div>\n<div class=\"xl:w-10\/12 w-8\/12 pl-3\">\n<div class=\"text-md mb-2 meta\">                        <a href=\"https:\/\/www.diariolibre.com\/revista\/musica\" title=\"M\u00fasica\">M\u00fasica<\/a>                    <\/div>\n<h2><a href=\"https:\/\/www.diariolibre.com\/revista\/musica\/2026\/03\/19\/esta-sera-la-nueva-sede-del-concierto-de-the-killers-en-rd\/3475020?utm_source=relacionadas&amp;utm_medium=nota&amp;utm_campaign=relacionadas\" title=\"El concierto de The Killers en la Rep\u00fablica Dominicana cambia de sede; te contamos d\u00f3nde ser\u00e1\">El concierto de \"The Killers\" en la Rep\u00fablica Dominicana cambia de sede; te contamos d\u00f3nde ser\u00e1<\/a><\/h2>\n<\/p><\/div>\n<\/article>\n<article class=\"flex flex-wrap border-b pb-4 mb-3 inline-block\">\n<div class=\"xl:w-2\/12 w-4\/12\">\n<figure class=\"mb-0\">                                                    <a href=\"https:\/\/www.diariolibre.com\/revista\/musica\/2025\/12\/17\/the-killers-se-presentara-en-la-republica-dominicana\/3380183?utm_source=relacionadas&amp;utm_medium=nota&amp;utm_campaign=relacionadas\" title=\"                                                                                                                            \">                                                                <img decoding=\"async\" loading=\"lazy\" src=\"https:\/\/resources.diariolibre.com\/images\/2025\/12\/17\/the-killers-se-presentara-en-la-republica-dominicana-4ea93dfe-focus-min0.16-0.55-149-99.jpg\" width=\"149\" height=\"99\" title=\"The Killers regresa a Rep\u00fablica Dominicana con un concierto el 27 de marzo\" alt=\"The Killers regresa a Rep\u00fablica Dominicana con un concierto el 27 de marzo\" class=\"object-cover\">                                                            <\/a>                                            <\/figure>\n<\/p><\/div>\n<div class=\"xl:w-10\/12 w-8\/12 pl-3\">\n<div class=\"text-md mb-2 meta\">                        <a href=\"https:\/\/www.diariolibre.com\/revista\/musica\" title=\"M\u00fasica\">M\u00fasica<\/a>                    <\/div>\n<h2><a href=\"https:\/\/www.diariolibre.com\/revista\/musica\/2025\/12\/17\/the-killers-se-presentara-en-la-republica-dominicana\/3380183?utm_source=relacionadas&amp;utm_medium=nota&amp;utm_campaign=relacionadas\" title=\"The Killers regresa a Rep\u00fablica Dominicana con un concierto el 27 de marzo\">The Killers regresa a Rep\u00fablica Dominicana con un concierto el 27 de marzo<\/a><\/h2>\n<\/p><\/div>\n<\/article><\/div>\n<div class=\"social-embed mb-4\">\n<div class=\"placeholderYoutube\"><\/div>\n<\/div>\n<h2>Recomendaciones para los asistentes y venta de boletas<\/h2>\n<p>Los organizadores informaron que las\u00a0boletas\u00a0est\u00e1n en sus\u00a0\u00faltimas disponibilidades\u00a0y contin\u00faan a la venta a\u00a0<strong>trav\u00e9s\u00a0<\/strong>de la plataforma tuboleta.com.do. Se prev\u00e9 una alta asistencia de\u00a0<strong>p\u00fablico<\/strong>.<\/p>\n<figure class=\"inline-block\">\n<div class=\"expand-img-placeholder\"><img loading=\"lazy\" decoding=\"async\" src=\"https:\/\/resources.diariolibre.com\/images\/expand.svg\" alt=\"Expandir imagen\" width=\"20\" height=\"20\"><span class=\"rutaimagenoriginal-placeholder\">https:\/\/resources.diariolibre.com\/images\/2026\/03\/25\/whatsapp-image-2026-03-25-at-31320-pm-edb69efc.jpeg<\/span><\/div>\n<p><img decoding=\"async\" loading=\"lazy\" src=\"https:\/\/resources.diariolibre.com\/images\/2026\/03\/25\/whatsapp-image-2026-03-25-at-31320-pm-edb69efc.jpeg\" width=\"auto\" height=\"350\" alt=\"Infograf\u00eda\" class=\"mx-auto\"><figcaption><span>El \u00d3valo de la Feria Ganadera se prepara para recibir a miles de fan\u00e1ticos de The Killers este 27 de marzo.<\/span><\/figcaption><\/figure>\n<p><\/p>\n<p><\/p>\n<p>Asimismo, recomendaron a los <strong>asistentes<\/strong> llegar con <strong>anticipaci\u00f3n<\/strong> y mantenerse atentos a las<strong> <\/strong>indicaciones log\u00edsticas que ser\u00e1n anunciadas antes del evento.<\/p>\n<p>Con m\u00e1s de dos d\u00e9cadas de trayectoria, <strong>The Killers<\/strong> se mantiene como una de las bandas m\u00e1s influyentes del <strong>rock contempor\u00e1neo<\/strong>, con una s\u00f3lida presencia internacional y una conexi\u00f3n constante con su <strong>p\u00fablico<\/strong>.<\/p>\n<div class=\"social-embed mb-4\">\n<blockquote class=\"instagram-media\" data-instgrm-captioned=\"\" data-instgrm-permalink=\"https:\/\/www.instagram.com\/p\/DWQVZtdjuw3\/?utm_source=ig_embed&amp;utm_campaign=loading\" data-instgrm-version=\"14\">\n<div> <a href=\"https:\/\/www.instagram.com\/p\/DWQVZtdjuw3\/?utm_source=ig_embed&amp;utm_campaign=loading\" target=\"_blank\" title=\"       Ver esta publicaci\u00f3n en Instagram            \" rel=\"nofollow noopener noreferrer\"> <\/p>\n<div>\n<div><\/div>\n<div>\n<div><\/div>\n<div><\/div>\n<\/div>\n<\/div>\n<div><\/div>\n<div><\/div>\n<div>\n<div>Ver esta publicaci\u00f3n en Instagram<\/div>\n<\/div>\n<div><\/div>\n<div>\n<div>\n<div><\/div>\n<div><\/div>\n<div><\/div>\n<\/div>\n<div>\n<div><\/div>\n<div><\/div>\n<\/div>\n<div>\n<div><\/div>\n<div><\/div>\n<div><\/div>\n<\/div>\n<\/div>\n<div>\n<div><\/div>\n<div><\/div>\n<\/div>\n<p><\/a><\/p>\n<p><a href=\"https:\/\/www.instagram.com\/p\/DWQVZtdjuw3\/?utm_source=ig_embed&amp;utm_campaign=loading\" target=\"_blank\" title=\"Una publicaci\u00f3n compartida por The Killers (@thekillers)\" rel=\"nofollow noopener noreferrer\">Una publicaci\u00f3n compartida por The Killers (@thekillers)<\/a><\/p>\n<\/div>\n<\/blockquote>\n<div class=\"lazyload\" data-script=\"https:\/\/www.instagram.com\/embed.js\"><\/div>\n<\/div>\n<h2>Trayectoria<\/h2>\n<ul>\n<li>Banda estadounidense de <strong>rock<\/strong> formada en 2001 en Las Vegas por Brandon Flowers y Dave Keuning. The Killers alcanz\u00f3 fama mundial con su \u00e1lbum debut <em>Hot Fuss<\/em> (2004), que incluy\u00f3 \u00e9xitos como <strong>Mr. Brightside<\/strong> y Somebody Told Me. <\/li>\n<li>Con m\u00e1s de dos d\u00e9cadas de trayectoria, el grupo se ha consolidado como uno de los referentes del <strong>rock<\/strong> contempor\u00e1neo, combinando sonidos de indie <strong>rock<\/strong>, new wave y synth-pop, y manteniendo una fuerte conexi\u00f3n con el p\u00fablico a nivel global.<\/li>\n<\/ul>\n<p><\/p>\n<p><\/p>\n<p>\u200bThe Killers llegar\u00e1n este jueves a la Rep\u00fablica Dominicana para su esperado concierto del 27 de marzo en el \u00d3valo de la Feria Ganadera.La banda estadounidense, liderada por Brandon Flowers, aterriza en el pa\u00eds como parte de su gira internacional. Su presentaci\u00f3n incluir\u00e1 \u00e9xitos como Mr. Brightside, Somebody Told Me, Human y When You Were Young.La producci\u00f3n del evento, a cargo de SD Concerts, se encuentra en su fase final. El montaje del escenario est\u00e1 pr\u00e1cticamente listo, mientras se afinan los \u00faltimos detalles t\u00e9cnicos, log\u00edsticos y de seguridad para garantizar el desarrollo del espect\u00e1culo.    RELACIONADAS                                                                                                                                                                                                                                                                                                                                                            M\u00fasica                                        El concierto de \"The Killers\" en la Rep\u00fablica Dominicana cambia de sede; te contamos d\u00f3nde ser\u00e1                                                                                                                                                                                                                                                                                                                                                                                            M\u00fasica                                        The Killers regresa a Rep\u00fablica Dominicana con un concierto el 27 de marzo                                    Recomendaciones para los asistentes y venta de boletasLos organizadores informaron que las\u00a0boletas\u00a0est\u00e1n en sus\u00a0\u00faltimas disponibilidades\u00a0y contin\u00faan a la venta a\u00a0trav\u00e9s\u00a0de la plataforma tuboleta.com.do. Se prev\u00e9 una alta asistencia de\u00a0p\u00fablico.https:\/\/resources.diariolibre.com\/images\/2026\/03\/25\/whatsapp-image-2026-03-25-at-31320-pm-edb69efc.jpegEl \u00d3valo de la Feria Ganadera se prepara para recibir a miles de fan\u00e1ticos de The Killers este 27 de marzo.Asimismo, recomendaron a los asistentes llegar con anticipaci\u00f3n y mantenerse atentos a las indicaciones log\u00edsticas que ser\u00e1n anunciadas antes del evento.Con m\u00e1s de dos d\u00e9cadas de trayectoria, The Killers se mantiene como una de las bandas m\u00e1s influyentes del rock contempor\u00e1neo, con una s\u00f3lida presencia internacional y una conexi\u00f3n constante con su p\u00fablico.        Ver esta publicaci\u00f3n en Instagram            Una publicaci\u00f3n compartida por The Killers (@thekillers) Trayectoria    Banda estadounidense de rock formada en 2001 en Las Vegas por Brandon Flowers y Dave Keuning. The Killers alcanz\u00f3 fama mundial con su \u00e1lbum debut Hot Fuss (2004), que incluy\u00f3 \u00e9xitos como Mr. Brightside y Somebody Told Me.     Con m\u00e1s de dos d\u00e9cadas de trayectoria, el grupo se ha consolidado como uno de los referentes del rock contempor\u00e1neo, combinando sonidos de indie rock, new wave y synth-pop, y manteniendo una fuerte conexi\u00f3n con el p\u00fablico a nivel global.\u00a0\u00a0Revista, M\u00fasica, Diario Libre, Santo Domingo, Rock, Gira, The Killers concierto Rep\u00fablica Dominicana, The Killers El \u00d3valo, gira The Killers 2024\u00a0<\/p>\n","protected":false},"excerpt":{"rendered":"<p>The Killers llegar\u00e1n este jueves a la Rep\u00fablica Dominicana para su esperado concierto del 27 de marzo en el \u00d3valo de la Feria Ganadera. La banda estadounidense, liderada por Brandon Flowers, aterriza en el pa\u00eds como parte de su gira internacional. Su presentaci\u00f3n incluir\u00e1 \u00e9xitos como Mr. Brightside, Somebody Told Me, Human y When You [&hellip;]<\/p>\n","protected":false},"author":1,"featured_media":5931,"comment_status":"open","ping_status":"open","sticky":false,"template":"","format":"standard","meta":{"amp_status":"","footnotes":""},"categories":[9],"tags":[],"class_list":["post-6400","post","type-post","status-publish","format-standard","has-post-thumbnail","hentry","category-espectaculo"],"_links":{"self":[{"href":"https:\/\/ermdigital.com\/index.php\/wp-json\/wp\/v2\/posts\/6400","targetHints":{"allow":["GET"]}}],"collection":[{"href":"https:\/\/ermdigital.com\/index.php\/wp-json\/wp\/v2\/posts"}],"about":[{"href":"https:\/\/ermdigital.com\/index.php\/wp-json\/wp\/v2\/types\/post"}],"author":[{"embeddable":true,"href":"https:\/\/ermdigital.com\/index.php\/wp-json\/wp\/v2\/users\/1"}],"replies":[{"embeddable":true,"href":"https:\/\/ermdigital.com\/index.php\/wp-json\/wp\/v2\/comments?post=6400"}],"version-history":[{"count":0,"href":"https:\/\/ermdigital.com\/index.php\/wp-json\/wp\/v2\/posts\/6400\/revisions"}],"wp:featuredmedia":[{"embeddable":true,"href":"https:\/\/ermdigital.com\/index.php\/wp-json\/wp\/v2\/media\/5931"}],"wp:attachment":[{"href":"https:\/\/ermdigital.com\/index.php\/wp-json\/wp\/v2\/media?parent=6400"}],"wp:term":[{"taxonomy":"category","embeddable":true,"href":"https:\/\/ermdigital.com\/index.php\/wp-json\/wp\/v2\/categories?post=6400"},{"taxonomy":"post_tag","embeddable":true,"href":"https:\/\/ermdigital.com\/index.php\/wp-json\/wp\/v2\/tags?post=6400"}],"curies":[{"name":"wp","href":"https:\/\/api.w.org\/{rel}","templated":true}]}}