{"id":6182,"date":"2026-03-25T10:49:00","date_gmt":"2026-03-25T14:49:00","guid":{"rendered":"https:\/\/ermdigital.com\/index.php\/2026\/03\/25\/entidades-coordinan-maestria-sobre-derechos-de-autor-y-regalias\/"},"modified":"2026-03-25T10:49:00","modified_gmt":"2026-03-25T14:49:00","slug":"entidades-coordinan-maestria-sobre-derechos-de-autor-y-regalias","status":"publish","type":"post","link":"https:\/\/ermdigital.com\/index.php\/2026\/03\/25\/entidades-coordinan-maestria-sobre-derechos-de-autor-y-regalias\/","title":{"rendered":"Entidades coordinan maestr\u00eda sobre derechos de autor y regal\u00edas"},"content":{"rendered":"<p>El <strong>Sistema de Gesti\u00f3n Colectiva<\/strong>, en coordinaci\u00f3n con la Oficina Nacional de <strong>Derecho de Autor<\/strong> (<strong>ONDA<\/strong>), avanza en la <strong>implementaci\u00f3n<\/strong> de una <strong>maestr\u00eda en Gesti\u00f3n Colectiva<\/strong> de Producciones Art\u00edsticas y Culturales, cuyo inicio est\u00e1 previsto para mayo de este a\u00f1o en la Universidad Aut\u00f3noma de Santo Domingo (UASD).<\/p>\n<p>La iniciativa forma parte de un proceso de articulaci\u00f3n institucional orientado a la <strong>formaci\u00f3n acad\u00e9mica<\/strong> en materia de <strong>derechos de autor<\/strong> y gesti\u00f3n de obras art\u00edsticas. El programa ser\u00e1 desarrollado mediante una alianza entre entidades del <strong>sistema de gesti\u00f3n colectiva<\/strong>, la <strong>ONDA<\/strong> y el <strong>Ministerio de Educaci\u00f3n Superior<\/strong>, Ciencia y Tecnolog\u00eda (<strong>MESCyT<\/strong>).<\/p>\n<p>Como parte de estos trabajos, representantes de la <strong>Sociedad General de Autores<\/strong>, Compositores y Editores Dominicanos de M\u00fasica (Sgacedom) y la Sociedad Dominicana de Artistas, Int\u00e9rpretes y Ejecutantes (Sodaie), junto al director de la <strong>ONDA<\/strong>, <strong>Jos\u00e9 Rub\u00e9n Gonell<\/strong>, sostuvieron un encuentro con el ministro del <strong>MESCyT<\/strong>, Rafael Santos Bad\u00eda, para coordinar aspectos relacionados con la ejecuci\u00f3n del programa.<\/p>\n<figure class=\"inline-block\">\n<div class=\"expand-img-placeholder\"><img loading=\"lazy\" decoding=\"async\" src=\"https:\/\/resources.diariolibre.com\/images\/expand.svg\" alt=\"Expandir imagen\" width=\"20\" height=\"20\"><span class=\"rutaimagenoriginal-placeholder\">https:\/\/resources.diariolibre.com\/images\/2026\/03\/25\/whatsapp-image-2026-03-25-at-15833-pm-07febf90.jpeg<\/span><\/div>\n<p><img decoding=\"async\" loading=\"lazy\" src=\"https:\/\/resources.diariolibre.com\/images\/2026\/03\/25\/whatsapp-image-2026-03-25-at-15833-pm-07febf90.jpeg\" width=\"auto\" height=\"350\" alt=\"Infograf\u00eda\" class=\"mx-auto\"><figcaption><span>El ministro Rafael Santos Bad\u00eda junto a representantes del sector cultural y la Oficina Nacional de Derecho de Autor durante la reuni\u00f3n de trabajo.<\/span><\/figcaption><\/figure>\n<p>En la reuni\u00f3n participaron tambi\u00e9n los artistas <strong>Ram\u00f3n Orlando<\/strong>, <strong>Kinito M\u00e9ndez<\/strong>, Pochy Familia y Valerio de Le\u00f3n, quienes abordaron temas vinculados a la formaci\u00f3n y a la relaci\u00f3n entre el <strong>sector art\u00edstico<\/strong> y el mercado laboral.<\/p>\n<p>El programa acad\u00e9mico estar\u00e1 orientado a la formaci\u00f3n en administraci\u00f3n de <strong>derechos de autor<\/strong> y derechos conexos, incluyendo aspectos relacionados con la <strong>recaudaci\u00f3n de regal\u00edas<\/strong>, licenciamiento y gesti\u00f3n de obras. Tambi\u00e9n contempla contenidos sobre el funcionamiento del <strong>sistema de gesti\u00f3n colectiva<\/strong> y su marco legal.<\/p>\n<article class=\"border-t border-b py-5 mb-5 component nota-incrustada\">    <span class=\"block mb-2\"><strong>Te puede interesar<\/strong><\/span>                <\/p>\n<h2><a href=\"https:\/\/www.diariolibre.com\/revista\/cultura\/2026\/02\/17\/la-onda-celebrara-en-la-vega-un-conversatorio-sobre-el-carnaval\/3439964?utm_source=relacionadas&amp;utm_medium=nota&amp;utm_campaign=relacionadas\" title=\"La Onda impulsa di\u00e1logo sobre derechos de autor en el Carnaval Vegano\">La Onda impulsa di\u00e1logo sobre derechos de autor en el Carnaval Vegano<\/a><\/h2>\n<h2><a href=\"https:\/\/www.diariolibre.com\/revista\/musica\/2026\/01\/04\/encuentros-navidenos-de-sgacedom-resaltan-la-musica-dominicana\/3393998?utm_source=relacionadas&amp;utm_medium=nota&amp;utm_campaign=relacionadas\" title=\"Sgacedom cierra el a\u00f1o con encuentros navide\u00f1os en Santo Domingo y Santiago\">Sgacedom cierra el a\u00f1o con encuentros navide\u00f1os en Santo Domingo y Santiago<\/a><\/h2>\n<\/article>\n<h2>M\u00e1s<\/h2>\n<ul>\n<li>De acuerdo con las instituciones involucradas, la propuesta responde a la necesidad de estructurar procesos de formaci\u00f3n en el \u00e1mbito de la propiedad intelectual y su aplicaci\u00f3n en la industria cultural.<\/li>\n<li>El inicio de la <strong>maestr\u00eda<\/strong> est\u00e1 previsto para mayo, en la sede de la UASD. Las entidades participantes indicaron que continuar\u00e1n coordinando acciones para la puesta en marcha del programa<\/li>\n<\/ul>\n<p><\/p>\n<p><\/p>\n<p><\/p>\n<p>\u200bEl Sistema de Gesti\u00f3n Colectiva, en coordinaci\u00f3n con la Oficina Nacional de Derecho de Autor (ONDA), avanza en la implementaci\u00f3n de una maestr\u00eda en Gesti\u00f3n Colectiva de Producciones Art\u00edsticas y Culturales, cuyo inicio est\u00e1 previsto para mayo de este a\u00f1o en la Universidad Aut\u00f3noma de Santo Domingo (UASD).La iniciativa forma parte de un proceso de articulaci\u00f3n institucional orientado a la formaci\u00f3n acad\u00e9mica en materia de derechos de autor y gesti\u00f3n de obras art\u00edsticas. El programa ser\u00e1 desarrollado mediante una alianza entre entidades del sistema de gesti\u00f3n colectiva, la ONDA y el Ministerio de Educaci\u00f3n Superior, Ciencia y Tecnolog\u00eda (MESCyT).Como parte de estos trabajos, representantes de la Sociedad General de Autores, Compositores y Editores Dominicanos de M\u00fasica (Sgacedom) y la Sociedad Dominicana de Artistas, Int\u00e9rpretes y Ejecutantes (Sodaie), junto al director de la ONDA, Jos\u00e9 Rub\u00e9n Gonell, sostuvieron un encuentro con el ministro del MESCyT, Rafael Santos Bad\u00eda, para coordinar aspectos relacionados con la ejecuci\u00f3n del programa.https:\/\/resources.diariolibre.com\/images\/2026\/03\/25\/whatsapp-image-2026-03-25-at-15833-pm-07febf90.jpegEl ministro Rafael Santos Bad\u00eda junto a representantes del sector cultural y la Oficina Nacional de Derecho de Autor durante la reuni\u00f3n de trabajo.En la reuni\u00f3n participaron tambi\u00e9n los artistas Ram\u00f3n Orlando, Kinito M\u00e9ndez, Pochy Familia y Valerio de Le\u00f3n, quienes abordaron temas vinculados a la formaci\u00f3n y a la relaci\u00f3n entre el sector art\u00edstico y el mercado laboral.El programa acad\u00e9mico estar\u00e1 orientado a la formaci\u00f3n en administraci\u00f3n de derechos de autor y derechos conexos, incluyendo aspectos relacionados con la recaudaci\u00f3n de regal\u00edas, licenciamiento y gesti\u00f3n de obras. Tambi\u00e9n contempla contenidos sobre el funcionamiento del sistema de gesti\u00f3n colectiva y su marco legal.    Te puede interesar                La Onda impulsa di\u00e1logo sobre derechos de autor en el Carnaval Vegano                    Sgacedom cierra el a\u00f1o con encuentros navide\u00f1os en Santo Domingo y Santiago            M\u00e1s    De acuerdo con las instituciones involucradas, la propuesta responde a la necesidad de estructurar procesos de formaci\u00f3n en el \u00e1mbito de la propiedad intelectual y su aplicaci\u00f3n en la industria cultural.    El inicio de la maestr\u00eda est\u00e1 previsto para mayo, en la sede de la UASD. Las entidades participantes indicaron que continuar\u00e1n coordinando acciones para la puesta en marcha del programa\u00a0\u00a0Revista, Cultura, Diario Libre, Santo Domingo, Derechos de autor, Onda, MESCYT, Derecho de autor, Maestr\u00eda, regal\u00edas, Maestr\u00eda en Gesti\u00f3n Colectiva\u00a0<\/p>\n","protected":false},"excerpt":{"rendered":"<p>El Sistema de Gesti\u00f3n Colectiva, en coordinaci\u00f3n con la Oficina Nacional de Derecho de Autor (ONDA), avanza en la implementaci\u00f3n de una maestr\u00eda en Gesti\u00f3n Colectiva de Producciones Art\u00edsticas y Culturales, cuyo inicio est\u00e1 previsto para mayo de este a\u00f1o en la Universidad Aut\u00f3noma de Santo Domingo (UASD). La iniciativa forma parte de un proceso [&hellip;]<\/p>\n","protected":false},"author":1,"featured_media":5889,"comment_status":"open","ping_status":"open","sticky":false,"template":"","format":"standard","meta":{"amp_status":"","footnotes":""},"categories":[9],"tags":[],"class_list":["post-6182","post","type-post","status-publish","format-standard","has-post-thumbnail","hentry","category-espectaculo"],"_links":{"self":[{"href":"https:\/\/ermdigital.com\/index.php\/wp-json\/wp\/v2\/posts\/6182","targetHints":{"allow":["GET"]}}],"collection":[{"href":"https:\/\/ermdigital.com\/index.php\/wp-json\/wp\/v2\/posts"}],"about":[{"href":"https:\/\/ermdigital.com\/index.php\/wp-json\/wp\/v2\/types\/post"}],"author":[{"embeddable":true,"href":"https:\/\/ermdigital.com\/index.php\/wp-json\/wp\/v2\/users\/1"}],"replies":[{"embeddable":true,"href":"https:\/\/ermdigital.com\/index.php\/wp-json\/wp\/v2\/comments?post=6182"}],"version-history":[{"count":0,"href":"https:\/\/ermdigital.com\/index.php\/wp-json\/wp\/v2\/posts\/6182\/revisions"}],"wp:featuredmedia":[{"embeddable":true,"href":"https:\/\/ermdigital.com\/index.php\/wp-json\/wp\/v2\/media\/5889"}],"wp:attachment":[{"href":"https:\/\/ermdigital.com\/index.php\/wp-json\/wp\/v2\/media?parent=6182"}],"wp:term":[{"taxonomy":"category","embeddable":true,"href":"https:\/\/ermdigital.com\/index.php\/wp-json\/wp\/v2\/categories?post=6182"},{"taxonomy":"post_tag","embeddable":true,"href":"https:\/\/ermdigital.com\/index.php\/wp-json\/wp\/v2\/tags?post=6182"}],"curies":[{"name":"wp","href":"https:\/\/api.w.org\/{rel}","templated":true}]}}