{"id":6157,"date":"2026-03-25T07:32:00","date_gmt":"2026-03-25T11:32:00","guid":{"rendered":"https:\/\/ermdigital.com\/index.php\/2026\/03\/25\/temporada-de-teatro-banreservas-tercer-fin-de-semana-en-escena\/"},"modified":"2026-03-25T07:32:00","modified_gmt":"2026-03-25T11:32:00","slug":"temporada-de-teatro-banreservas-tercer-fin-de-semana-en-escena","status":"publish","type":"post","link":"https:\/\/ermdigital.com\/index.php\/2026\/03\/25\/temporada-de-teatro-banreservas-tercer-fin-de-semana-en-escena\/","title":{"rendered":"Temporada de Teatro Banreservas: tercer fin de semana en escena"},"content":{"rendered":"<p>La <strong>Quinta Temporada<\/strong> de <strong>Teatro<\/strong> Banreservas transita en su tercer fin de semana con una programaci\u00f3n que articula <strong>memoria hist\u00f3rica<\/strong>, sensibilidad y diversidad de lenguajes esc\u00e9nicos. En tres escenarios activos, el p\u00fablico vuelve a encontrarse con montajes que se mueven entre lo \u00edntimo y lo colectivo, donde el <strong>teatro<\/strong> se vive como una experiencia compartida.<\/p>\n<p>En la <strong>Sala Ravelo<\/strong> del <strong>Teatro Nacional<\/strong> se present\u00f3 <em><strong>Liborio<\/strong><\/em>, producci\u00f3n del <strong>Teatro<\/strong> Guloya, dirigida e interpretada por <strong>Dimitri Rivera<\/strong>.<\/p>\n<figure class=\"inline-block\">\n<div class=\"expand-img-placeholder\"><img loading=\"lazy\" decoding=\"async\" src=\"https:\/\/resources.diariolibre.com\/images\/expand.svg\" alt=\"Expandir imagen\" width=\"20\" height=\"20\"><span class=\"rutaimagenoriginal-placeholder\">https:\/\/resources.diariolibre.com\/images\/2026\/03\/25\/liborio-c5ee0720.jpg<\/span><\/div>\n<p><img decoding=\"async\" loading=\"lazy\" src=\"https:\/\/resources.diariolibre.com\/images\/2026\/03\/25\/liborio-c5ee0720.jpg\" width=\"auto\" height=\"350\" alt=\"Infograf\u00eda\" class=\"mx-auto\"><figcaption><span>Dimitri Rivera durante su actuaci\u00f3n en Liborio.<\/span><span> (<strong>FUENTE EXTERNA<\/strong>)<\/span><\/figcaption><\/figure>\n<p>Basada en el texto <strong><em>La hija del Mes\u00edas<\/em><\/strong>, de <strong>C\u00e9sar S\u00e1nchez Beras<\/strong> -quien estuvo presente durante la funci\u00f3n-, la obra aborda la <strong>masacre de Palma Sola<\/strong> de 1962 desde la mirada de un soldado atravesado por el conflicto entre el deber y la conciencia.<\/p>\n<p>Concebida como un <strong>mon\u00f3logo<\/strong>, la pieza se sostiene en la palabra, los silencios y la <strong>presencia actoral<\/strong> de Rivera, construyendo un relato que avanza entre tensiones internas y momentos de introspecci\u00f3n. El espacio, despojado de artificios, acompa\u00f1a sin imponerse, permitiendo que la narrativa respire y encuentre su fuerza en lo esencial.<\/p>\n<p>En el <strong>Centro Cultural Banreservas<\/strong> en Santo Domingo, <em><strong>El camar\u00f3n encantado<\/strong><\/em>, inspirado en el cuento de Jos\u00e9 Mart\u00ed, conect\u00f3 con el p\u00fablico familiar mediante un lenguaje \u00e1gil y l\u00fadico, bajo la producci\u00f3n de <strong>Teatro Sonrisitas<\/strong> y la direcci\u00f3n de Ernesto L\u00f3pez, con actuaciones de Dulce Elvira de los Santos y Ernesto L\u00f3pez.<\/p>\n<div class=\"my-12 component gallery relative small-slider\">\n<div class=\"slider-container\">\n<figure class=\"slider-item\">\n<div class=\"expand-img-placeholder\"><img loading=\"lazy\" decoding=\"async\" src=\"https:\/\/resources.diariolibre.com\/images\/expand.svg\" alt=\"Expandir imagen\" width=\"20\" height=\"20\"><span class=\"rutaimagenoriginal-placeholder\">https:\/\/resources.diariolibre.com\/images\/2026\/03\/25\/el-camaron-encantado-e661c757.jpg<\/span><\/div>\n<p><img decoding=\"async\" src=\"https:\/\/resources.diariolibre.com\/images\/2026\/03\/25\/el-camaron-encantado-e661c757.jpg\" width=\"100%\" alt=\"Ernesto L\u00f3pez en la obra El camar\u00f3n encantado.\u00a0\" class=\"w-full object-cover\"><figcaption><span>Ernesto L\u00f3pez en la obra \"El camar\u00f3n encantado\".<\/span><span> (<strong>FUENTE EXTERNA<\/strong>)<\/span><\/figcaption><\/figure>\n<figure class=\"slider-item\">\n<div class=\"expand-img-placeholder\"><img loading=\"lazy\" decoding=\"async\" src=\"https:\/\/resources.diariolibre.com\/images\/expand.svg\" alt=\"Expandir imagen\" width=\"20\" height=\"20\"><span class=\"rutaimagenoriginal-placeholder\">https:\/\/resources.diariolibre.com\/images\/2026\/03\/25\/el-camaron-encantado2-a906710e.jpg<\/span><\/div>\n<p><img decoding=\"async\" src=\"https:\/\/resources.diariolibre.com\/images\/2026\/03\/25\/el-camaron-encantado2-a906710e.jpg\" width=\"100%\" alt=\"Dulce Elvira de los Santos y Ernesto L\u00f3pez\u00a0en la obra El camar\u00f3n encantado.\" class=\"w-full object-cover\"><figcaption><span>Dulce Elvira de los Santos y Ernesto L\u00f3pezen la obra \"El camar\u00f3n encantado\".<\/span><span> (<strong>FUENTE EXTERNA<\/strong>)<\/span><\/figcaption><\/figure>\n<\/p><\/div>\n<div class=\"slider-arrows\">\n<div class=\"slider-arrow prev\">\u2039<\/div>\n<div class=\"slider-arrow next\">\u203a<\/div>\n<\/p><\/div>\n<ul class=\"slider-dots\"><\/ul>\n<\/div>\n<p><strong>M\u00fasica<\/strong>, <strong>juego<\/strong> e <strong>interacci\u00f3n<\/strong> dieron forma a una experiencia cercana y vibrante.<\/p>\n<p>Y en <strong>Santiago<\/strong>, el <strong>Centro Cultural Banreservas<\/strong> present\u00f3 <em><strong>La odisea<\/strong><\/em>, de <strong>Lorena Oliva<\/strong>, quien asume la producci\u00f3n, direcci\u00f3n y actuaci\u00f3n en una pieza de formato \u00edntimo que revisita el imaginario cl\u00e1sico desde una mirada actual y accesible.<\/p>\n<figure class=\"inline-block\">\n<div class=\"expand-img-placeholder\"><img loading=\"lazy\" decoding=\"async\" src=\"https:\/\/resources.diariolibre.com\/images\/expand.svg\" alt=\"Expandir imagen\" width=\"20\" height=\"20\"><span class=\"rutaimagenoriginal-placeholder\">https:\/\/resources.diariolibre.com\/images\/2026\/03\/25\/la-odisea2-2bd6093c.jpeg<\/span><\/div>\n<p><img decoding=\"async\" loading=\"lazy\" src=\"https:\/\/resources.diariolibre.com\/images\/2026\/03\/25\/la-odisea2-2bd6093c.jpeg\" width=\"auto\" height=\"350\" alt=\"Infograf\u00eda\" class=\"mx-auto\"><figcaption><span>La odisea, de Lorena Oliva.<\/span><span> (<strong>FUENTE EXTERNA<\/strong>)<\/span><\/figcaption><\/figure>\n<p>De esta manera, el fin de semana traz\u00f3 un recorrido donde convergen distintas formas de habitar la escena: desde la <strong>introspecci\u00f3n hist\u00f3rica<\/strong> hasta el <strong>universo l\u00fadico<\/strong> y la <strong>narraci\u00f3n<\/strong>. Una programaci\u00f3n que revela la diversidad de registros que atraviesan este ciclo.<\/p>\n<p>La <strong>Quinta Temporada<\/strong> de <strong>Teatro<\/strong> Banreservas, bajo la producci\u00f3n art\u00edstica de <strong>Guillermo Cordero<\/strong> e impulsada por el <strong>Centro Cultural Banreservas<\/strong>, mantiene su dedicatoria al teatrista <strong>Giovanny Cruz<\/strong>, integrando propuestas que contin\u00faan alimentando el movimiento esc\u00e9nico y el encuentro con el p\u00fablico.<\/p>\n<h2><strong>Cartelera final: el cierre de esta quinta edici\u00f3n<\/strong><\/h2>\n<p>La programaci\u00f3n continuar\u00e1 el <strong>s\u00e1bado 28<\/strong> y <strong>domingo 29<\/strong> de marzo con el cuarto y \u00faltimo fin de semana en la <strong>Sala Ravelo<\/strong> del <strong>Teatro Nacional<\/strong> y el <strong>Centro Cultural Banreservas<\/strong> en Santo Domingo.<\/p>\n<p>En la <strong>Sala Ravelo<\/strong>, <em><strong>Mis tres suegras<\/strong><\/em> se presentar\u00e1 bajo la producci\u00f3n y direcci\u00f3n de <strong>Josema Rodr\u00edguez<\/strong>, con actuaciones de Pamela de Le\u00f3n, <strong>Josema Rodr\u00edguez<\/strong>, Karla Hatton, Patricia Mu\u00f1oz y Jacqueline Estrella, el s\u00e1bado a las 8:30 p.m. y domingo a las 6:30 p.m.<\/p>\n<p>En el <strong>Centro Cultural Banreservas<\/strong> en Santo Domingo, <em><strong>Para subir al cielo<\/strong><\/em>, de <strong>Anacaona Teatro<\/strong>, llegar\u00e1 bajo la direcci\u00f3n de <strong>Lucina E. Jim\u00e9nez<\/strong>, con dramaturgia de Esther Su\u00e1rez y actuaciones de Zacarys Heredia y <strong>Lucina E. Jim\u00e9nez<\/strong>, a las 5:30 p.m.<\/p>\n<p>Estas funciones dar\u00e1n paso al <strong>cierre<\/strong> de una <strong>edici\u00f3n<\/strong> que ha reunido distintas formas de narrar desde las artes esc\u00e9nicas, abriendo un di\u00e1logo continuo entre creadores y p\u00fablico dentro del <strong>pulso cultural dominicano<\/strong>.<\/p>\n<div class=\"read-more mb-7\">    <span class=\"block mb-2\">Leer m\u00e1s<\/span>    <\/p>\n<ul class=\"glosa\">\n<li>\n<h3><a href=\"https:\/\/www.diariolibre.com\/revista\/cultura\/2026\/03\/20\/conoce-las-propuestas-para-la-diversion-este-fin-de-semana\/3475470?utm_source=relacionadas&amp;utm_medium=nota&amp;utm_campaign=relacionadas\" title=\"Escapada teatral: un fin de semana para vivir historias\">Escapada teatral: un fin de semana para vivir historias<\/a><\/h3>\n<\/li>\n<li>\n<h3><a href=\"https:\/\/www.diariolibre.com\/revista\/cultura\/2026\/03\/17\/tres-escenarios-vibraron-con-la-temporada-de-teatro-banreservas\/3472495?utm_source=relacionadas&amp;utm_medium=nota&amp;utm_campaign=relacionadas\" title=\"El teatro se multiplica: tres escenarios protagonizan el segundo fin de semana de Banreservas\">El teatro se multiplica: tres escenarios protagonizan el segundo fin de semana de Banreservas<\/a><\/h3>\n<\/li>\n<li>\n<h3><a href=\"https:\/\/www.diariolibre.com\/revista\/cultura\/2026\/03\/10\/arranca-la-quinta-temporada-de-teatro-banreservas-con-exito\/3464182?utm_source=relacionadas&amp;utm_medium=nota&amp;utm_campaign=relacionadas\" title=\"El tel\u00f3n se abre con \u00e9xito: arranca la Quinta Temporada de Teatro Banreservas\">El tel\u00f3n se abre con \u00e9xito: arranca la Quinta Temporada de Teatro Banreservas<\/a><\/h3>\n<\/li>\n<\/ul>\n<\/div>\n<p><\/p>\n<p>\u200bLa Quinta Temporada de Teatro Banreservas transita en su tercer fin de semana con una programaci\u00f3n que articula memoria hist\u00f3rica, sensibilidad y diversidad de lenguajes esc\u00e9nicos. En tres escenarios activos, el p\u00fablico vuelve a encontrarse con montajes que se mueven entre lo \u00edntimo y lo colectivo, donde el teatro se vive como una experiencia compartida.En la Sala Ravelo del Teatro Nacional se present\u00f3 Liborio, producci\u00f3n del Teatro Guloya, dirigida e interpretada por Dimitri Rivera.https:\/\/resources.diariolibre.com\/images\/2026\/03\/25\/liborio-c5ee0720.jpgDimitri Rivera durante su actuaci\u00f3n en Liborio. (FUENTE EXTERNA)Basada en el texto La hija del Mes\u00edas, de C\u00e9sar S\u00e1nchez Beras -quien estuvo presente durante la funci\u00f3n-, la obra aborda la masacre de Palma Sola de 1962 desde la mirada de un soldado atravesado por el conflicto entre el deber y la conciencia.Concebida como un mon\u00f3logo, la pieza se sostiene en la palabra, los silencios y la presencia actoral de Rivera, construyendo un relato que avanza entre tensiones internas y momentos de introspecci\u00f3n. El espacio, despojado de artificios, acompa\u00f1a sin imponerse, permitiendo que la narrativa respire y encuentre su fuerza en lo esencial.En el Centro Cultural Banreservas en Santo Domingo, El camar\u00f3n encantado, inspirado en el cuento de Jos\u00e9 Mart\u00ed, conect\u00f3 con el p\u00fablico familiar mediante un lenguaje \u00e1gil y l\u00fadico, bajo la producci\u00f3n de Teatro Sonrisitas y la direcci\u00f3n de Ernesto L\u00f3pez, con actuaciones de Dulce Elvira de los Santos y Ernesto L\u00f3pez.            https:\/\/resources.diariolibre.com\/images\/2026\/03\/25\/el-camaron-encantado-e661c757.jpgErnesto L\u00f3pez en la obra \"El camar\u00f3n encantado\". (FUENTE EXTERNA)https:\/\/resources.diariolibre.com\/images\/2026\/03\/25\/el-camaron-encantado2-a906710e.jpgDulce Elvira de los Santos y Ernesto L\u00f3pezen la obra \"El camar\u00f3n encantado\". (FUENTE EXTERNA)                \u2039        \u203a        M\u00fasica, juego e interacci\u00f3n dieron forma a una experiencia cercana y vibrante.Y en Santiago, el Centro Cultural Banreservas present\u00f3 La odisea, de Lorena Oliva, quien asume la producci\u00f3n, direcci\u00f3n y actuaci\u00f3n en una pieza de formato \u00edntimo que revisita el imaginario cl\u00e1sico desde una mirada actual y accesible.https:\/\/resources.diariolibre.com\/images\/2026\/03\/25\/la-odisea2-2bd6093c.jpegLa odisea, de Lorena Oliva. (FUENTE EXTERNA)De esta manera, el fin de semana traz\u00f3 un recorrido donde convergen distintas formas de habitar la escena: desde la introspecci\u00f3n hist\u00f3rica hasta el universo l\u00fadico y la narraci\u00f3n. Una programaci\u00f3n que revela la diversidad de registros que atraviesan este ciclo.La Quinta Temporada de Teatro Banreservas, bajo la producci\u00f3n art\u00edstica de Guillermo Cordero e impulsada por el Centro Cultural Banreservas, mantiene su dedicatoria al teatrista Giovanny Cruz, integrando propuestas que contin\u00faan alimentando el movimiento esc\u00e9nico y el encuentro con el p\u00fablico.Cartelera final: el cierre de esta quinta edici\u00f3nLa programaci\u00f3n continuar\u00e1 el s\u00e1bado 28 y domingo 29 de marzo con el cuarto y \u00faltimo fin de semana en la Sala Ravelo del Teatro Nacional y el Centro Cultural Banreservas en Santo Domingo.En la Sala Ravelo, Mis tres suegras se presentar\u00e1 bajo la producci\u00f3n y direcci\u00f3n de Josema Rodr\u00edguez, con actuaciones de Pamela de Le\u00f3n, Josema Rodr\u00edguez, Karla Hatton, Patricia Mu\u00f1oz y Jacqueline Estrella, el s\u00e1bado a las 8:30 p.m. y domingo a las 6:30 p.m.En el Centro Cultural Banreservas en Santo Domingo, Para subir al cielo, de Anacaona Teatro, llegar\u00e1 bajo la direcci\u00f3n de Lucina E. Jim\u00e9nez, con dramaturgia de Esther Su\u00e1rez y actuaciones de Zacarys Heredia y Lucina E. Jim\u00e9nez, a las 5:30 p.m.Estas funciones dar\u00e1n paso al cierre de una edici\u00f3n que ha reunido distintas formas de narrar desde las artes esc\u00e9nicas, abriendo un di\u00e1logo continuo entre creadores y p\u00fablico dentro del pulso cultural dominicano.    Leer m\u00e1s                            Escapada teatral: un fin de semana para vivir historias                            El teatro se multiplica: tres escenarios protagonizan el segundo fin de semana de Banreservas                            El tel\u00f3n se abre con \u00e9xito: arranca la Quinta Temporada de Teatro Banreservas\u00a0\u00a0Revista, Cultura, Diario Libre, Santo Domingo, Teatro, Temporada de Teatro Banreservas, Quinta Temporada de Teatro Banreservas\u00a0<\/p>\n","protected":false},"excerpt":{"rendered":"<p>La Quinta Temporada de Teatro Banreservas transita en su tercer fin de semana con una programaci\u00f3n que articula memoria hist\u00f3rica, sensibilidad y diversidad de lenguajes esc\u00e9nicos. En tres escenarios activos, el p\u00fablico vuelve a encontrarse con montajes que se mueven entre lo \u00edntimo y lo colectivo, donde el teatro se vive como una experiencia compartida. [&hellip;]<\/p>\n","protected":false},"author":1,"featured_media":5759,"comment_status":"open","ping_status":"open","sticky":false,"template":"","format":"standard","meta":{"amp_status":"","footnotes":""},"categories":[9],"tags":[],"class_list":["post-6157","post","type-post","status-publish","format-standard","has-post-thumbnail","hentry","category-espectaculo"],"_links":{"self":[{"href":"https:\/\/ermdigital.com\/index.php\/wp-json\/wp\/v2\/posts\/6157","targetHints":{"allow":["GET"]}}],"collection":[{"href":"https:\/\/ermdigital.com\/index.php\/wp-json\/wp\/v2\/posts"}],"about":[{"href":"https:\/\/ermdigital.com\/index.php\/wp-json\/wp\/v2\/types\/post"}],"author":[{"embeddable":true,"href":"https:\/\/ermdigital.com\/index.php\/wp-json\/wp\/v2\/users\/1"}],"replies":[{"embeddable":true,"href":"https:\/\/ermdigital.com\/index.php\/wp-json\/wp\/v2\/comments?post=6157"}],"version-history":[{"count":0,"href":"https:\/\/ermdigital.com\/index.php\/wp-json\/wp\/v2\/posts\/6157\/revisions"}],"wp:featuredmedia":[{"embeddable":true,"href":"https:\/\/ermdigital.com\/index.php\/wp-json\/wp\/v2\/media\/5759"}],"wp:attachment":[{"href":"https:\/\/ermdigital.com\/index.php\/wp-json\/wp\/v2\/media?parent=6157"}],"wp:term":[{"taxonomy":"category","embeddable":true,"href":"https:\/\/ermdigital.com\/index.php\/wp-json\/wp\/v2\/categories?post=6157"},{"taxonomy":"post_tag","embeddable":true,"href":"https:\/\/ermdigital.com\/index.php\/wp-json\/wp\/v2\/tags?post=6157"}],"curies":[{"name":"wp","href":"https:\/\/api.w.org\/{rel}","templated":true}]}}