{"id":6155,"date":"2026-03-25T08:11:00","date_gmt":"2026-03-25T12:11:00","guid":{"rendered":"https:\/\/ermdigital.com\/index.php\/2026\/03\/25\/mi-el-christian-school-nueva-identidad-por-su-25-aniversario\/"},"modified":"2026-03-25T08:11:00","modified_gmt":"2026-03-25T12:11:00","slug":"mi-el-christian-school-nueva-identidad-por-su-25-aniversario","status":"publish","type":"post","link":"https:\/\/ermdigital.com\/index.php\/2026\/03\/25\/mi-el-christian-school-nueva-identidad-por-su-25-aniversario\/","title":{"rendered":"MI-EL Christian School: nueva identidad por su 25 aniversario"},"content":{"rendered":"<p>En el marco de su <strong>25 aniversario<\/strong>, <strong>MI-EL Christian School<\/strong> present\u00f3 oficialmente su <strong>nueva identidad institucional<\/strong>, en un acto que reuni\u00f3 a su comunidad educativa y marc\u00f3 el inicio de una nueva etapa en su historia.<\/p>\n<p>El <strong>nuevo logo<\/strong> mantiene los elementos tradicionales que identifican al <strong>colegio<\/strong>: <strong>el libro, la palmera y el mundo<\/strong>. El <strong>libro<\/strong> representa la Palabra de Dios como fundamento de la formaci\u00f3n; la <strong>palmera<\/strong> simboliza a cada estudiante como l\u00edder; y el <strong>mundo<\/strong> refleja el impacto que est\u00e1n llamados a tener en la sociedad.<\/p>\n<figure class=\"inline-block\">\n<div class=\"expand-img-placeholder\"><img loading=\"lazy\" decoding=\"async\" src=\"https:\/\/resources.diariolibre.com\/images\/expand.svg\" alt=\"Expandir imagen\" width=\"20\" height=\"20\"><span class=\"rutaimagenoriginal-placeholder\">https:\/\/resources.diariolibre.com\/images\/2026\/03\/25\/equipo-ejecutivo-del-colegio-yan-sang-rossy-baez-ismary-frias-olga-salcedo-felipe-aracenajpg-f15399f0.jpeg<\/span><\/div>\n<p><img decoding=\"async\" loading=\"lazy\" src=\"https:\/\/resources.diariolibre.com\/images\/2026\/03\/25\/equipo-ejecutivo-del-colegio-yan-sang-rossy-baez-ismary-frias-olga-salcedo-felipe-aracenajpg-f15399f0.jpeg\" width=\"auto\" height=\"350\" alt=\"Infograf\u00eda\" class=\"mx-auto\"><figcaption><span>Equipo ejecutivo del colegio: Yan Sang, Rossy B\u00e1ez, Ismary Fr\u00edas, Olga Salcedo y Felipe Aracena.<\/span><span> (<strong>FUENTE EXTERNA<\/strong>)<\/span><\/figcaption><\/figure>\n<p>La <strong>renovaci\u00f3n<\/strong> celebra sus <strong>25 a\u00f1os<\/strong> de trayectoria, destacando el <strong>crecimiento<\/strong> de la instituci\u00f3n y su <strong>compromiso continuo<\/strong> con la formaci\u00f3n acad\u00e9mica y en valores cristianos.<\/p>\n<ul>\n<li>\u201cEste <strong>nuevo logo<\/strong>, m\u00e1s que un simple cambio gr\u00e1fico, representa nuestro camino de <strong>crecimiento<\/strong> y madurez hacia d\u00f3nde Dios nos est\u00e1 guiando. Refleja qui\u00e9nes somos, lo que creemos y el <strong>compromiso<\/strong> que seguimos teniendo con la <strong>formaci\u00f3n integral<\/strong> de cada uno de nuestros estudiantes\u201d, expres\u00f3 la directora general del centro, <strong>Olga Salcedo<\/strong>, durante el acto de presentaci\u00f3n.<\/li>\n<\/ul>\n<h2>Trabajo de una <strong>egresada<\/strong><\/h2>\n<p>El proyecto fue desarrollado por <strong>Natalia Lugo<\/strong>, <strong>egresada<\/strong> de <strong>MI-EL Christian School<\/strong>, promoci\u00f3n 2013, quien lider\u00f3 el <strong>proceso creativo<\/strong> que incluy\u00f3 la definici\u00f3n de una nueva paleta de colores, tipograf\u00edas, lineamientos visuales y uniformes para la instituci\u00f3n.<\/p>\n<figure class=\"my-12 component infografia\">\n<div class=\"expand-img-placeholder\"><img loading=\"lazy\" decoding=\"async\" src=\"https:\/\/resources.diariolibre.com\/images\/expand.svg\" alt=\"Expandir imagen\" width=\"20\" height=\"20\"><span class=\"rutaimagenoriginal-placeholder\">https:\/\/resources.diariolibre.com\/images\/2026\/03\/25\/mec07632jpg-7e6db284.jpeg<\/span><\/div>\n<p><img decoding=\"async\" loading=\"lazy\" src=\"https:\/\/resources.diariolibre.com\/images\/2026\/03\/25\/mec07632jpg-7e6db284.jpeg\" width=\"auto\" height=\"350\" alt=\"Infograf\u00eda\" class=\"mx-auto\"><\/figure>\n<p>Durante el evento, tambi\u00e9n se present\u00f3 el <strong>nuevo himno institucional<\/strong>, fortaleciendo los <strong>s\u00edmbolos<\/strong> que representan la <strong>identidad<\/strong> del <strong>colegio<\/strong>.<\/p>\n<figure class=\"inline-block\">\n<div class=\"expand-img-placeholder\"><img loading=\"lazy\" decoding=\"async\" src=\"https:\/\/resources.diariolibre.com\/images\/expand.svg\" alt=\"Expandir imagen\" width=\"20\" height=\"20\"><span class=\"rutaimagenoriginal-placeholder\">https:\/\/resources.diariolibre.com\/images\/2026\/03\/25\/yojanny-pimentel-cortney-martinezjpg-30b35462.jpeg<\/span><\/div>\n<p><img decoding=\"async\" loading=\"lazy\" src=\"https:\/\/resources.diariolibre.com\/images\/2026\/03\/25\/yojanny-pimentel-cortney-martinezjpg-30b35462.jpeg\" width=\"auto\" height=\"350\" alt=\"Infograf\u00eda\" class=\"mx-auto\"><figcaption><span>Yojanny Pimentel y Cortney Mart\u00ednez.<\/span><span> (<strong>FUENTE EXTERNA<\/strong>)<\/span><\/figcaption><\/figure>\n<p>Con esta <strong>renovaci\u00f3n<\/strong>, <strong>MI-EL Christian School<\/strong> reafirma su <strong>compromiso<\/strong> de formar estudiantes con <strong>excelencia acad\u00e9mica<\/strong> y valores cristianos, preparados para liderar con prop\u00f3sito e impactar el <strong>mundo<\/strong>.<\/p>\n<div class=\"read-more mb-7\">    <span class=\"block mb-2\">Leer m\u00e1s<\/span>    <\/p>\n<ul class=\"glosa\">\n<li>\n<h3><a href=\"https:\/\/www.diariolibre.com\/revista\/sociales\/2025\/11\/09\/una-luz-que-une-asi-se-presento-luxentia-2026\/3305644?utm_source=relacionadas&amp;utm_medium=nota&amp;utm_campaign=relacionadas\" title=\"Colegio ABC da la bienvenida oficial a su promoci\u00f3n Luxentia 2026\">Colegio ABC da la bienvenida oficial a su promoci\u00f3n \"Luxentia 2026&#8243;<\/a><\/h3>\n<\/li>\n<li>\n<h3><a href=\"https:\/\/www.diariolibre.com\/revista\/sociales\/2025\/04\/04\/celebran-nueva-edicion-de-premios-a-la-oratoria-alejandro-farach-cruz\/3060480?utm_source=relacionadas&amp;utm_medium=nota&amp;utm_campaign=relacionadas\" title=\"Celebran la cuarta edici\u00f3n intercolegial de los Premios a la Oratoria Alejandro Farach Cruz\">Celebran la cuarta edici\u00f3n intercolegial de los Premios a la Oratoria Alejandro Farach Cruz<\/a><\/h3>\n<\/li>\n<\/ul>\n<\/div>\n<p><\/p>\n<p>\u200bEn el marco de su 25 aniversario, MI-EL Christian School present\u00f3 oficialmente su nueva identidad institucional, en un acto que reuni\u00f3 a su comunidad educativa y marc\u00f3 el inicio de una nueva etapa en su historia.El nuevo logo mantiene los elementos tradicionales que identifican al colegio: el libro, la palmera y el mundo. El libro representa la Palabra de Dios como fundamento de la formaci\u00f3n; la palmera simboliza a cada estudiante como l\u00edder; y el mundo refleja el impacto que est\u00e1n llamados a tener en la sociedad.https:\/\/resources.diariolibre.com\/images\/2026\/03\/25\/equipo-ejecutivo-del-colegio-yan-sang-rossy-baez-ismary-frias-olga-salcedo-felipe-aracenajpg-f15399f0.jpegEquipo ejecutivo del colegio: Yan Sang, Rossy B\u00e1ez, Ismary Fr\u00edas, Olga Salcedo y Felipe Aracena. (FUENTE EXTERNA)La renovaci\u00f3n celebra sus 25 a\u00f1os de trayectoria, destacando el crecimiento de la instituci\u00f3n y su compromiso continuo con la formaci\u00f3n acad\u00e9mica y en valores cristianos.    \u201cEste nuevo logo, m\u00e1s que un simple cambio gr\u00e1fico, representa nuestro camino de crecimiento y madurez hacia d\u00f3nde Dios nos est\u00e1 guiando. Refleja qui\u00e9nes somos, lo que creemos y el compromiso que seguimos teniendo con la formaci\u00f3n integral de cada uno de nuestros estudiantes\u201d, expres\u00f3 la directora general del centro, Olga Salcedo, durante el acto de presentaci\u00f3n.Trabajo de una egresadaEl proyecto fue desarrollado por Natalia Lugo, egresada de MI-EL Christian School, promoci\u00f3n 2013, quien lider\u00f3 el proceso creativo que incluy\u00f3 la definici\u00f3n de una nueva paleta de colores, tipograf\u00edas, lineamientos visuales y uniformes para la instituci\u00f3n.https:\/\/resources.diariolibre.com\/images\/2026\/03\/25\/mec07632jpg-7e6db284.jpegDurante el evento, tambi\u00e9n se present\u00f3 el nuevo himno institucional, fortaleciendo los s\u00edmbolos que representan la identidad del colegio.https:\/\/resources.diariolibre.com\/images\/2026\/03\/25\/yojanny-pimentel-cortney-martinezjpg-30b35462.jpegYojanny Pimentel y Cortney Mart\u00ednez. (FUENTE EXTERNA)Con esta renovaci\u00f3n, MI-EL Christian School reafirma su compromiso de formar estudiantes con excelencia acad\u00e9mica y valores cristianos, preparados para liderar con prop\u00f3sito e impactar el mundo.    Leer m\u00e1s                            Colegio ABC da la bienvenida oficial a su promoci\u00f3n \"Luxentia 2026&#8243;                            Celebran la cuarta edici\u00f3n intercolegial de los Premios a la Oratoria Alejandro Farach Cruz\u00a0\u00a0Revista, Sociales, Diario Libre, Santo Domingo, nueva imagen, colegio, 25 aniversario, Identidad institucional, MI-EL Christian School\u00a0<\/p>\n","protected":false},"excerpt":{"rendered":"<p>En el marco de su 25 aniversario, MI-EL Christian School present\u00f3 oficialmente su nueva identidad institucional, en un acto que reuni\u00f3 a su comunidad educativa y marc\u00f3 el inicio de una nueva etapa en su historia. El nuevo logo mantiene los elementos tradicionales que identifican al colegio: el libro, la palmera y el mundo. El [&hellip;]<\/p>\n","protected":false},"author":1,"featured_media":5802,"comment_status":"open","ping_status":"open","sticky":false,"template":"","format":"standard","meta":{"amp_status":"","footnotes":""},"categories":[9],"tags":[],"class_list":["post-6155","post","type-post","status-publish","format-standard","has-post-thumbnail","hentry","category-espectaculo"],"_links":{"self":[{"href":"https:\/\/ermdigital.com\/index.php\/wp-json\/wp\/v2\/posts\/6155","targetHints":{"allow":["GET"]}}],"collection":[{"href":"https:\/\/ermdigital.com\/index.php\/wp-json\/wp\/v2\/posts"}],"about":[{"href":"https:\/\/ermdigital.com\/index.php\/wp-json\/wp\/v2\/types\/post"}],"author":[{"embeddable":true,"href":"https:\/\/ermdigital.com\/index.php\/wp-json\/wp\/v2\/users\/1"}],"replies":[{"embeddable":true,"href":"https:\/\/ermdigital.com\/index.php\/wp-json\/wp\/v2\/comments?post=6155"}],"version-history":[{"count":0,"href":"https:\/\/ermdigital.com\/index.php\/wp-json\/wp\/v2\/posts\/6155\/revisions"}],"wp:featuredmedia":[{"embeddable":true,"href":"https:\/\/ermdigital.com\/index.php\/wp-json\/wp\/v2\/media\/5802"}],"wp:attachment":[{"href":"https:\/\/ermdigital.com\/index.php\/wp-json\/wp\/v2\/media?parent=6155"}],"wp:term":[{"taxonomy":"category","embeddable":true,"href":"https:\/\/ermdigital.com\/index.php\/wp-json\/wp\/v2\/categories?post=6155"},{"taxonomy":"post_tag","embeddable":true,"href":"https:\/\/ermdigital.com\/index.php\/wp-json\/wp\/v2\/tags?post=6155"}],"curies":[{"name":"wp","href":"https:\/\/api.w.org\/{rel}","templated":true}]}}