{"id":5899,"date":"2026-03-25T05:55:00","date_gmt":"2026-03-25T09:55:00","guid":{"rendered":"https:\/\/ermdigital.com\/index.php\/2026\/03\/25\/karol-g-cumple-sueno-al-cantar-con-alicia-keys-cancion-que-la-marco\/"},"modified":"2026-03-25T05:55:00","modified_gmt":"2026-03-25T09:55:00","slug":"karol-g-cumple-sueno-al-cantar-con-alicia-keys-cancion-que-la-marco","status":"publish","type":"post","link":"https:\/\/ermdigital.com\/index.php\/2026\/03\/25\/karol-g-cumple-sueno-al-cantar-con-alicia-keys-cancion-que-la-marco\/","title":{"rendered":"Karol G cumple sue\u00f1o al cantar con Alicia Keys canci\u00f3n que la marc\u00f3"},"content":{"rendered":"<p>La <strong>m\u00fasica<\/strong> volvi\u00f3 a demostrar su poder emocional en un encuentro tan \u00edntimo como simb\u00f3lico entre <strong>Karol G<\/strong> y <strong>Alicia Keys<\/strong>, quienes protagonizaron uno de los momentos m\u00e1s conmovedores de la semana al interpretar juntas\u00a0<em data-start=\"270\" data-end=\"304\">Try Sleeping with a Broken Heart<\/em>.<\/p>\n<p>D\u00edas despu\u00e9s de coincidir en la <strong>gala ben\u00e9fica<\/strong> de la <strong>Fundaci\u00f3n Con Cora<\/strong>, celebrada el 20 de marzo en Miami, ambas artistas compartieron en Instagram un video grabado tras bambalinas. <\/p>\n<p>En \u00e9l se les ve <strong>cantando a d\u00fao<\/strong> la ic\u00f3nica <strong>canci\u00f3n<\/strong>, en un instante que trascendi\u00f3 lo musical para convertirse en un s\u00edmbolo de admiraci\u00f3n, perseverancia y sue\u00f1os cumplidos.<\/p>\n<p><strong>Alicia Keys<\/strong> acompa\u00f1\u00f3 la publicaci\u00f3n con un mensaje cargado de emoci\u00f3n, describiendo el encuentro como \u201cun momento s\u00faper especial\u201d al descubrir cu\u00e1nto significaba ese tema para la cantante colombiana, y resaltando la <strong>conexi\u00f3n genuina<\/strong> que surgi\u00f3 entre ambas.<\/p>\n<p>Por su parte, <strong>Karol G<\/strong> respondi\u00f3 con una <strong>reflexi\u00f3n personal<\/strong>: record\u00f3 c\u00f3mo, en su juventud en Medell\u00edn, interpretaba esa <strong>canci\u00f3n<\/strong> en la intimidad de su habitaci\u00f3n. Incluso comparti\u00f3 un video de hace 16 a\u00f1os, cuando ten\u00eda 19, cant\u00e1ndola, estableciendo un poderoso contraste entre aquel sue\u00f1o adolescente y su presente.<\/p>\n<div class=\"social-embed mb-4\">\n<blockquote class=\"instagram-media\" data-instgrm-captioned=\"\" data-instgrm-permalink=\"https:\/\/www.instagram.com\/reel\/DWRxtWaDxmo\/?utm_source=ig_embed&amp;utm_campaign=loading\" data-instgrm-version=\"14\">\n<div> <a href=\"https:\/\/www.instagram.com\/reel\/DWRxtWaDxmo\/?utm_source=ig_embed&amp;utm_campaign=loading\" target=\"_blank\" title=\"       View this post on Instagram            \" rel=\"nofollow noopener noreferrer\"> <\/p>\n<div>\n<div><\/div>\n<div>\n<div><\/div>\n<div><\/div>\n<\/div>\n<\/div>\n<div><\/div>\n<div><\/div>\n<div>\n<div>View this post on Instagram<\/div>\n<\/div>\n<div><\/div>\n<div>\n<div>\n<div><\/div>\n<div><\/div>\n<div><\/div>\n<\/div>\n<div>\n<div><\/div>\n<div><\/div>\n<\/div>\n<div>\n<div><\/div>\n<div><\/div>\n<div><\/div>\n<\/div>\n<\/div>\n<div>\n<div><\/div>\n<div><\/div>\n<\/div>\n<p><\/a><\/p>\n<p><a href=\"https:\/\/www.instagram.com\/reel\/DWRxtWaDxmo\/?utm_source=ig_embed&amp;utm_campaign=loading\" target=\"_blank\" title=\"A post shared by Alicia Keys (@aliciakeys)\" rel=\"nofollow noopener noreferrer\">A post shared by Alicia Keys (@aliciakeys)<\/a><\/p>\n<\/div>\n<\/blockquote>\n<div class=\"lazyload\" data-script=\"https:\/\/www.instagram.com\/embed.js\"><\/div>\n<\/div>\n<p>\u201cMe he preparado toda mi vida para vivir los momentos que antes solo exist\u00edan en mi cabeza\u201d, escribi\u00f3 la artista, evidenciando la <strong>dimensi\u00f3n simb\u00f3lica<\/strong> del encuentro: pasar de versionar a su \u00eddolo a compartir escenario con ella.<\/p>\n<div class=\"social-embed mb-4\">\n<div class=\"placeholderYoutube\"><\/div>\n<\/div>\n<p>El emotivo dueto tuvo lugar en la segunda gala anual de la <strong>Fundaci\u00f3n Con Cora<\/strong>, iniciativa liderada por <strong>Karol G<\/strong> que impulsa causas sociales en Latinoam\u00e9rica. El evento, realizado en el <strong>Vizcaya Museum and Gardens<\/strong>, reuni\u00f3 a diversas figuras del entretenimiento y la <strong>m\u00fasica<\/strong>, consolid\u00e1ndose como una plataforma de impacto social y cultural.<\/p>\n<article class=\"border-t border-b py-5 mb-5 component nota-incrustada\">    <span class=\"block mb-2\"><strong>Te puede interesar<\/strong><\/span>                <\/p>\n<h2><a href=\"https:\/\/www.diariolibre.com\/revista\/musica\/2024\/12\/19\/alicia-keys-recibira-el-grammy-al-impacto-global-por-su-trayectoria\/2946411?utm_source=relacionadas&amp;utm_medium=nota&amp;utm_campaign=relacionadas\" title=\"Alicia Keys recibir\u00e1 el Grammy al Impacto Global por su huella indeleble\">Alicia Keys recibir\u00e1 el Grammy al Impacto Global por su huella \"indeleble\"<\/a><\/h2>\n<h2><a href=\"https:\/\/www.diariolibre.com\/revista\/farandula\/2026\/01\/19\/karol-g-y-feid-terminan-su-relacion-tras-tres-anos-juntos\/3409613?utm_source=relacionadas&amp;utm_medium=nota&amp;utm_campaign=relacionadas\" title=\"Karol G y Feid ponen fin a su relaci\u00f3n tras tres a\u00f1os juntos\">Karol G y Feid ponen fin a su relaci\u00f3n tras tres a\u00f1os juntos<\/a><\/h2>\n<\/article>\n<p>La reacci\u00f3n del p\u00fablico fue inmediata. Miles de seguidores destacaron la <strong>autenticidad<\/strong> del momento y su carga emocional, subrayando c\u00f3mo este tipo de encuentros trascienden lo art\u00edstico para convertirse en <strong>historias inspiradoras<\/strong>.<\/p>\n<div class=\"social-embed mb-4\">\n<div class=\"placeholderYoutube\"><\/div>\n<\/div>\n<h2>Emotivo encuentro<\/h2>\n<ul>\n<li>El episodio refleja la evoluci\u00f3n de <strong>Karol G<\/strong> en la industria musical: una carrera construida con disciplina, desde sus inicios versionando canciones hasta consolidarse como una de las artistas latinas m\u00e1s influyentes a nivel global. <\/li>\n<li>Este dueto no solo cierra un ciclo personal, sino que reafirma una narrativa poderosa: la de quien transforma un sue\u00f1o en una realidad compartida con uno de sus mayores referentes.<\/li>\n<\/ul>\n<p><\/p>\n<p><\/p>\n<p><\/p>\n<section dir=\"auto\" data-turn-id=\"request-WEB:b44864e9-3d80-486b-a9ca-5ca3eab6c69c-0\" data-testid=\"conversation-turn-2\" data-scroll-anchor=\"true\" data-turn=\"assistant\"><\/section>\n<p><\/p>\n<p><\/p>\n<p>\u200bLa m\u00fasica volvi\u00f3 a demostrar su poder emocional en un encuentro tan \u00edntimo como simb\u00f3lico entre Karol G y Alicia Keys, quienes protagonizaron uno de los momentos m\u00e1s conmovedores de la semana al interpretar juntas\u00a0Try Sleeping with a Broken Heart.D\u00edas despu\u00e9s de coincidir en la gala ben\u00e9fica de la Fundaci\u00f3n Con Cora, celebrada el 20 de marzo en Miami, ambas artistas compartieron en Instagram un video grabado tras bambalinas. En \u00e9l se les ve cantando a d\u00fao la ic\u00f3nica canci\u00f3n, en un instante que trascendi\u00f3 lo musical para convertirse en un s\u00edmbolo de admiraci\u00f3n, perseverancia y sue\u00f1os cumplidos.Alicia Keys acompa\u00f1\u00f3 la publicaci\u00f3n con un mensaje cargado de emoci\u00f3n, describiendo el encuentro como \u201cun momento s\u00faper especial\u201d al descubrir cu\u00e1nto significaba ese tema para la cantante colombiana, y resaltando la conexi\u00f3n genuina que surgi\u00f3 entre ambas.Por su parte, Karol G respondi\u00f3 con una reflexi\u00f3n personal: record\u00f3 c\u00f3mo, en su juventud en Medell\u00edn, interpretaba esa canci\u00f3n en la intimidad de su habitaci\u00f3n. Incluso comparti\u00f3 un video de hace 16 a\u00f1os, cuando ten\u00eda 19, cant\u00e1ndola, estableciendo un poderoso contraste entre aquel sue\u00f1o adolescente y su presente.        View this post on Instagram            A post shared by Alicia Keys (@aliciakeys) \u201cMe he preparado toda mi vida para vivir los momentos que antes solo exist\u00edan en mi cabeza\u201d, escribi\u00f3 la artista, evidenciando la dimensi\u00f3n simb\u00f3lica del encuentro: pasar de versionar a su \u00eddolo a compartir escenario con ella.El emotivo dueto tuvo lugar en la segunda gala anual de la Fundaci\u00f3n Con Cora, iniciativa liderada por Karol G que impulsa causas sociales en Latinoam\u00e9rica. El evento, realizado en el Vizcaya Museum and Gardens, reuni\u00f3 a diversas figuras del entretenimiento y la m\u00fasica, consolid\u00e1ndose como una plataforma de impacto social y cultural.    Te puede interesar                Alicia Keys recibir\u00e1 el Grammy al Impacto Global por su huella \"indeleble\"                    Karol G y Feid ponen fin a su relaci\u00f3n tras tres a\u00f1os juntos            La reacci\u00f3n del p\u00fablico fue inmediata. Miles de seguidores destacaron la autenticidad del momento y su carga emocional, subrayando c\u00f3mo este tipo de encuentros trascienden lo art\u00edstico para convertirse en historias inspiradoras.Emotivo encuentro    El episodio refleja la evoluci\u00f3n de Karol G en la industria musical: una carrera construida con disciplina, desde sus inicios versionando canciones hasta consolidarse como una de las artistas latinas m\u00e1s influyentes a nivel global.     Este dueto no solo cierra un ciclo personal, sino que reafirma una narrativa poderosa: la de quien transforma un sue\u00f1o en una realidad compartida con uno de sus mayores referentes.\u00a0\u00a0Revista, M\u00fasica, Diario Libre, Santo Domingo, Cantantes, Canci\u00f3n, Karol G, Alicia Keys\u00a0<\/p>\n","protected":false},"excerpt":{"rendered":"<p>La m\u00fasica volvi\u00f3 a demostrar su poder emocional en un encuentro tan \u00edntimo como simb\u00f3lico entre Karol G y Alicia Keys, quienes protagonizaron uno de los momentos m\u00e1s conmovedores de la semana al interpretar juntas\u00a0Try Sleeping with a Broken Heart. D\u00edas despu\u00e9s de coincidir en la gala ben\u00e9fica de la Fundaci\u00f3n Con Cora, celebrada el [&hellip;]<\/p>\n","protected":false},"author":1,"featured_media":5714,"comment_status":"open","ping_status":"open","sticky":false,"template":"","format":"standard","meta":{"amp_status":"","footnotes":""},"categories":[9],"tags":[],"class_list":["post-5899","post","type-post","status-publish","format-standard","has-post-thumbnail","hentry","category-espectaculo"],"_links":{"self":[{"href":"https:\/\/ermdigital.com\/index.php\/wp-json\/wp\/v2\/posts\/5899","targetHints":{"allow":["GET"]}}],"collection":[{"href":"https:\/\/ermdigital.com\/index.php\/wp-json\/wp\/v2\/posts"}],"about":[{"href":"https:\/\/ermdigital.com\/index.php\/wp-json\/wp\/v2\/types\/post"}],"author":[{"embeddable":true,"href":"https:\/\/ermdigital.com\/index.php\/wp-json\/wp\/v2\/users\/1"}],"replies":[{"embeddable":true,"href":"https:\/\/ermdigital.com\/index.php\/wp-json\/wp\/v2\/comments?post=5899"}],"version-history":[{"count":0,"href":"https:\/\/ermdigital.com\/index.php\/wp-json\/wp\/v2\/posts\/5899\/revisions"}],"wp:featuredmedia":[{"embeddable":true,"href":"https:\/\/ermdigital.com\/index.php\/wp-json\/wp\/v2\/media\/5714"}],"wp:attachment":[{"href":"https:\/\/ermdigital.com\/index.php\/wp-json\/wp\/v2\/media?parent=5899"}],"wp:term":[{"taxonomy":"category","embeddable":true,"href":"https:\/\/ermdigital.com\/index.php\/wp-json\/wp\/v2\/categories?post=5899"},{"taxonomy":"post_tag","embeddable":true,"href":"https:\/\/ermdigital.com\/index.php\/wp-json\/wp\/v2\/tags?post=5899"}],"curies":[{"name":"wp","href":"https:\/\/api.w.org\/{rel}","templated":true}]}}