{"id":5884,"date":"2026-03-25T13:31:07","date_gmt":"2026-03-25T17:31:07","guid":{"rendered":"https:\/\/ermdigital.com\/index.php\/2026\/03\/25\/recesan-para-las-200-de-la-tarde-audiencia-contra-acusados-de-herir-con-bisturi-a-agente-de-la-digesett-en-el-aeropuerto-del-cibao\/"},"modified":"2026-03-25T13:31:07","modified_gmt":"2026-03-25T17:31:07","slug":"recesan-para-las-200-de-la-tarde-audiencia-contra-acusados-de-herir-con-bisturi-a-agente-de-la-digesett-en-el-aeropuerto-del-cibao","status":"publish","type":"post","link":"https:\/\/ermdigital.com\/index.php\/2026\/03\/25\/recesan-para-las-200-de-la-tarde-audiencia-contra-acusados-de-herir-con-bisturi-a-agente-de-la-digesett-en-el-aeropuerto-del-cibao\/","title":{"rendered":"Recesan para las 2:00 de la tarde audiencia contra acusados de herir con bistur\u00ed a agente de la Digesett en el aeropuerto del Cibao"},"content":{"rendered":"<p>Santiago.-El conocimiento de la medida de coerci\u00f3n contra los implicados en el violento incidente en el que un agente de la Digesett fue herido con un bistur\u00ed en el Aeropuerto Internacional del Cibao fue recesado este mi\u00e9rcoles hasta las 2:00 de la tarde, por disposici\u00f3n del juez Jos\u00e9 Rafael de As\u00eds Burgos, coordinador de los Juzgados de Instrucci\u00f3n del distrito judicial de Santiago.<\/p>\n<p>La audiencia fue interrumpida luego de que Darleny Lisbet Rodr\u00edguez Rodr\u00edguez, una de las imputadas, presentara mareos y fuertes dolores de cabeza en plena sala, seg\u00fan informaron los abogados de la defensa.<\/p>\n<p>En el proceso judicial figuran como imputados Franmy Guti\u00e9rrez Feliz, Darleny Lisbet Rodr\u00edguez Rodr\u00edguez y Joss Antonio Guti\u00e9rrez Feliz, acusados de participar en la trifulca que estall\u00f3 durante una fiscalizaci\u00f3n por mal estacionamiento en la terminal a\u00e9rea, donde el agente de tr\u00e1nsito result\u00f3 lesionado con un objeto cortante.<\/p>\n<p>te puede interesar: <a href=\"https:\/\/deultimominuto.net\/nacionales\/jueza-aplaza-para-el-miercoles-coercion-contra-implicados-en-ataque-con-bisturi-a-agente-de-la-digesett-en-aeropuerto-del-cibao\/\">Jueza aplaza para el mi\u00e9rcoles coerci\u00f3n contra implicados en ataque con bistur\u00ed a agente de la Digesett en Aeropuerto del Cibao<\/a><\/p>\n<p>El caso ha causado fuerte repercusi\u00f3n en Santiago y en todo el pa\u00eds, luego de que el enfrentamiento quedara captado en videos que r\u00e1pidamente se hicieron virales en redes sociales, desatando indignaci\u00f3n por la agresi\u00f3n contra el miembro de la autoridad.<\/p>\n<p>De acuerdo con las informaciones ventiladas en el tribunal, el altercado se produjo en momentos en que agentes de la Digesett interven\u00edan un veh\u00edculo por una presunta infracci\u00f3n en el \u00e1rea del aeropuerto, lo que degener\u00f3 en una confrontaci\u00f3n que termin\u00f3 con el uniformado herido.<\/p>\n<p>Se espera que, una vez reiniciada la audiencia esta tarde, el Ministerio P\u00fablico contin\u00fae sustentando la solicitud de medida de coerci\u00f3n contra los encartados, mientras la defensa presentar\u00e1 sus argumentos antes de que el juez decida la suerte procesal de los acusados.<\/p>\n<p>Hasta el momento, el tribunal no ha emitido fallo sobre la solicitud de medida cautelar.<\/p>\n<p>\u200bSantiago.-El conocimiento de la medida de coerci\u00f3n contra los implicados en el violento incidente en el que un agente de la Digesett fue herido con un bistur\u00ed en el Aeropuerto Internacional del Cibao fue recesado este mi\u00e9rcoles hasta las 2:00 de la tarde, por disposici\u00f3n del juez Jos\u00e9 Rafael de As\u00eds Burgos, coordinador de los\u00a0\u00a0Nacionales, Deultimominuto, ElPeri\u00f3dicodelaVerdad, Rep\u00fablica Dominicana\u00a0\u00a0<\/p>\n","protected":false},"excerpt":{"rendered":"<p>Santiago.-El conocimiento de la medida de coerci\u00f3n contra los implicados en el violento incidente en el que un agente de la Digesett fue herido con un bistur\u00ed en el Aeropuerto Internacional del Cibao fue recesado este mi\u00e9rcoles hasta las 2:00 de la tarde, por disposici\u00f3n del juez Jos\u00e9 Rafael de As\u00eds Burgos, coordinador de los [&hellip;]<\/p>\n","protected":false},"author":1,"featured_media":5885,"comment_status":"open","ping_status":"open","sticky":false,"template":"","format":"standard","meta":{"amp_status":"","footnotes":""},"categories":[3],"tags":[],"class_list":["post-5884","post","type-post","status-publish","format-standard","has-post-thumbnail","hentry","category-de-ultimo-minuto"],"_links":{"self":[{"href":"https:\/\/ermdigital.com\/index.php\/wp-json\/wp\/v2\/posts\/5884","targetHints":{"allow":["GET"]}}],"collection":[{"href":"https:\/\/ermdigital.com\/index.php\/wp-json\/wp\/v2\/posts"}],"about":[{"href":"https:\/\/ermdigital.com\/index.php\/wp-json\/wp\/v2\/types\/post"}],"author":[{"embeddable":true,"href":"https:\/\/ermdigital.com\/index.php\/wp-json\/wp\/v2\/users\/1"}],"replies":[{"embeddable":true,"href":"https:\/\/ermdigital.com\/index.php\/wp-json\/wp\/v2\/comments?post=5884"}],"version-history":[{"count":0,"href":"https:\/\/ermdigital.com\/index.php\/wp-json\/wp\/v2\/posts\/5884\/revisions"}],"wp:featuredmedia":[{"embeddable":true,"href":"https:\/\/ermdigital.com\/index.php\/wp-json\/wp\/v2\/media\/5885"}],"wp:attachment":[{"href":"https:\/\/ermdigital.com\/index.php\/wp-json\/wp\/v2\/media?parent=5884"}],"wp:term":[{"taxonomy":"category","embeddable":true,"href":"https:\/\/ermdigital.com\/index.php\/wp-json\/wp\/v2\/categories?post=5884"},{"taxonomy":"post_tag","embeddable":true,"href":"https:\/\/ermdigital.com\/index.php\/wp-json\/wp\/v2\/tags?post=5884"}],"curies":[{"name":"wp","href":"https:\/\/api.w.org\/{rel}","templated":true}]}}