{"id":5880,"date":"2026-03-25T13:52:16","date_gmt":"2026-03-25T17:52:16","guid":{"rendered":"https:\/\/ermdigital.com\/index.php\/2026\/03\/25\/francisco-alvarez-valdez-asume-por-tercera-vez-coordinacion-general-de-participacion-ciudadana\/"},"modified":"2026-03-25T13:52:16","modified_gmt":"2026-03-25T17:52:16","slug":"francisco-alvarez-valdez-asume-por-tercera-vez-coordinacion-general-de-participacion-ciudadana","status":"publish","type":"post","link":"https:\/\/ermdigital.com\/index.php\/2026\/03\/25\/francisco-alvarez-valdez-asume-por-tercera-vez-coordinacion-general-de-participacion-ciudadana\/","title":{"rendered":"Francisco \u00c1lvarez Valdez asume por tercera vez Coordinaci\u00f3n General de Participaci\u00f3n Ciudadana"},"content":{"rendered":"<p>Santo Domingo, R.D. \u2013 25 de marzo de 2026. El abogado <a href=\"https:\/\/generic-entity\/?number=0\">Francisco \u00c1lvarez Valdez<\/a> fue elegido este mi\u00e9rcoles como coordinador general de <a href=\"https:\/\/generic-entity\/?number=1\">Participaci\u00f3n Ciudadana<\/a> para el per\u00edodo 2026-2027, marcando as\u00ed la tercera ocasi\u00f3n en que asume la direcci\u00f3n de la entidad.<\/p>\n<p>La decisi\u00f3n fue adoptada por el Consejo Nacional de la organizaci\u00f3n durante una sesi\u00f3n ordinaria. \u00c1lvarez Valdez, quien hasta el momento se desempe\u00f1aba como coordinador de la Comisi\u00f3n de An\u00e1lisis Pol\u00edtico del movimiento, regresa a una posici\u00f3n que ya ocup\u00f3 anteriormente en los a\u00f1os 2000 y 2012.<\/p>\n<p>Miembro de Participaci\u00f3n Ciudadana desde 1997, el jurista posee una amplia trayectoria en los \u00e1mbitos c\u00edvico, empresarial y acad\u00e9mico. Es socio del bufete <a href=\"https:\/\/generic-entity\/?number=2\">Headrick Rizik \u00c1lvarez &amp; Fern\u00e1ndez<\/a> y ha formado parte de los consejos directivos de la <a href=\"https:\/\/generic-entity\/?number=3\">Asociaci\u00f3n Nacional de J\u00f3venes Empresarios<\/a> y la <a href=\"https:\/\/generic-entity\/?number=4\">Asociaci\u00f3n Dominicana de Abogados Empresariales<\/a>. Adem\u00e1s, ha ejercido como docente universitario y columnista en distintos medios de comunicaci\u00f3n, abordando temas vinculados a la transparencia, la institucionalidad y la pol\u00edtica nacional.<\/p>\n<p>Te puede interesar: <a href=\"https:\/\/deultimominuto.net\/economia\/presidente-y-franceses\/\">Presidente se re\u00fane con empresarios franceses en busca de nuevas inversiones<\/a><\/p>\n<p>De acuerdo con fuentes cercanas a la entidad, su designaci\u00f3n ocurre en un contexto clave para el fortalecimiento de la vigilancia ciudadana, la lucha contra la corrupci\u00f3n y la defensa de las instituciones democr\u00e1ticas.<\/p>\n<p><a href=\"https:\/\/generic-entity\/?number=5\">Participaci\u00f3n Ciudadana<\/a> es reconocida por su rol en la observaci\u00f3n electoral, la promoci\u00f3n de la transparencia y el impulso de reformas institucionales en la Rep\u00fablica Dominicana.<\/p>\n<p>La elecci\u00f3n fue confirmada por el propio movimiento c\u00edvico y difundida por diversos medios nacionales.<\/p>\n<p>\u200bSanto Domingo, R.D. \u2013 25 de marzo de 2026. El abogado Francisco \u00c1lvarez Valdez fue elegido este mi\u00e9rcoles como coordinador general de Participaci\u00f3n Ciudadana para el per\u00edodo 2026-2027, marcando as\u00ed la tercera ocasi\u00f3n en que asume la direcci\u00f3n de la entidad. La decisi\u00f3n fue adoptada por el Consejo Nacional de la organizaci\u00f3n durante una sesi\u00f3n\u00a0\u00a0Estilo, Deultimominuto, ElPeri\u00f3dicodelaVerdad, Rep\u00fablica Dominicana\u00a0\u00a0<\/p>\n","protected":false},"excerpt":{"rendered":"<p>Santo Domingo, R.D. \u2013 25 de marzo de 2026. El abogado Francisco \u00c1lvarez Valdez fue elegido este mi\u00e9rcoles como coordinador general de Participaci\u00f3n Ciudadana para el per\u00edodo 2026-2027, marcando as\u00ed la tercera ocasi\u00f3n en que asume la direcci\u00f3n de la entidad. La decisi\u00f3n fue adoptada por el Consejo Nacional de la organizaci\u00f3n durante una sesi\u00f3n [&hellip;]<\/p>\n","protected":false},"author":1,"featured_media":5881,"comment_status":"open","ping_status":"open","sticky":false,"template":"","format":"standard","meta":{"amp_status":"","footnotes":""},"categories":[3],"tags":[],"class_list":["post-5880","post","type-post","status-publish","format-standard","has-post-thumbnail","hentry","category-de-ultimo-minuto"],"_links":{"self":[{"href":"https:\/\/ermdigital.com\/index.php\/wp-json\/wp\/v2\/posts\/5880","targetHints":{"allow":["GET"]}}],"collection":[{"href":"https:\/\/ermdigital.com\/index.php\/wp-json\/wp\/v2\/posts"}],"about":[{"href":"https:\/\/ermdigital.com\/index.php\/wp-json\/wp\/v2\/types\/post"}],"author":[{"embeddable":true,"href":"https:\/\/ermdigital.com\/index.php\/wp-json\/wp\/v2\/users\/1"}],"replies":[{"embeddable":true,"href":"https:\/\/ermdigital.com\/index.php\/wp-json\/wp\/v2\/comments?post=5880"}],"version-history":[{"count":0,"href":"https:\/\/ermdigital.com\/index.php\/wp-json\/wp\/v2\/posts\/5880\/revisions"}],"wp:featuredmedia":[{"embeddable":true,"href":"https:\/\/ermdigital.com\/index.php\/wp-json\/wp\/v2\/media\/5881"}],"wp:attachment":[{"href":"https:\/\/ermdigital.com\/index.php\/wp-json\/wp\/v2\/media?parent=5880"}],"wp:term":[{"taxonomy":"category","embeddable":true,"href":"https:\/\/ermdigital.com\/index.php\/wp-json\/wp\/v2\/categories?post=5880"},{"taxonomy":"post_tag","embeddable":true,"href":"https:\/\/ermdigital.com\/index.php\/wp-json\/wp\/v2\/tags?post=5880"}],"curies":[{"name":"wp","href":"https:\/\/api.w.org\/{rel}","templated":true}]}}