{"id":5835,"date":"2026-03-25T09:00:00","date_gmt":"2026-03-25T13:00:00","guid":{"rendered":"https:\/\/ermdigital.com\/index.php\/2026\/03\/25\/premios-latin-grammy-2023-cambios-en-categorias-y-elegibilidad\/"},"modified":"2026-03-25T09:00:00","modified_gmt":"2026-03-25T13:00:00","slug":"premios-latin-grammy-2023-cambios-en-categorias-y-elegibilidad","status":"publish","type":"post","link":"https:\/\/ermdigital.com\/index.php\/2026\/03\/25\/premios-latin-grammy-2023-cambios-en-categorias-y-elegibilidad\/","title":{"rendered":"Premios Latin Grammy 2023: cambios en categor\u00edas y elegibilidad"},"content":{"rendered":"<p>La <strong>Academia Latina de la Grabaci\u00f3n<\/strong> anunci\u00f3 este mi\u00e9rcoles cambios en los <strong>criterios<\/strong> de elegibilidad y en las <strong>categor\u00edas<\/strong> para la entrega anual de los <strong>premios<\/strong> <strong>Latin Grammy<\/strong>, que se celebrar\u00e1n el pr\u00f3ximo 12 de noviembre en Las Vegas y cuyas nominaciones ser\u00e1n anunciadas el 16 de septiembre.<\/p>\n<p>Las modificaciones, que rigen de inmediato, incluyen los <strong>criterios<\/strong> de elegibilidad para <strong>Productor del A\u00f1o<\/strong>, <strong>Mejor Nuevo Artista<\/strong>, <strong>Mejor \u00c1lbum Instrumental<\/strong> y <strong>Cantautor<\/strong>.<\/p>\n<p>Adem\u00e1s, incorpora la inclusi\u00f3n del <strong>kompa haitiano<\/strong> en la categor\u00eda <strong>Mejor \u00c1lbum Tropical Contempor\u00e1neo<\/strong> y la exigencia de material audiovisual de apoyo, incluyendo el uso de <strong>inteligencia artificial (IA)<\/strong>, para la categor\u00eda <strong>Mejor M\u00fasica para Medios Audiovisuales<\/strong>.<\/p>\n<p>Igualmente contempla modificaciones de la categor\u00eda <strong>Mejor Interpretaci\u00f3n Urbana de Lengua Portuguesa<\/strong> a <strong>Mejor \u00c1lbum Urbano de Lengua Portuguesa<\/strong>, as\u00ed como ajustes en los nombres de las <strong>categor\u00edas<\/strong> de m\u00fasica electr\u00f3nica, urbana y cl\u00e1sica,<\/p>\n<p>La organizaci\u00f3n detall\u00f3 que los cambios entrar\u00e1n en vigor para la <strong>edici\u00f3n 27<\/strong> de este a\u00f1o y forman parte de su compromiso de evolucionar al ritmo del cambiante panorama musical y de servir de la mejor manera posible a sus aproximadamente <strong>7.000 miembros<\/strong> de <strong>62 pa\u00edses<\/strong>.<\/p>\n<div class=\"w-full pt-2 float-left inside-related\">    <span class=\"border-b border-black pb-3 mb-4 block\"><strong>RELACIONADAS<\/strong><\/span>                <\/p>\n<article class=\"flex flex-wrap border-b pb-4 mb-3 inline-block\">\n<div class=\"xl:w-2\/12 w-4\/12\">\n<figure class=\"mb-0\">                                                    <a href=\"https:\/\/www.diariolibre.com\/revista\/musica\/2025\/09\/17\/asi-celebraron-los-dominicanos-su-nominacion-a-los-latin-grammy\/3248259?utm_source=relacionadas&amp;utm_medium=nota&amp;utm_campaign=relacionadas\" title=\"                                                                                                                            \">                                                                <img decoding=\"async\" loading=\"lazy\" src=\"https:\/\/resources.diariolibre.com\/images\/2025\/09\/17\/asi-celebraron-los-dominicanos-su-nominacion-a-los-latin-grammy-248b944c-focus-min0.13-0.43-149-99.jpg\" width=\"149\" height=\"99\" title=\"Artistas dominicanos celebran con emoci\u00f3n sus nominaciones a los Latin Grammy 2025\" alt=\"Artistas dominicanos celebran con emoci\u00f3n sus nominaciones a los Latin Grammy 2025\" class=\"object-cover\">                                                            <\/a>                                            <\/figure>\n<\/p><\/div>\n<div class=\"xl:w-10\/12 w-8\/12 pl-3\">\n<div class=\"text-md mb-2 meta\">                        <a href=\"https:\/\/www.diariolibre.com\/revista\/musica\" title=\"M\u00fasica\">M\u00fasica<\/a>                    <\/div>\n<h2><a href=\"https:\/\/www.diariolibre.com\/revista\/musica\/2025\/09\/17\/asi-celebraron-los-dominicanos-su-nominacion-a-los-latin-grammy\/3248259?utm_source=relacionadas&amp;utm_medium=nota&amp;utm_campaign=relacionadas\" title=\"Artistas dominicanos celebran con emoci\u00f3n sus nominaciones a los Latin Grammy 2025\">Artistas dominicanos celebran con emoci\u00f3n sus nominaciones a los Latin Grammy 2025<\/a><\/h2>\n<\/p><\/div>\n<\/article>\n<article class=\"flex flex-wrap border-b pb-4 mb-3 inline-block\">\n<div class=\"xl:w-2\/12 w-4\/12\">\n<figure class=\"mb-0\">                                                    <a href=\"https:\/\/www.diariolibre.com\/revista\/cultura\/2025\/11\/06\/descubre-la-premiere-latin-grammy-2025-y-sus-artistas-destacados\/3302949?utm_source=relacionadas&amp;utm_medium=nota&amp;utm_campaign=relacionadas\" title=\"                                                                                                                            \">                                                                <img decoding=\"async\" loading=\"lazy\" src=\"https:\/\/resources.diariolibre.com\/images\/2025\/10\/30\/kany-garcia-y-peter-manjarres-encabezan-cumbre-en-colombia-b74296e5-focus-min0.07-0.24-149-99.jpg\" width=\"149\" height=\"99\" title=\"Kany Garc\u00eda y Tiago Iorc conducir\u00e1n la Premiere del Latin Grammy 2025\" alt=\"Kany Garc\u00eda y Tiago Iorc conducir\u00e1n la Premiere del Latin Grammy 2025\" class=\"object-cover\">                                                            <\/a>                                            <\/figure>\n<\/p><\/div>\n<div class=\"xl:w-10\/12 w-8\/12 pl-3\">\n<div class=\"text-md mb-2 meta\">                        <a href=\"https:\/\/www.diariolibre.com\/revista\/cultura\" title=\"Cultura\">Cultura<\/a>                    <\/div>\n<h2><a href=\"https:\/\/www.diariolibre.com\/revista\/cultura\/2025\/11\/06\/descubre-la-premiere-latin-grammy-2025-y-sus-artistas-destacados\/3302949?utm_source=relacionadas&amp;utm_medium=nota&amp;utm_campaign=relacionadas\" title=\"Kany Garc\u00eda y Tiago Iorc conducir\u00e1n la Premiere del Latin Grammy 2025\">Kany Garc\u00eda y Tiago Iorc conducir\u00e1n la Premiere del Latin Grammy 2025<\/a><\/h2>\n<\/p><\/div>\n<\/article><\/div>\n<h2>Nuevos requisitos para elegibilidad y <strong>categor\u00edas<\/strong> espec\u00edficas<\/h2>\n<p>\"Estas actualizaciones las definen nuestros miembros, cuya participaci\u00f3n cada a\u00f1o asegura que el <strong>Latin Grammy<\/strong> contin\u00fae siendo el m\u00e1ximo est\u00e1ndar de excelencia en la m\u00fasica latina\", dijo en un <strong>comunicado<\/strong> <strong>Manuel Abud<\/strong>, <strong>CEO<\/strong> de La <strong>Academia Latina de la Grabaci\u00f3n<\/strong>.<\/p>\n<p>La Academia ha modificado los <strong>criterios<\/strong> de elegibilidad para <strong>Productor del A\u00f1o<\/strong>, se requiere un m\u00ednimo de <strong>cinco cr\u00e9ditos<\/strong> totales obtenidos de \u00e1lbumes, sencillos o porcentajes de <strong>coproducci\u00f3n<\/strong>, y los cr\u00e9ditos se dividen uniformemente entre todos los productores.<\/p>\n<p>En la categor\u00eda de <strong>Mejor Nuevo Artista<\/strong>, un artista no es elegible si ha lanzado m\u00e1s de <strong>tres \u00e1lbumes<\/strong> o <strong>25 sencillos<\/strong>, o una combinaci\u00f3n que supere estos l\u00edmites.<\/p>\n<p>Para <strong>Mejor \u00c1lbum Instrumental<\/strong>, se permite hasta un <strong>40 % de vocales<\/strong> mientras que al menos el <strong>60 % del \u00e1lbum<\/strong> debe ser instrumental, y si hay vocales, el <strong>60 %<\/strong> debe interpretarse en los idiomas aceptados por La Academia.<\/p>\n<p>En las <strong>categor\u00edas<\/strong> de <strong>Cantautor<\/strong>, los artistas deben componer e interpretar al menos el <strong>75 % del \u00e1lbum<\/strong>, y las colaboraciones solo cuentan si ambos cantautores componen e interpretan juntos el mismo material; los \u00e1lbumes en vivo son elegibles si contienen al menos <strong>51 % de material nuevo<\/strong>.<\/p>\n<p>La categor\u00eda de <strong>Mejor \u00c1lbum Tropical Contempor\u00e1neo<\/strong> ahora incluye grabaciones influenciadas por el <strong>kompa haitiano<\/strong>, mientras que <strong>Mejor M\u00fasica para Medios Audiovisuales<\/strong> requiere que las inscripciones incluyan material audiovisual de apoyo, incluyendo el uso de <strong>IA<\/strong>.<\/p>\n<p>Estos ajustes reflejan la intenci\u00f3n de La Academia Latina de mantener los <strong>Latin Grammy<\/strong> como <strong>referente de excelencia<\/strong> y adaptarse a la evoluci\u00f3n de la m\u00fasica latina y a las nuevas formas de creaci\u00f3n y producci\u00f3n, indic\u00f3 la organizaci\u00f3n.<\/p>\n<p>\u200bLa Academia Latina de la Grabaci\u00f3n anunci\u00f3 este mi\u00e9rcoles cambios en los criterios de elegibilidad y en las categor\u00edas para la entrega anual de los premios Latin Grammy, que se celebrar\u00e1n el pr\u00f3ximo 12 de noviembre en Las Vegas y cuyas nominaciones ser\u00e1n anunciadas el 16 de septiembre.Las modificaciones, que rigen de inmediato, incluyen los criterios de elegibilidad para Productor del A\u00f1o, Mejor Nuevo Artista, Mejor \u00c1lbum Instrumental y Cantautor.Adem\u00e1s, incorpora la inclusi\u00f3n del kompa haitiano en la categor\u00eda Mejor \u00c1lbum Tropical Contempor\u00e1neo y la exigencia de material audiovisual de apoyo, incluyendo el uso de inteligencia artificial (IA), para la categor\u00eda Mejor M\u00fasica para Medios Audiovisuales.Igualmente contempla modificaciones de la categor\u00eda Mejor Interpretaci\u00f3n Urbana de Lengua Portuguesa a Mejor \u00c1lbum Urbano de Lengua Portuguesa, as\u00ed como ajustes en los nombres de las categor\u00edas de m\u00fasica electr\u00f3nica, urbana y cl\u00e1sica,La organizaci\u00f3n detall\u00f3 que los cambios entrar\u00e1n en vigor para la edici\u00f3n 27 de este a\u00f1o y forman parte de su compromiso de evolucionar al ritmo del cambiante panorama musical y de servir de la mejor manera posible a sus aproximadamente 7.000 miembros de 62 pa\u00edses.    RELACIONADAS                                                                                                                                                                                                                                                                                                                                                            M\u00fasica                                        Artistas dominicanos celebran con emoci\u00f3n sus nominaciones a los Latin Grammy 2025                                                                                                                                                                                                                                                                                                                                                                                            Cultura                                        Kany Garc\u00eda y Tiago Iorc conducir\u00e1n la Premiere del Latin Grammy 2025                                    Nuevos requisitos para elegibilidad y categor\u00edas espec\u00edficas\"Estas actualizaciones las definen nuestros miembros, cuya participaci\u00f3n cada a\u00f1o asegura que el Latin Grammy contin\u00fae siendo el m\u00e1ximo est\u00e1ndar de excelencia en la m\u00fasica latina\", dijo en un comunicado Manuel Abud, CEO de La Academia Latina de la Grabaci\u00f3n.La Academia ha modificado los criterios de elegibilidad para Productor del A\u00f1o, se requiere un m\u00ednimo de cinco cr\u00e9ditos totales obtenidos de \u00e1lbumes, sencillos o porcentajes de coproducci\u00f3n, y los cr\u00e9ditos se dividen uniformemente entre todos los productores.En la categor\u00eda de Mejor Nuevo Artista, un artista no es elegible si ha lanzado m\u00e1s de tres \u00e1lbumes o 25 sencillos, o una combinaci\u00f3n que supere estos l\u00edmites.Para Mejor \u00c1lbum Instrumental, se permite hasta un 40 % de vocales mientras que al menos el 60 % del \u00e1lbum debe ser instrumental, y si hay vocales, el 60 % debe interpretarse en los idiomas aceptados por La Academia.En las categor\u00edas de Cantautor, los artistas deben componer e interpretar al menos el 75 % del \u00e1lbum, y las colaboraciones solo cuentan si ambos cantautores componen e interpretan juntos el mismo material; los \u00e1lbumes en vivo son elegibles si contienen al menos 51 % de material nuevo.La categor\u00eda de Mejor \u00c1lbum Tropical Contempor\u00e1neo ahora incluye grabaciones influenciadas por el kompa haitiano, mientras que Mejor M\u00fasica para Medios Audiovisuales requiere que las inscripciones incluyan material audiovisual de apoyo, incluyendo el uso de IA.Estos ajustes reflejan la intenci\u00f3n de La Academia Latina de mantener los Latin Grammy como referente de excelencia y adaptarse a la evoluci\u00f3n de la m\u00fasica latina y a las nuevas formas de creaci\u00f3n y producci\u00f3n, indic\u00f3 la organizaci\u00f3n.\u00a0\u00a0Revista, Cultura, EFE, Miami, premios, Latin Grammy, Categor\u00edas, criterios, premios Latin Grammy 2023\u00a0<\/p>\n","protected":false},"excerpt":{"rendered":"<p>La Academia Latina de la Grabaci\u00f3n anunci\u00f3 este mi\u00e9rcoles cambios en los criterios de elegibilidad y en las categor\u00edas para la entrega anual de los premios Latin Grammy, que se celebrar\u00e1n el pr\u00f3ximo 12 de noviembre en Las Vegas y cuyas nominaciones ser\u00e1n anunciadas el 16 de septiembre. Las modificaciones, que rigen de inmediato, incluyen [&hellip;]<\/p>\n","protected":false},"author":1,"featured_media":5836,"comment_status":"open","ping_status":"open","sticky":false,"template":"","format":"standard","meta":{"amp_status":"","footnotes":""},"categories":[9],"tags":[],"class_list":["post-5835","post","type-post","status-publish","format-standard","has-post-thumbnail","hentry","category-espectaculo"],"_links":{"self":[{"href":"https:\/\/ermdigital.com\/index.php\/wp-json\/wp\/v2\/posts\/5835","targetHints":{"allow":["GET"]}}],"collection":[{"href":"https:\/\/ermdigital.com\/index.php\/wp-json\/wp\/v2\/posts"}],"about":[{"href":"https:\/\/ermdigital.com\/index.php\/wp-json\/wp\/v2\/types\/post"}],"author":[{"embeddable":true,"href":"https:\/\/ermdigital.com\/index.php\/wp-json\/wp\/v2\/users\/1"}],"replies":[{"embeddable":true,"href":"https:\/\/ermdigital.com\/index.php\/wp-json\/wp\/v2\/comments?post=5835"}],"version-history":[{"count":0,"href":"https:\/\/ermdigital.com\/index.php\/wp-json\/wp\/v2\/posts\/5835\/revisions"}],"wp:featuredmedia":[{"embeddable":true,"href":"https:\/\/ermdigital.com\/index.php\/wp-json\/wp\/v2\/media\/5836"}],"wp:attachment":[{"href":"https:\/\/ermdigital.com\/index.php\/wp-json\/wp\/v2\/media?parent=5835"}],"wp:term":[{"taxonomy":"category","embeddable":true,"href":"https:\/\/ermdigital.com\/index.php\/wp-json\/wp\/v2\/categories?post=5835"},{"taxonomy":"post_tag","embeddable":true,"href":"https:\/\/ermdigital.com\/index.php\/wp-json\/wp\/v2\/tags?post=5835"}],"curies":[{"name":"wp","href":"https:\/\/api.w.org\/{rel}","templated":true}]}}