{"id":5831,"date":"2026-03-25T12:33:14","date_gmt":"2026-03-25T16:33:14","guid":{"rendered":"https:\/\/ermdigital.com\/index.php\/2026\/03\/25\/conete-rompe-el-silencio-asegura-estar-retirado-de-las-calles-y-senala-a-edwin-en-robo-a-mon-tolentino\/"},"modified":"2026-03-25T12:33:14","modified_gmt":"2026-03-25T16:33:14","slug":"conete-rompe-el-silencio-asegura-estar-retirado-de-las-calles-y-senala-a-edwin-en-robo-a-mon-tolentino","status":"publish","type":"post","link":"https:\/\/ermdigital.com\/index.php\/2026\/03\/25\/conete-rompe-el-silencio-asegura-estar-retirado-de-las-calles-y-senala-a-edwin-en-robo-a-mon-tolentino\/","title":{"rendered":"\"Co\u00f1ete\" rompe el silencio: asegura estar retirado de las calles y se\u00f1ala a Edwin en robo a Mon Tolentino"},"content":{"rendered":"<p><strong>SANTO DOMINGO<\/strong> \u2013 El caso del asalto a <strong>Mon Tolentino<\/strong>, hermano gemelo del periodista <strong>Ram\u00f3n Tolentino<\/strong>, ha dado un nuevo giro tras la intervenci\u00f3n p\u00fablica este mi\u00e9rcoles de <strong>Raniel Alberto Pe\u00f1a Zayas<\/strong>, conocido como <strong>\"Co\u00f1ete\"<\/strong>. En una entrevista en el programa <em><a href=\"https:\/\/www.youtube.com\/@estonoesradio2242\" target=\"_blank\" rel=\"noopener\"><strong>Esto No es Radio<\/strong><\/a><\/em>, el se\u00f1alado por la madre de Edwin como el instigador de una \"zozobra\" contra su hijo, present\u00f3 su versi\u00f3n de los hechos, negando su participaci\u00f3n en el robo de la cadena de oro en Villa Mella y lanzando graves acusaciones contra la familia del detenido.<\/p>\n<p>Pe\u00f1a Zayas inici\u00f3 su intervenci\u00f3n admitiendo su pasado, pero desvincul\u00e1ndose del hecho reciente. <strong>\"No vine aqu\u00ed a victimizarme, no soy un santo, tengo un pasado oscuro&#8230; pero aqu\u00ed yo vine a poner los puntos claros sobre la mesa\"<\/strong>. <\/p>\n<p><strong>CONTENIDO RELACIONADO: <a href=\"https:\/\/deultimominuto.net\/nacionales\/asegura-su-hijo-es-victima\/\" data-type=\"post\" data-id=\"629948\">Madre de acusado en asalto a hermano de Tolentino asegura su hijo es v\u00edctima de una \"trama\" de bandas<\/a><\/strong><\/p>\n<p>Seg\u00fan su relato, al momento en que se comet\u00eda el asalto al hermano de Tolentino, \u00e9l se encontraba ingresado en el hospital Marcelino V\u00e9lez debido a un impacto de bala recibido el s\u00e1bado previo durante un \"teteo\" en el sector de Herrera.<\/p>\n<p>El entrevistado asegur\u00f3 que tiene dos a\u00f1os alejado de la delincuencia y que actualmente se dedica a la venta de ropa v\u00eda <em>marketplace<\/em>. <strong>\"Tengo dos a\u00f1os que cambi\u00e9&#8230; yo estoy tratando de quedar bien en la sociedad\"<\/strong>, afirm\u00f3, mientras mostraba una sonda m\u00e9dica como prueba de su reciente intervenci\u00f3n quir\u00fargica.<\/p>\n<figure class=\"wp-block-image size-large\"><img loading=\"lazy\" decoding=\"async\" width=\"1024\" height=\"620\" src=\"https:\/\/deultimominuto.net\/wp-content\/uploads\/2026\/03\/IMG_1175-1024x620.jpg\" alt='\"Co\u00f1ete\" rompe el silencio: asegura estar retirado de las calles y se\u00f1ala a Edwin en robo a Mon Tolentino - Noticias de hoy en Rep\u00fablica Dominicana | De \u00daltimo Minuto' class=\"wp-image-630617\" title='\"Co\u00f1ete\" rompe el silencio: asegura estar retirado de las calles y se\u00f1ala a Edwin en robo a Mon Tolentino | 1 |'><\/figure>\n<h2 class=\"wp-block-heading\"><strong>Graves acusaciones contra la madre de Edwin<\/strong><\/h2>\n<p>En respuesta a las declaraciones de <strong>Marta Yajaira Encarnaci\u00f3n Valerio<\/strong>, madre de Edwin, quien afirm\u00f3 que \"Co\u00f1ete\" asediaba a su hijo para que volviera a delinquir, Pe\u00f1a Zayas dio una versi\u00f3n radicalmente opuesta. Aleg\u00f3 que, en el pasado, la propia madre de Edwin estaba involucrada en las actividades il\u00edcitas de su hijo. <strong>\"Cuando yo andaba con tu hijo, usted misma vend\u00eda los robos, do\u00f1a apoyadora\"<\/strong>.<\/p>\n<p>Asimismo, desminti\u00f3 que \u00e9l hubiera entrado a la casa de la se\u00f1ora para agredirla sin motivo. Relat\u00f3 que el incidente del cuchillo ocurri\u00f3 porque Edwin lo atac\u00f3 primero tras un reclamo por un robo que Edwin habr\u00eda cometido usando ropa similar a la de \u00e9l para incriminarlo.<\/p>\n<blockquote class=\"wp-block-quote is-layout-flow wp-block-quote-is-layout-flow\">\n<p><strong>\"Me dio con el cuchillo&#8230; mira donde yo estoy apu\u00f1aleado. Esto no es un drama\"<\/strong>, declar\u00f3 mostrando cicatrices de un enfrentamiento previo.<\/p>\n<\/blockquote>\n<p>A diferencia de lo expresado por la madre de Edwin, quien asegura que su hijo es inocente y trabaja en mudanzas, \"Co\u00f1ete\" fue enf\u00e1tico al se\u00f1alar que Edwin y otro individuo apodado <strong>Elio<\/strong> contin\u00faan activos en el mundo del crimen. <strong>\"Edwin y Elio si est\u00e1n activos en los atracos&#8230; se le ha tratado de culpar a Edwin de lo que ha hecho Elio por el parecido que ellos tienen\"<\/strong>.<\/p>\n<p>Incluso mencion\u00f3 la existencia de videos recientes donde se observa a Edwin cometiendo asaltos con armas de fuego. Este se\u00f1alamiento coincide con el contexto del hecho en <strong>Villa Mella<\/strong>, donde tras el robo a Mon Tolentino, surgieron al menos <strong>cinco denuncias adicionales<\/strong> de v\u00edctimas que identificaron a Edwin por su apariencia y los tatuajes que comparte con otros miembros de su antiguo c\u00edrculo.<\/p>\n<figure class=\"wp-block-image size-large\"><img loading=\"lazy\" decoding=\"async\" width=\"701\" height=\"1024\" src=\"https:\/\/deultimominuto.net\/wp-content\/uploads\/2026\/03\/IMG_1177-701x1024.jpg\" alt='\"Co\u00f1ete\" rompe el silencio: asegura estar retirado de las calles y se\u00f1ala a Edwin en robo a Mon Tolentino - Noticias de hoy en Rep\u00fablica Dominicana | De \u00daltimo Minuto' class=\"wp-image-630620\" title='\"Co\u00f1ete\" rompe el silencio: asegura estar retirado de las calles y se\u00f1ala a Edwin en robo a Mon Tolentino | 2 |'><\/figure>\n<p>El caso sigue bajo investigaci\u00f3n judicial mientras Edwin Ezequiel permanece en prisi\u00f3n. Por su parte, \"Co\u00f1ete\" manifest\u00f3 su disposici\u00f3n de acudir ante la justicia si es requerido: <strong>\"Si yo le debo a la justicia, ahora mismo ah\u00ed abajo me puede esperar el Dicrim&#8230; yo voy a responder\"<\/strong>.<\/p>\n<p>\u200bSANTO DOMINGO \u2013 El caso del asalto a Mon Tolentino, hermano gemelo del periodista Ram\u00f3n Tolentino, ha dado un nuevo giro tras la intervenci\u00f3n p\u00fablica este mi\u00e9rcoles de Raniel Alberto Pe\u00f1a Zayas, conocido como \"Co\u00f1ete\". En una entrevista en el programa Esto No es Radio, el se\u00f1alado por la madre de Edwin como el instigador\u00a0\u00a0Nacionales, Esto no es Radio Show, Ramon Tolentino\u00a0\u00a0<\/p>\n","protected":false},"excerpt":{"rendered":"<p>SANTO DOMINGO \u2013 El caso del asalto a Mon Tolentino, hermano gemelo del periodista Ram\u00f3n Tolentino, ha dado un nuevo giro tras la intervenci\u00f3n p\u00fablica este mi\u00e9rcoles de Raniel Alberto Pe\u00f1a Zayas, conocido como \"Co\u00f1ete\". En una entrevista en el programa Esto No es Radio, el se\u00f1alado por la madre de Edwin como el instigador [&hellip;]<\/p>\n","protected":false},"author":1,"featured_media":5832,"comment_status":"open","ping_status":"open","sticky":false,"template":"","format":"standard","meta":{"amp_status":"","footnotes":""},"categories":[3],"tags":[],"class_list":["post-5831","post","type-post","status-publish","format-standard","has-post-thumbnail","hentry","category-de-ultimo-minuto"],"_links":{"self":[{"href":"https:\/\/ermdigital.com\/index.php\/wp-json\/wp\/v2\/posts\/5831","targetHints":{"allow":["GET"]}}],"collection":[{"href":"https:\/\/ermdigital.com\/index.php\/wp-json\/wp\/v2\/posts"}],"about":[{"href":"https:\/\/ermdigital.com\/index.php\/wp-json\/wp\/v2\/types\/post"}],"author":[{"embeddable":true,"href":"https:\/\/ermdigital.com\/index.php\/wp-json\/wp\/v2\/users\/1"}],"replies":[{"embeddable":true,"href":"https:\/\/ermdigital.com\/index.php\/wp-json\/wp\/v2\/comments?post=5831"}],"version-history":[{"count":0,"href":"https:\/\/ermdigital.com\/index.php\/wp-json\/wp\/v2\/posts\/5831\/revisions"}],"wp:featuredmedia":[{"embeddable":true,"href":"https:\/\/ermdigital.com\/index.php\/wp-json\/wp\/v2\/media\/5832"}],"wp:attachment":[{"href":"https:\/\/ermdigital.com\/index.php\/wp-json\/wp\/v2\/media?parent=5831"}],"wp:term":[{"taxonomy":"category","embeddable":true,"href":"https:\/\/ermdigital.com\/index.php\/wp-json\/wp\/v2\/categories?post=5831"},{"taxonomy":"post_tag","embeddable":true,"href":"https:\/\/ermdigital.com\/index.php\/wp-json\/wp\/v2\/tags?post=5831"}],"curies":[{"name":"wp","href":"https:\/\/api.w.org\/{rel}","templated":true}]}}