{"id":5829,"date":"2026-03-25T12:39:36","date_gmt":"2026-03-25T16:39:36","guid":{"rendered":"https:\/\/ermdigital.com\/index.php\/2026\/03\/25\/mi-el-christian-school-presenta-nueva-identidad-institucional-en-su-25-aniversario\/"},"modified":"2026-03-25T12:39:36","modified_gmt":"2026-03-25T16:39:36","slug":"mi-el-christian-school-presenta-nueva-identidad-institucional-en-su-25-aniversario","status":"publish","type":"post","link":"https:\/\/ermdigital.com\/index.php\/2026\/03\/25\/mi-el-christian-school-presenta-nueva-identidad-institucional-en-su-25-aniversario\/","title":{"rendered":"MI-EL Christian School presenta nueva identidad institucional en su 25 aniversario"},"content":{"rendered":"<p><strong>Santo Domingo.-<\/strong> En el marco de su 25 aniversario, MI-EL Christian School present\u00f3 oficialmente su nueva identidad institucional, en un acto que reuni\u00f3 a su comunidad educativa y marc\u00f3 el inicio de una nueva etapa en su historia.<\/p>\n<p>El nuevo logo mantiene los elementos tradicionales que identifican al colegio: el libro, la palmera y el mundo. El libro representa la Palabra de Dios como fundamento de la formaci\u00f3n; la palmera simboliza a cada estudiante como l\u00edder; y el mundo refleja el impacto que est\u00e1n llamados a tener en la sociedad.<\/p>\n<p>La renovaci\u00f3n celebra sus 25 a\u00f1os de trayectoria, destacando el crecimiento de la instituci\u00f3n y su compromiso continuo con la formaci\u00f3n acad\u00e9mica y en valores cristianos.<\/p>\n<p>\u201cEste nuevo logo, m\u00e1s que un simple cambio gr\u00e1fico, representa nuestro camino de crecimiento y madurez hacia d\u00f3nde Dios nos est\u00e1 guiando. Refleja qui\u00e9nes somos, lo que creemos y el compromiso que seguimos teniendo con la formaci\u00f3n integral de cada uno de nuestros estudiantes\u201d, expres\u00f3 la directora general del centro, la Sra. Olga Salcedo, durante el acto de presentaci\u00f3n.<\/p>\n<p>El proyecto fue desarrollado por Natalia Lugo, egresada de MI-EL Christian School, promoci\u00f3n 2013, quien lider\u00f3 el proceso creativo que incluy\u00f3 la definici\u00f3n de una nueva paleta de colores, tipograf\u00edas, lineamientos visuales y uniformes para la instituci\u00f3n.<\/p>\n<p><strong>Puedes leer:<\/strong> <a href=\"https:\/\/deultimominuto.net\/nacionales\/mescyt-anuncia-mas-de-4000-becas-y-propone-una-transformacion-integral-del-sistema-educativo-dominicano\/\" data-type=\"link\" data-id=\"https:\/\/deultimominuto.net\/nacionales\/mescyt-anuncia-mas-de-4000-becas-y-propone-una-transformacion-integral-del-sistema-educativo-dominicano\/\">MESCyT anuncia m\u00e1s de 4,000 becas y propone una transformaci\u00f3n integral del sistema educativo dominicano<\/a><\/p>\n<p>Durante el evento, tambi\u00e9n se present\u00f3 el nuevo himno institucional, fortaleciendo los s\u00edmbolos que representan la identidad del colegio.<\/p>\n<p>Con esta renovaci\u00f3n, MI-EL Christian School reafirma su compromiso de formar estudiantes con excelencia acad\u00e9mica y valores cristianos, preparados para liderar con <a href=\"https:\/\/deultimominuto.net\/nacionales\/mescyt-anuncia-mas-de-4000-becas-y-propone-una-transformacion-integral-del-sistema-educativo-dominicano\/\" data-type=\"link\" data-id=\"https:\/\/deultimominuto.net\/nacionales\/mescyt-anuncia-mas-de-4000-becas-y-propone-una-transformacion-integral-del-sistema-educativo-dominicano\/\">prop\u00f3sito<\/a> e impactar el mundo.<\/p>\n<h2 class=\"wp-block-heading\">Sobre MI-EL Christian School<\/h2>\n<p>MI-EL Christian School (MECS) es una instituci\u00f3n educativa cristiana, sin fines de lucro, fundada en el a\u00f1o 2000 en la Rep\u00fablica Dominicana como extensi\u00f3n de la Iglesia de Cristo Ministerios Elim. Ofrece una formaci\u00f3n integral basada en principios b\u00edblicos, excelencia acad\u00e9mica y liderazgo, con un programa monoling\u00fce en ingl\u00e9s. El colegio atiende los niveles de Educaci\u00f3n Inicial, Primaria y Secundaria.<\/p>\n<p>\u200bSanto Domingo.- En el marco de su 25 aniversario, MI-EL Christian School present\u00f3 oficialmente su nueva identidad institucional, en un acto que reuni\u00f3 a su comunidad educativa y marc\u00f3 el inicio de una nueva etapa en su historia. El nuevo logo mantiene los elementos tradicionales que identifican al colegio: el libro, la palmera y el\u00a0\u00a0Nacionales, MI-EL Christian School\u00a0\u00a0<\/p>\n","protected":false},"excerpt":{"rendered":"<p>Santo Domingo.- En el marco de su 25 aniversario, MI-EL Christian School present\u00f3 oficialmente su nueva identidad institucional, en un acto que reuni\u00f3 a su comunidad educativa y marc\u00f3 el inicio de una nueva etapa en su historia. El nuevo logo mantiene los elementos tradicionales que identifican al colegio: el libro, la palmera y el [&hellip;]<\/p>\n","protected":false},"author":1,"featured_media":5830,"comment_status":"open","ping_status":"open","sticky":false,"template":"","format":"standard","meta":{"amp_status":"","footnotes":""},"categories":[3],"tags":[],"class_list":["post-5829","post","type-post","status-publish","format-standard","has-post-thumbnail","hentry","category-de-ultimo-minuto"],"_links":{"self":[{"href":"https:\/\/ermdigital.com\/index.php\/wp-json\/wp\/v2\/posts\/5829","targetHints":{"allow":["GET"]}}],"collection":[{"href":"https:\/\/ermdigital.com\/index.php\/wp-json\/wp\/v2\/posts"}],"about":[{"href":"https:\/\/ermdigital.com\/index.php\/wp-json\/wp\/v2\/types\/post"}],"author":[{"embeddable":true,"href":"https:\/\/ermdigital.com\/index.php\/wp-json\/wp\/v2\/users\/1"}],"replies":[{"embeddable":true,"href":"https:\/\/ermdigital.com\/index.php\/wp-json\/wp\/v2\/comments?post=5829"}],"version-history":[{"count":0,"href":"https:\/\/ermdigital.com\/index.php\/wp-json\/wp\/v2\/posts\/5829\/revisions"}],"wp:featuredmedia":[{"embeddable":true,"href":"https:\/\/ermdigital.com\/index.php\/wp-json\/wp\/v2\/media\/5830"}],"wp:attachment":[{"href":"https:\/\/ermdigital.com\/index.php\/wp-json\/wp\/v2\/media?parent=5829"}],"wp:term":[{"taxonomy":"category","embeddable":true,"href":"https:\/\/ermdigital.com\/index.php\/wp-json\/wp\/v2\/categories?post=5829"},{"taxonomy":"post_tag","embeddable":true,"href":"https:\/\/ermdigital.com\/index.php\/wp-json\/wp\/v2\/tags?post=5829"}],"curies":[{"name":"wp","href":"https:\/\/api.w.org\/{rel}","templated":true}]}}