{"id":5827,"date":"2026-03-25T12:44:59","date_gmt":"2026-03-25T16:44:59","guid":{"rendered":"https:\/\/ermdigital.com\/index.php\/2026\/03\/25\/aplazan-al-8-de-abril-apelacion-de-imputado-en-caso-joven-hallada-en-cisterna-cuestionan-filiacion-de-la-madre-de-la-victima\/"},"modified":"2026-03-25T12:44:59","modified_gmt":"2026-03-25T16:44:59","slug":"aplazan-al-8-de-abril-apelacion-de-imputado-en-caso-joven-hallada-en-cisterna-cuestionan-filiacion-de-la-madre-de-la-victima","status":"publish","type":"post","link":"https:\/\/ermdigital.com\/index.php\/2026\/03\/25\/aplazan-al-8-de-abril-apelacion-de-imputado-en-caso-joven-hallada-en-cisterna-cuestionan-filiacion-de-la-madre-de-la-victima\/","title":{"rendered":"Aplazan al 8 de abril apelaci\u00f3n de imputado en caso joven hallada en cisterna; cuestionan filiaci\u00f3n de la madre de la v\u00edctima"},"content":{"rendered":"<p><strong>Santo Domingo Este.\u2013 <\/strong>La defensa de uno de los imputados en el caso de la joven Reinalda Carrasco inform\u00f3 este mi\u00e9rcoles que interpuso un recurso de apelaci\u00f3n contra la medida de coerci\u00f3n que le impone tres meses de prisi\u00f3n preventiva, alegando falta de pruebas que vinculen a su cliente con el hecho.<\/p>\n<p>El abogado Dionisio Heredia Gonz\u00e1lez, quien junto a Juan Francisco Le\u00f3n representa a Jackson Stuart Javier, sostuvo que el imputado no tiene una formulaci\u00f3n precisa de cargos ni elementos que justifiquen su privaci\u00f3n de libertad.<\/p>\n<p>\u201cEl imputado no tiene ninguna vinculaci\u00f3n en el proceso\u201d, afirm\u00f3 el jurista.<\/p>\n<p>Indic\u00f3 que la Corte de Apelaci\u00f3n fij\u00f3 para el pr\u00f3ximo 8 de abril el conocimiento del recurso, donde esperan que se revise el expediente de manera detallada.<\/p>\n<p>Durante sus declaraciones, el abogado tambi\u00e9n cuestion\u00f3 aspectos del proceso, se\u00f1alando que el Ministerio P\u00fablico habr\u00eda presentado un acta de levantamiento de cad\u00e1ver que no corresponde con la v\u00edctima, lo que, a su juicio, evidencia debilidades en la investigaci\u00f3n.<\/p>\n<p><strong>Puedes leer: <\/strong><a href=\"https:\/\/deultimominuto.net\/nacionales\/hermana-de-joven-hallada-en-cisterna-denuncia-amenazas-y-exige-justicia-durante-audiencia-en-sde\/\" data-type=\"link\" data-id=\"https:\/\/deultimominuto.net\/nacionales\/hermana-de-joven-hallada-en-cisterna-denuncia-amenazas-y-exige-justicia-durante-audiencia-en-sde\/\">Hermana de joven hallada en cisterna denuncia amenazas y exige justicia durante audiencia en SDE<\/a><\/p>\n<p>Adem\u00e1s, Heredia Gonz\u00e1lez plante\u00f3 dudas sobre la filiaci\u00f3n de la madre de la v\u00edctima, solicitando que se presenten documentos que acrediten el v\u00ednculo.<\/p>\n<p>\u201cSe ha indicado que es la madre, pero en la comunidad existen versiones de que podr\u00eda no serlo, por lo que pedimos que se aporte el acta de nacimiento u otros documentos que avalen esa relaci\u00f3n\u201d, expres\u00f3.<\/p>\n<p>Asimismo, pidi\u00f3 que sea citado el esposo de la joven fallecida en futuras audiencias como parte del <a href=\"https:\/\/deultimominuto.net\/nacionales\/hermana-de-joven-hallada-en-cisterna-denuncia-amenazas-y-exige-justicia-durante-audiencia-en-sde\/\" data-type=\"link\" data-id=\"https:\/\/deultimominuto.net\/nacionales\/hermana-de-joven-hallada-en-cisterna-denuncia-amenazas-y-exige-justicia-durante-audiencia-en-sde\/\">proceso<\/a>.<\/p>\n<p>El tribunal hab\u00eda dictado tres meses de prisi\u00f3n preventiva como medida de coerci\u00f3n, decisi\u00f3n que ahora ser\u00e1 revisada por la Corte.<\/p>\n<p>\u200bSanto Domingo Este.\u2013 La defensa de uno de los imputados en el caso de la joven Reinalda Carrasco inform\u00f3 este mi\u00e9rcoles que interpuso un recurso de apelaci\u00f3n contra la medida de coerci\u00f3n que le impone tres meses de prisi\u00f3n preventiva, alegando falta de pruebas que vinculen a su cliente con el hecho. El abogado Dionisio\u00a0\u00a0Nacionales, Justicia\u00a0\u00a0<\/p>\n","protected":false},"excerpt":{"rendered":"<p>Santo Domingo Este.\u2013 La defensa de uno de los imputados en el caso de la joven Reinalda Carrasco inform\u00f3 este mi\u00e9rcoles que interpuso un recurso de apelaci\u00f3n contra la medida de coerci\u00f3n que le impone tres meses de prisi\u00f3n preventiva, alegando falta de pruebas que vinculen a su cliente con el hecho. El abogado Dionisio [&hellip;]<\/p>\n","protected":false},"author":1,"featured_media":5828,"comment_status":"open","ping_status":"open","sticky":false,"template":"","format":"standard","meta":{"amp_status":"","footnotes":""},"categories":[3],"tags":[],"class_list":["post-5827","post","type-post","status-publish","format-standard","has-post-thumbnail","hentry","category-de-ultimo-minuto"],"_links":{"self":[{"href":"https:\/\/ermdigital.com\/index.php\/wp-json\/wp\/v2\/posts\/5827","targetHints":{"allow":["GET"]}}],"collection":[{"href":"https:\/\/ermdigital.com\/index.php\/wp-json\/wp\/v2\/posts"}],"about":[{"href":"https:\/\/ermdigital.com\/index.php\/wp-json\/wp\/v2\/types\/post"}],"author":[{"embeddable":true,"href":"https:\/\/ermdigital.com\/index.php\/wp-json\/wp\/v2\/users\/1"}],"replies":[{"embeddable":true,"href":"https:\/\/ermdigital.com\/index.php\/wp-json\/wp\/v2\/comments?post=5827"}],"version-history":[{"count":0,"href":"https:\/\/ermdigital.com\/index.php\/wp-json\/wp\/v2\/posts\/5827\/revisions"}],"wp:featuredmedia":[{"embeddable":true,"href":"https:\/\/ermdigital.com\/index.php\/wp-json\/wp\/v2\/media\/5828"}],"wp:attachment":[{"href":"https:\/\/ermdigital.com\/index.php\/wp-json\/wp\/v2\/media?parent=5827"}],"wp:term":[{"taxonomy":"category","embeddable":true,"href":"https:\/\/ermdigital.com\/index.php\/wp-json\/wp\/v2\/categories?post=5827"},{"taxonomy":"post_tag","embeddable":true,"href":"https:\/\/ermdigital.com\/index.php\/wp-json\/wp\/v2\/tags?post=5827"}],"curies":[{"name":"wp","href":"https:\/\/api.w.org\/{rel}","templated":true}]}}