{"id":5799,"date":"2026-03-25T11:35:32","date_gmt":"2026-03-25T15:35:32","guid":{"rendered":"https:\/\/ermdigital.com\/index.php\/2026\/03\/25\/grupo-eulen-lamenta-incidente-en-cinema-centro-malecon-y-se-solidariza-con-las-victimas\/"},"modified":"2026-03-25T11:35:32","modified_gmt":"2026-03-25T15:35:32","slug":"grupo-eulen-lamenta-incidente-en-cinema-centro-malecon-y-se-solidariza-con-las-victimas","status":"publish","type":"post","link":"https:\/\/ermdigital.com\/index.php\/2026\/03\/25\/grupo-eulen-lamenta-incidente-en-cinema-centro-malecon-y-se-solidariza-con-las-victimas\/","title":{"rendered":"Grupo EULEN lamenta incidente en Cinema Centro Malec\u00f3n y se solidariza con las v\u00edctimas"},"content":{"rendered":"<p><strong>Santo Domingo.\u2013<\/strong> Grupo EULEN Rep\u00fablica Dominicana expres\u00f3 su m\u00e1s profundo pesar y solidaridad tras el grave incidente ocurrido este domingo en Cinema Centro Malec\u00f3n, que dej\u00f3 como resultado el fallecimiento de un agente de seguridad de la compa\u00f1\u00eda y un raso de la Polic\u00eda Nacional.<\/p>\n<p>\u201cExpresamos nuestra total solidaridad con la colaboradora de Caribbean Cinemas afectada por este terrible suceso. Asimismo, lamentamos profundamente el fallecimiento del raso de la Polic\u00eda Nacional y del agente de seguridad Santo Pimentel Lebr\u00f3n, quien llevaba un a\u00f1o y cinco meses de antig\u00fcedad en la compa\u00f1\u00eda. Extendemos nuestras m\u00e1s sinceras y sentidas condolencias a sus familiares, amigos y a la instituci\u00f3n policial en este momento de profundo dolor\u201d, declar\u00f3 Antonio P\u00e9rez, gerente general de Grupo EULEN en Rep\u00fablica Dominicana.<\/p>\n<p>El ejecutivo reiter\u00f3 que la empresa mantiene una pol\u00edtica de tolerancia cero ante cualquier forma de violencia, y que este tipo de actos \u201cson diametralmente opuestos a nuestro c\u00f3digo \u00e9tico y a los rigurosos est\u00e1ndares de conducta que exigimos a todo nuestro personal\u201d.<\/p>\n<p><strong>Puedes leer:<\/strong> <a href=\"https:\/\/deultimominuto.net\/nacionales\/cinema-centro-amanece-cerrado-y-en-calma-tras-tragedia-que-dejo-dos-agentes-muertos\/\" data-type=\"link\" data-id=\"https:\/\/deultimominuto.net\/nacionales\/cinema-centro-amanece-cerrado-y-en-calma-tras-tragedia-que-dejo-dos-agentes-muertos\/\">Cinema Centro amanece cerrado y en calma tras tragedia que dej\u00f3 dos agentes muertos<\/a><\/p>\n<p>Desde el momento en que tuvo conocimiento de los hechos, Grupo EULEN activ\u00f3 una colaboraci\u00f3n institucional total con las autoridades, poniendo a disposici\u00f3n de la Polic\u00eda Nacional y del Ministerio P\u00fablico todos los registros, expedientes y declaraciones necesarios para apoyar la investigaci\u00f3n.<\/p>\n<p>\u201cEl compromiso de <a href=\"https:\/\/www.eulen.com\/do\/\" data-type=\"link\" data-id=\"https:\/\/www.eulen.com\/do\/\" target=\"_blank\" rel=\"noopener\">Grupo EULEN<\/a> con la seguridad de la sociedad dominicana es inquebrantable, y nos unimos al luto que hoy embarga a las familias de los fallecidos\u201d, subray\u00f3 P\u00e9rez.<\/p>\n<p>Grupo EULEN, presente en 11 pa\u00edses y con una plantilla global de m\u00e1s de 75 000 personas, se especializa en servicios de limpieza, seguridad, log\u00edstica, servicios sociosanitarios, mantenimiento integral y soluciones de recursos humanos. La compa\u00f1\u00eda est\u00e1 adherida al Pacto Mundial y promueve pol\u00edticas socialmente responsables, incluyendo la integraci\u00f3n laboral de colectivos desfavorecidos, la conciliaci\u00f3n de la vida familiar y profesional, y la protecci\u00f3n del medio ambiente.<\/p>\n<p>\u200bSanto Domingo.\u2013 Grupo EULEN Rep\u00fablica Dominicana expres\u00f3 su m\u00e1s profundo pesar y solidaridad tras el grave incidente ocurrido este domingo en Cinema Centro Malec\u00f3n, que dej\u00f3 como resultado el fallecimiento de un agente de seguridad de la compa\u00f1\u00eda y un raso de la Polic\u00eda Nacional. \u201cExpresamos nuestra total solidaridad con la colaboradora de Caribbean Cinemas\u00a0\u00a0Nacionales, Cinema Centro, Grupo EULEN, Malec\u00f3n\u00a0\u00a0<\/p>\n","protected":false},"excerpt":{"rendered":"<p>Santo Domingo.\u2013 Grupo EULEN Rep\u00fablica Dominicana expres\u00f3 su m\u00e1s profundo pesar y solidaridad tras el grave incidente ocurrido este domingo en Cinema Centro Malec\u00f3n, que dej\u00f3 como resultado el fallecimiento de un agente de seguridad de la compa\u00f1\u00eda y un raso de la Polic\u00eda Nacional. \u201cExpresamos nuestra total solidaridad con la colaboradora de Caribbean Cinemas [&hellip;]<\/p>\n","protected":false},"author":1,"featured_media":5800,"comment_status":"open","ping_status":"open","sticky":false,"template":"","format":"standard","meta":{"amp_status":"","footnotes":""},"categories":[3],"tags":[],"class_list":["post-5799","post","type-post","status-publish","format-standard","has-post-thumbnail","hentry","category-de-ultimo-minuto"],"_links":{"self":[{"href":"https:\/\/ermdigital.com\/index.php\/wp-json\/wp\/v2\/posts\/5799","targetHints":{"allow":["GET"]}}],"collection":[{"href":"https:\/\/ermdigital.com\/index.php\/wp-json\/wp\/v2\/posts"}],"about":[{"href":"https:\/\/ermdigital.com\/index.php\/wp-json\/wp\/v2\/types\/post"}],"author":[{"embeddable":true,"href":"https:\/\/ermdigital.com\/index.php\/wp-json\/wp\/v2\/users\/1"}],"replies":[{"embeddable":true,"href":"https:\/\/ermdigital.com\/index.php\/wp-json\/wp\/v2\/comments?post=5799"}],"version-history":[{"count":0,"href":"https:\/\/ermdigital.com\/index.php\/wp-json\/wp\/v2\/posts\/5799\/revisions"}],"wp:featuredmedia":[{"embeddable":true,"href":"https:\/\/ermdigital.com\/index.php\/wp-json\/wp\/v2\/media\/5800"}],"wp:attachment":[{"href":"https:\/\/ermdigital.com\/index.php\/wp-json\/wp\/v2\/media?parent=5799"}],"wp:term":[{"taxonomy":"category","embeddable":true,"href":"https:\/\/ermdigital.com\/index.php\/wp-json\/wp\/v2\/categories?post=5799"},{"taxonomy":"post_tag","embeddable":true,"href":"https:\/\/ermdigital.com\/index.php\/wp-json\/wp\/v2\/tags?post=5799"}],"curies":[{"name":"wp","href":"https:\/\/api.w.org\/{rel}","templated":true}]}}