{"id":5797,"date":"2026-03-25T11:41:56","date_gmt":"2026-03-25T15:41:56","guid":{"rendered":"https:\/\/ermdigital.com\/index.php\/2026\/03\/25\/aplazan-audiencia-de-mujer-admitio-decapitar-a-su-hija-defensa-alega-inimputabilidad-por-trastorno-mental\/"},"modified":"2026-03-25T11:41:56","modified_gmt":"2026-03-25T15:41:56","slug":"aplazan-audiencia-de-mujer-admitio-decapitar-a-su-hija-defensa-alega-inimputabilidad-por-trastorno-mental","status":"publish","type":"post","link":"https:\/\/ermdigital.com\/index.php\/2026\/03\/25\/aplazan-audiencia-de-mujer-admitio-decapitar-a-su-hija-defensa-alega-inimputabilidad-por-trastorno-mental\/","title":{"rendered":"Aplazan audiencia de mujer admiti\u00f3 decapitar a su hija; defensa alega inimputabilidad por trastorno mental"},"content":{"rendered":"<p><strong>Santo Domingo Este.\u2013<\/strong> Fue aplazada para el pr\u00f3ximo 30 de abril de 2026 la audiencia del caso de Ana Josefa Garc\u00eda, quien admiti\u00f3 haber causado la muerte de su hija de seis a\u00f1os en un hecho ocurrido el 15 de agosto de 2024 en el residencial La Raz\u00f3n Primero, en el sector Los Trinitarios.<\/p>\n<p>Durante la audiencia de este mi\u00e9rcoles, el abogado defensor, Julio Alberico Hern\u00e1ndez, sostuvo que su clienta padece trastornos mentales que la hacen inimputable penalmente, argumentando que presentaba condiciones como esquizofrenia, psicosis, episodios delirantes y alucinaciones auditivas.<\/p>\n<p>De acuerdo con el expediente, la menor falleci\u00f3 a causa de heridas provocadas con un arma blanca, en un hecho ocurrido alrededor de las 6:00 de la ma\u00f1ana y presenciado por otra hija de la imputada, de 15 a\u00f1os.<\/p>\n<p>El jurista afirm\u00f3 que, seg\u00fan evaluaciones psiqui\u00e1tricas, la mujer sufre de una enfermedad mental, por lo que considera que no debe ser juzgada penalmente.<\/p>\n<p>\u201cEl psiquiatra demostr\u00f3 que ella es una enferma mental y que hab\u00eda que ponerla en libertad\u201d, expres\u00f3 Hern\u00e1ndez, al tiempo que anunci\u00f3 que interpondr\u00e1 un recurso de h\u00e1beas corpus por alegada prisi\u00f3n ilegal.<\/p>\n<p><strong>Puedes leer:<\/strong> <a href=\"https:\/\/deultimominuto.net\/nacionales\/familia-pumarol-pide-respeto-y-confirma-ingreso-en-centro-de-salud-mental\/\" data-type=\"link\" data-id=\"https:\/\/deultimominuto.net\/nacionales\/familia-pumarol-pide-respeto-y-confirma-ingreso-en-centro-de-salud-mental\/\">Familia Pumarol pide respeto y confirma ingreso en centro de salud mental<\/a><\/p>\n<p>Asimismo, critic\u00f3 al Ministerio P\u00fablico, al que acus\u00f3 de no preparar adecuadamente el expediente ni gestionar correctamente la citaci\u00f3n de testigos, lo que habr\u00eda incidido en el aplazamiento del proceso.<\/p>\n<p>El abogado tambi\u00e9n cuestion\u00f3 la calificaci\u00f3n jur\u00eddica del caso, se\u00f1alando que fue tipificado bajo los art\u00edculos 295, 296, 297 y 298 del C\u00f3digo Penal, relacionados con homicidio agravado, premeditaci\u00f3n y acechanza, lo que calific\u00f3 como \u201cun disparate jur\u00eddico\u201d tomando en cuenta la condici\u00f3n mental de su defendida.<\/p>\n<p>Hern\u00e1ndez compar\u00f3 el proceso con decisiones judiciales recientes en casos de imputados con trastornos mentales, indicando que existe una supuesta desigualdad en la aplicaci\u00f3n de la <a href=\"https:\/\/deultimominuto.net\/nacionales\/familia-pumarol-pide-respeto-y-confirma-ingreso-en-centro-de-salud-mental\/\" data-type=\"link\" data-id=\"https:\/\/deultimominuto.net\/nacionales\/familia-pumarol-pide-respeto-y-confirma-ingreso-en-centro-de-salud-mental\/\">justicia<\/a>.<\/p>\n<p>La audiencia fue reprogramada para finales de abril, mientras se espera la continuidad del proceso judicial en medio del debate sobre la responsabilidad penal en personas con padecimientos psiqui\u00e1tricos.<\/p>\n<p>\u200bSanto Domingo Este.\u2013 Fue aplazada para el pr\u00f3ximo 30 de abril de 2026 la audiencia del caso de Ana Josefa Garc\u00eda, quien admiti\u00f3 haber causado la muerte de su hija de seis a\u00f1os en un hecho ocurrido el 15 de agosto de 2024 en el residencial La Raz\u00f3n Primero, en el sector Los Trinitarios. Durante\u00a0\u00a0Nacionales, Justicia\u00a0\u00a0<\/p>\n","protected":false},"excerpt":{"rendered":"<p>Santo Domingo Este.\u2013 Fue aplazada para el pr\u00f3ximo 30 de abril de 2026 la audiencia del caso de Ana Josefa Garc\u00eda, quien admiti\u00f3 haber causado la muerte de su hija de seis a\u00f1os en un hecho ocurrido el 15 de agosto de 2024 en el residencial La Raz\u00f3n Primero, en el sector Los Trinitarios. Durante [&hellip;]<\/p>\n","protected":false},"author":1,"featured_media":5798,"comment_status":"open","ping_status":"open","sticky":false,"template":"","format":"standard","meta":{"amp_status":"","footnotes":""},"categories":[3],"tags":[],"class_list":["post-5797","post","type-post","status-publish","format-standard","has-post-thumbnail","hentry","category-de-ultimo-minuto"],"_links":{"self":[{"href":"https:\/\/ermdigital.com\/index.php\/wp-json\/wp\/v2\/posts\/5797","targetHints":{"allow":["GET"]}}],"collection":[{"href":"https:\/\/ermdigital.com\/index.php\/wp-json\/wp\/v2\/posts"}],"about":[{"href":"https:\/\/ermdigital.com\/index.php\/wp-json\/wp\/v2\/types\/post"}],"author":[{"embeddable":true,"href":"https:\/\/ermdigital.com\/index.php\/wp-json\/wp\/v2\/users\/1"}],"replies":[{"embeddable":true,"href":"https:\/\/ermdigital.com\/index.php\/wp-json\/wp\/v2\/comments?post=5797"}],"version-history":[{"count":0,"href":"https:\/\/ermdigital.com\/index.php\/wp-json\/wp\/v2\/posts\/5797\/revisions"}],"wp:featuredmedia":[{"embeddable":true,"href":"https:\/\/ermdigital.com\/index.php\/wp-json\/wp\/v2\/media\/5798"}],"wp:attachment":[{"href":"https:\/\/ermdigital.com\/index.php\/wp-json\/wp\/v2\/media?parent=5797"}],"wp:term":[{"taxonomy":"category","embeddable":true,"href":"https:\/\/ermdigital.com\/index.php\/wp-json\/wp\/v2\/categories?post=5797"},{"taxonomy":"post_tag","embeddable":true,"href":"https:\/\/ermdigital.com\/index.php\/wp-json\/wp\/v2\/tags?post=5797"}],"curies":[{"name":"wp","href":"https:\/\/api.w.org\/{rel}","templated":true}]}}