{"id":5789,"date":"2026-03-25T11:57:56","date_gmt":"2026-03-25T15:57:56","guid":{"rendered":"https:\/\/ermdigital.com\/index.php\/2026\/03\/25\/tres-nuevos-detenidos-por-los-altercados-previos-al-celta-olympique-de-lyon-en-vigo\/"},"modified":"2026-03-25T11:57:56","modified_gmt":"2026-03-25T15:57:56","slug":"tres-nuevos-detenidos-por-los-altercados-previos-al-celta-olympique-de-lyon-en-vigo","status":"publish","type":"post","link":"https:\/\/ermdigital.com\/index.php\/2026\/03\/25\/tres-nuevos-detenidos-por-los-altercados-previos-al-celta-olympique-de-lyon-en-vigo\/","title":{"rendered":"Tres nuevos detenidos por los altercados previos al Celta-Olympique de Lyon en Vigo"},"content":{"rendered":"<\/p>\n<p><a href=\"https:\/\/app.powerbeans.ai\/redirect\" target=\"_blank\" rel=\"noreferrer noopener\"><\/a><\/p>\n<p><a href=\"https:\/\/app.powerbeans.ai\/redirect\" target=\"_blank\" rel=\"noreferrer noopener\"><\/a>Vigo (EFE).- Tres personas han sido detenidas por la Polic\u00eda Nacional en relaci\u00f3n con los altercados previos al partido de la Liga Europa entre el Celta y el\u00a0<a href=\"https:\/\/efe.com\/deportes\/2026-03-12\/heridos-pelea-multitudinaria-aficionados-celta-lyon-vigo\/\" target=\"_blank\" rel=\"noreferrer noopener\">Olympique de Lyon en Vigo<\/a>, que ya hab\u00edan conllevado el arresto de otros dos ultras.<\/p>\n<p><strong>Te puede interesar: <\/strong><a href=\"https:\/\/deultimominuto.net\/deportes\/futbol\/denuncian-a-la-fifa-ante-la-comision-europea-por-precios-excesivos-en-el-mundial-2026\/\">Denuncian a la FIFA ante la Comisi\u00f3n Europea por precios excesivos en el Mundial 2026<\/a><\/p>\n<h2 class=\"wp-block-heading\">El 12 de marzo<\/h2>\n<p>El ataque se produjo la noche del 12 de marzo en torno a un local de hosteler\u00eda en el que se encontraban hinchas del equipo franc\u00e9s y en \u00e9l se vieron implicados una treintena de miembros del grupo ultra \u2018Tropas de Breog\u00e1n\u2019, entre los que se encontraban los detenidos.<\/p>\n<\/p>\n<p>La Polic\u00eda explica en un comunicado que los ultras, para evitar ser identificados, vest\u00edan con ropa oscura, capucha y pasamonta\u00f1as.<\/p>\n<p>Tres aficionados del equipo franc\u00e9s sufrieron heridas inciso-contusas y dos de ellos tuvieron que ser trasladados al hospital para ser atendidos.<\/p>\n<p>El establecimiento present\u00f3 da\u00f1os graves pese a que sus propietarios intentaron evitar males mayores y procedieron a bloquear las puertas de acceso.<\/p>\n<p>Fue entonces cuando los encapuchados comenzaron a golpear los cristales y las puertas con palos de madera y barras de metal de obra para tratar de acceder a su interior y, en ese ataque, lograron fracturar los cristales, que impactaron en los aficionados franceses.<\/p>\n<p>Al no poder acceder al interior, los ultras abandonaron la zona corriendo, en peque\u00f1os grupos y diferentes direcciones, para evitar ser localizados por los agentes que se dirig\u00edan hacia el lugar de los hechos.<\/p>\n<h2 class=\"wp-block-heading\">Investigaciones abiertas<\/h2>\n<p>A los detenidos se les imputan delitos de lesiones, des\u00f3rdenes p\u00fablicos y da\u00f1os.<\/p>\n<p>Las investigaciones contin\u00faan abiertas a la espera de poder identificar a m\u00e1s autores de la agresi\u00f3n y no se descartan nuevas detenciones.<\/p>\n<p>\u200bVigo (EFE).- Tres personas han sido detenidas por la Polic\u00eda Nacional en relaci\u00f3n con los altercados previos al partido de la Liga Europa entre el Celta y el\u00a0Olympique de Lyon en Vigo, que ya hab\u00edan conllevado el arresto de otros dos ultras. Te puede interesar: Denuncian a la FIFA ante la Comisi\u00f3n Europea por precios\u00a0\u00a0F\u00fatbol, Deultimominuto, ElPeri\u00f3dicodelaVerdad, Futbol, Rep\u00fablica Dominicana\u00a0\u00a0<\/p>\n","protected":false},"excerpt":{"rendered":"<p>Vigo (EFE).- Tres personas han sido detenidas por la Polic\u00eda Nacional en relaci\u00f3n con los altercados previos al partido de la Liga Europa entre el Celta y el\u00a0Olympique de Lyon en Vigo, que ya hab\u00edan conllevado el arresto de otros dos ultras. Te puede interesar: Denuncian a la FIFA ante la Comisi\u00f3n Europea por precios [&hellip;]<\/p>\n","protected":false},"author":1,"featured_media":5790,"comment_status":"open","ping_status":"open","sticky":false,"template":"","format":"standard","meta":{"amp_status":"","footnotes":""},"categories":[3],"tags":[],"class_list":["post-5789","post","type-post","status-publish","format-standard","has-post-thumbnail","hentry","category-de-ultimo-minuto"],"_links":{"self":[{"href":"https:\/\/ermdigital.com\/index.php\/wp-json\/wp\/v2\/posts\/5789","targetHints":{"allow":["GET"]}}],"collection":[{"href":"https:\/\/ermdigital.com\/index.php\/wp-json\/wp\/v2\/posts"}],"about":[{"href":"https:\/\/ermdigital.com\/index.php\/wp-json\/wp\/v2\/types\/post"}],"author":[{"embeddable":true,"href":"https:\/\/ermdigital.com\/index.php\/wp-json\/wp\/v2\/users\/1"}],"replies":[{"embeddable":true,"href":"https:\/\/ermdigital.com\/index.php\/wp-json\/wp\/v2\/comments?post=5789"}],"version-history":[{"count":0,"href":"https:\/\/ermdigital.com\/index.php\/wp-json\/wp\/v2\/posts\/5789\/revisions"}],"wp:featuredmedia":[{"embeddable":true,"href":"https:\/\/ermdigital.com\/index.php\/wp-json\/wp\/v2\/media\/5790"}],"wp:attachment":[{"href":"https:\/\/ermdigital.com\/index.php\/wp-json\/wp\/v2\/media?parent=5789"}],"wp:term":[{"taxonomy":"category","embeddable":true,"href":"https:\/\/ermdigital.com\/index.php\/wp-json\/wp\/v2\/categories?post=5789"},{"taxonomy":"post_tag","embeddable":true,"href":"https:\/\/ermdigital.com\/index.php\/wp-json\/wp\/v2\/tags?post=5789"}],"curies":[{"name":"wp","href":"https:\/\/api.w.org\/{rel}","templated":true}]}}