{"id":5785,"date":"2026-03-25T12:03:14","date_gmt":"2026-03-25T16:03:14","guid":{"rendered":"https:\/\/ermdigital.com\/index.php\/2026\/03\/25\/santiago-matias-regalara-vehiculo-a-martha-candela-tras-esta-solicitarle-ayuda-en-premios-soberano\/"},"modified":"2026-03-25T12:03:14","modified_gmt":"2026-03-25T16:03:14","slug":"santiago-matias-regalara-vehiculo-a-martha-candela-tras-esta-solicitarle-ayuda-en-premios-soberano","status":"publish","type":"post","link":"https:\/\/ermdigital.com\/index.php\/2026\/03\/25\/santiago-matias-regalara-vehiculo-a-martha-candela-tras-esta-solicitarle-ayuda-en-premios-soberano\/","title":{"rendered":"Santiago Mat\u00edas regalar\u00e1 veh\u00edculo a Martha Candela tras esta solicitarle ayuda en Premios Soberano"},"content":{"rendered":"<p>Santo Domingo, R.D. \u2014 El empresario y CEO de Alofoke Media Group, Santiago Mat\u00edas, vuelve a demostrar su sensibilidad social al responder positivamente al llamado de la cantante de m\u00fasica cristiana Martha Candela, quien recientemente solicit\u00f3 su ayuda para adquirir un veh\u00edculo.<\/p>\n<p>En una entrevista concedida en la ciudad de Nueva York al programa Opci\u00f3n New York, Candela revel\u00f3 que el empresario no solo escuch\u00f3 su solicitud, sino que ya le confirm\u00f3 la entrega del veh\u00edculo.<\/p>\n<p><strong>Te puede interesar:<\/strong> <a href=\"https:\/\/deultimominuto.net\/entretenimiento\/tulile-oportunidad-a-santiago\/\" data-type=\"post\" data-id=\"619328\">Tulile pide una oportunidad a Santiago Mat\u00edas para estar en \u201cPlaneta Alofoke\u201d<\/a><\/p>\n<blockquote class=\"wp-block-quote is-layout-flow wp-block-quote-is-layout-flow\">\n<p>\u201cT\u00fa no sabes que yo le dije a Alofoke, yo me le tir\u00e9 cuando nos abrazamos en la alfombra\u2026 yo le dije: \u2018Alofoke, t\u00fa a todo el mundo le has dado veh\u00edculo, le has dado de todo, yo no tengo veh\u00edculo\u2019, y \u00e9l ya me dijo a m\u00ed que me tiene una guagua\u201d, expres\u00f3 la cantante.<\/p>\n<\/blockquote>\n<p>Asimismo, agreg\u00f3:<br \/>\u201cYo lo que s\u00e9 es que \u00e9l me dijo que le mandara la c\u00e9dula, que ya \u00e9l compr\u00f3 eso y me la va a enviar al aeropuerto cuando yo me vaya de aqu\u00ed\u201d.<\/p>\n<p>La petici\u00f3n de Martha se produjo durante la alfombra roja de la m\u00e1s reciente edici\u00f3n de los Premios Soberano, donde la artista le expres\u00f3 al reconocido empresario que no cuenta con los recursos econ\u00f3micos para comprar un veh\u00edculo, situaci\u00f3n que la mantiene moviliz\u00e1ndose a pie.<\/p>\n<p>El gesto de Santiago Mat\u00edas refuerza la l\u00ednea solidaria que ha caracterizado tanto su figura como la de sus empresas. A trav\u00e9s de Alofoke Media Group, el empresario ha impactado positivamente a numerosas figuras y ciudadanos, brindando apoyo en causas sociales que incluyen tratamientos m\u00e9dicos, pagos universitarios y otras necesidades urgentes recibidas en sus oficinas, entre ellas en su peri\u00f3dico De \u00daltimo Minuto, donde diariamente llegan numerosas solicitudes.<\/p>\n<p>Este nuevo acto de generosidad se suma a una larga lista de ayudas que han consolidado la imagen de Mat\u00edas como uno de los empresarios m\u00e1s influyentes y solidarios del pa\u00eds.<\/p>\n<p>En cuanto a Martha Candela esta ha logrado posicionarse en la industria del entretenimiento dominicano gracias a su estilo aut\u00e9ntico, destac\u00e1ndose por fusionar la m\u00fasica cristiana con ritmos de merengue y elementos urbanos, lo que le ha permitido conectar con un p\u00fablico amplio.<\/p>\n<p>El apoyo de Mat\u00edas en la compra de una veh\u00edculo para la cantante ser\u00e1 de gran impacto en el desarrollo de su carrera y su vida cotidiana.<\/p>\n<p>\u200bSanto Domingo, R.D. \u2014 El empresario y CEO de Alofoke Media Group, Santiago Mat\u00edas, vuelve a demostrar su sensibilidad social al responder positivamente al llamado de la cantante de m\u00fasica cristiana Martha Candela, quien recientemente solicit\u00f3 su ayuda para adquirir un veh\u00edculo. En una entrevista concedida en la ciudad de Nueva York al programa Opci\u00f3n\u00a0\u00a0Entretenimiento, Martha Candela, Santiago matias\u00a0\u00a0<\/p>\n","protected":false},"excerpt":{"rendered":"<p>Santo Domingo, R.D. \u2014 El empresario y CEO de Alofoke Media Group, Santiago Mat\u00edas, vuelve a demostrar su sensibilidad social al responder positivamente al llamado de la cantante de m\u00fasica cristiana Martha Candela, quien recientemente solicit\u00f3 su ayuda para adquirir un veh\u00edculo. En una entrevista concedida en la ciudad de Nueva York al programa Opci\u00f3n [&hellip;]<\/p>\n","protected":false},"author":1,"featured_media":5786,"comment_status":"open","ping_status":"open","sticky":false,"template":"","format":"standard","meta":{"amp_status":"","footnotes":""},"categories":[3],"tags":[],"class_list":["post-5785","post","type-post","status-publish","format-standard","has-post-thumbnail","hentry","category-de-ultimo-minuto"],"_links":{"self":[{"href":"https:\/\/ermdigital.com\/index.php\/wp-json\/wp\/v2\/posts\/5785","targetHints":{"allow":["GET"]}}],"collection":[{"href":"https:\/\/ermdigital.com\/index.php\/wp-json\/wp\/v2\/posts"}],"about":[{"href":"https:\/\/ermdigital.com\/index.php\/wp-json\/wp\/v2\/types\/post"}],"author":[{"embeddable":true,"href":"https:\/\/ermdigital.com\/index.php\/wp-json\/wp\/v2\/users\/1"}],"replies":[{"embeddable":true,"href":"https:\/\/ermdigital.com\/index.php\/wp-json\/wp\/v2\/comments?post=5785"}],"version-history":[{"count":0,"href":"https:\/\/ermdigital.com\/index.php\/wp-json\/wp\/v2\/posts\/5785\/revisions"}],"wp:featuredmedia":[{"embeddable":true,"href":"https:\/\/ermdigital.com\/index.php\/wp-json\/wp\/v2\/media\/5786"}],"wp:attachment":[{"href":"https:\/\/ermdigital.com\/index.php\/wp-json\/wp\/v2\/media?parent=5785"}],"wp:term":[{"taxonomy":"category","embeddable":true,"href":"https:\/\/ermdigital.com\/index.php\/wp-json\/wp\/v2\/categories?post=5785"},{"taxonomy":"post_tag","embeddable":true,"href":"https:\/\/ermdigital.com\/index.php\/wp-json\/wp\/v2\/tags?post=5785"}],"curies":[{"name":"wp","href":"https:\/\/api.w.org\/{rel}","templated":true}]}}