{"id":5783,"date":"2026-03-25T12:07:16","date_gmt":"2026-03-25T16:07:16","guid":{"rendered":"https:\/\/ermdigital.com\/index.php\/2026\/03\/25\/madre-de-joven-hallada-en-cisterna-denuncia-amenazas-y-teme-impunidad-tras-apelacion-de-imputados\/"},"modified":"2026-03-25T12:07:16","modified_gmt":"2026-03-25T16:07:16","slug":"madre-de-joven-hallada-en-cisterna-denuncia-amenazas-y-teme-impunidad-tras-apelacion-de-imputados","status":"publish","type":"post","link":"https:\/\/ermdigital.com\/index.php\/2026\/03\/25\/madre-de-joven-hallada-en-cisterna-denuncia-amenazas-y-teme-impunidad-tras-apelacion-de-imputados\/","title":{"rendered":"Madre de joven hallada en cisterna denuncia amenazas y teme impunidad tras apelaci\u00f3n de imputados"},"content":{"rendered":"<p><strong>Santo Domingo Este.\u2013<\/strong> Laurette Antoine Jean madre de quien fuera Reinalda Carrasco, expres\u00f3 este mi\u00e9rcoles su preocupaci\u00f3n ante la apelaci\u00f3n de la medida de coerci\u00f3n interpuesta por los acusados de quitarle la vida a su hija, al tiempo que denunci\u00f3 amenazas constantes contra su familia.<\/p>\n<p>Durante declaraciones ofrecidas en la Ciudad Judicial de Santo Domingo Este, la mujer cuestion\u00f3 la insistencia de los imputados en obtener su libertad, pese a declararse inocentes.<\/p>\n<p>\u201cSi ellos alegan que son inocentes, \u00bfpor qu\u00e9 no pueden esperar el proceso? \u00bfCu\u00e1l es la desesperaci\u00f3n de salir?\u201d, manifest\u00f3, visiblemente afectada.<\/p>\n<p>La madre de la v\u00edctima asegur\u00f3 que, a diferencia de los acusados, su familia ha esperado con paciencia el avance de la investigaci\u00f3n, con la \u00fanica finalidad de que se haga <a href=\"https:\/\/deultimominuto.net\/nacionales\/hermana-de-joven-hallada-en-cisterna-denuncia-amenazas-y-exige-justicia-durante-audiencia-en-sde\/\" data-type=\"link\" data-id=\"https:\/\/deultimominuto.net\/nacionales\/hermana-de-joven-hallada-en-cisterna-denuncia-amenazas-y-exige-justicia-durante-audiencia-en-sde\/\">justicia<\/a>.<\/p>\n<p>Asimismo, denunci\u00f3 que tanto ella como sus familiares han sido objeto de m\u00faltiples amenazas, las cuales atribuye a personas vinculadas a los acusados, entre ellos individuos identificados como \u201cCopiloto\u201d, \u201cMaiki\u201d y \u201cel Patr\u00f3n\u201d.<\/p>\n<p>\u201cVivimos asustados. Yo estoy asustada por mi hija, porque una de las amenazas dec\u00eda \u2018espera tu turno\u2019\u201d, relat\u00f3.<\/p>\n<p><strong>Puedes leer: <\/strong><a href=\"https:\/\/deultimominuto.net\/nacionales\/hermana-de-joven-hallada-en-cisterna-denuncia-amenazas-y-exige-justicia-durante-audiencia-en-sde\/\" data-type=\"link\" data-id=\"https:\/\/deultimominuto.net\/nacionales\/hermana-de-joven-hallada-en-cisterna-denuncia-amenazas-y-exige-justicia-durante-audiencia-en-sde\/\">Hermana de joven hallada en cisterna denuncia amenazas y exige justicia durante audiencia en SDE<\/a><\/p>\n<p>Indic\u00f3 que estas intimidaciones fueron notificadas a las autoridades, quienes, seg\u00fan dijo, se comprometieron a citar a las personas se\u00f1aladas, aunque el temor persiste.<\/p>\n<p>Antoine Jean tambi\u00e9n expres\u00f3 su preocupaci\u00f3n de que el caso pueda quedar impune, alegando que los imputados cuentan con recursos econ\u00f3micos que podr\u00edan influir en el proceso.<\/p>\n<p>\u201cHay mucho dinero en el medio y son capaces de comprar a cualquiera\u201d, afirm\u00f3.<\/p>\n<p>En medio del dolor, describi\u00f3 a su hija como una joven estudiante, con aspiraciones y un futuro prometedor, asegurando que su p\u00e9rdida ha dejado un vac\u00edo irreparable en la familia.<\/p>\n<p>\u201cMi hija no era una delincuente, era una joven con sue\u00f1os. Le quitaron todo ese derecho\u201d, sostuvo.<\/p>\n<p>Finalmente, reiter\u00f3 su llamado a las autoridades para que act\u00faen con firmeza y garanticen justicia.<\/p>\n<p>\u201cNo hay crimen perfecto, siempre que la justicia quiera trabajar\u201d, concluy\u00f3.<\/p>\n<p>El caso contin\u00faa en proceso judicial, mientras familiares de la v\u00edctima mantienen su exigencia de que los responsables sean condenados.<\/p>\n<p>\u200bSanto Domingo Este.\u2013 Laurette Antoine Jean madre de quien fuera Reinalda Carrasco, expres\u00f3 este mi\u00e9rcoles su preocupaci\u00f3n ante la apelaci\u00f3n de la medida de coerci\u00f3n interpuesta por los acusados de quitarle la vida a su hija, al tiempo que denunci\u00f3 amenazas constantes contra su familia. Durante declaraciones ofrecidas en la Ciudad Judicial de Santo Domingo\u00a0\u00a0Nacionales, Justicia\u00a0\u00a0<\/p>\n","protected":false},"excerpt":{"rendered":"<p>Santo Domingo Este.\u2013 Laurette Antoine Jean madre de quien fuera Reinalda Carrasco, expres\u00f3 este mi\u00e9rcoles su preocupaci\u00f3n ante la apelaci\u00f3n de la medida de coerci\u00f3n interpuesta por los acusados de quitarle la vida a su hija, al tiempo que denunci\u00f3 amenazas constantes contra su familia. Durante declaraciones ofrecidas en la Ciudad Judicial de Santo Domingo [&hellip;]<\/p>\n","protected":false},"author":1,"featured_media":5784,"comment_status":"open","ping_status":"open","sticky":false,"template":"","format":"standard","meta":{"amp_status":"","footnotes":""},"categories":[3],"tags":[],"class_list":["post-5783","post","type-post","status-publish","format-standard","has-post-thumbnail","hentry","category-de-ultimo-minuto"],"_links":{"self":[{"href":"https:\/\/ermdigital.com\/index.php\/wp-json\/wp\/v2\/posts\/5783","targetHints":{"allow":["GET"]}}],"collection":[{"href":"https:\/\/ermdigital.com\/index.php\/wp-json\/wp\/v2\/posts"}],"about":[{"href":"https:\/\/ermdigital.com\/index.php\/wp-json\/wp\/v2\/types\/post"}],"author":[{"embeddable":true,"href":"https:\/\/ermdigital.com\/index.php\/wp-json\/wp\/v2\/users\/1"}],"replies":[{"embeddable":true,"href":"https:\/\/ermdigital.com\/index.php\/wp-json\/wp\/v2\/comments?post=5783"}],"version-history":[{"count":0,"href":"https:\/\/ermdigital.com\/index.php\/wp-json\/wp\/v2\/posts\/5783\/revisions"}],"wp:featuredmedia":[{"embeddable":true,"href":"https:\/\/ermdigital.com\/index.php\/wp-json\/wp\/v2\/media\/5784"}],"wp:attachment":[{"href":"https:\/\/ermdigital.com\/index.php\/wp-json\/wp\/v2\/media?parent=5783"}],"wp:term":[{"taxonomy":"category","embeddable":true,"href":"https:\/\/ermdigital.com\/index.php\/wp-json\/wp\/v2\/categories?post=5783"},{"taxonomy":"post_tag","embeddable":true,"href":"https:\/\/ermdigital.com\/index.php\/wp-json\/wp\/v2\/tags?post=5783"}],"curies":[{"name":"wp","href":"https:\/\/api.w.org\/{rel}","templated":true}]}}