{"id":5781,"date":"2026-03-25T12:13:28","date_gmt":"2026-03-25T16:13:28","guid":{"rendered":"https:\/\/ermdigital.com\/index.php\/2026\/03\/25\/poder-judicial-impulsa-dialogo-nacional-con-conferencia-sobre-la-justicia-del-futuro-en-rd\/"},"modified":"2026-03-25T12:13:28","modified_gmt":"2026-03-25T16:13:28","slug":"poder-judicial-impulsa-dialogo-nacional-con-conferencia-sobre-la-justicia-del-futuro-en-rd","status":"publish","type":"post","link":"https:\/\/ermdigital.com\/index.php\/2026\/03\/25\/poder-judicial-impulsa-dialogo-nacional-con-conferencia-sobre-la-justicia-del-futuro-en-rd\/","title":{"rendered":"Poder Judicial impulsa di\u00e1logo nacional con conferencia sobre la justicia del futuro en RD"},"content":{"rendered":"<p><strong>Santo Domingo.\u2013<\/strong> El Poder Judicial anunci\u00f3 la celebraci\u00f3n de una importante conferencia nacional que reunir\u00e1 a actores del sistema judicial, la sociedad civil y expertos internacionales, con el objetivo de analizar avances, desaf\u00edos y perspectivas de la justicia en la Rep\u00fablica Dominicana.<\/p>\n<p>La actividad fue presentada durante un encuentro del programa \u201cJusticia y Medios\u201d, espacio que busca mantener informados a los medios de comunicaci\u00f3n sobre iniciativas y proyectos institucionales. En esta ocasi\u00f3n, participaron la magistrada Miguelina Ure\u00f1a, miembro del Pleno de la Suprema Corte de Justicia; la doctora Gervasia Valenzuela, de la Direcci\u00f3n General T\u00e9cnica; el director de la Escuela Nacional de la Judicatura, \u00c1ngel Brito; y el director general de carrera, Jonathan Toribio.<\/p>\n<p>Durante sus palabras de apertura, la magistrada Ure\u00f1a explic\u00f3 que estas jornadas buscan fortalecer el v\u00ednculo entre la sociedad y el sistema judicial, con miras a construir una justicia m\u00e1s inclusiva y centrada en la dignidad humana.<\/p>\n<p>\u201cEstas jornadas tienen como prop\u00f3sito analizar los avances que hemos tenido, las perspectivas y los desaf\u00edos para lograr una justicia inclusiva\u201d, expres\u00f3.<\/p>\n<p>La conferencia se desarrollar\u00e1 los d\u00edas 9, 10 y 11 de abril en la Ciudad Judicial de Santo Domingo Este, donde se abordar\u00e1n temas clave vinculados al Plan Estrat\u00e9gico de Justicia 2020-2024 y al Plan Decenal \u201cJusticia del Futuro 2034\u201d.<\/p>\n<p><strong>Puedes leer: <\/strong><a href=\"https:\/\/deultimominuto.net\/nacionales\/poder-judicial-impulsa-metas-2034\/\" data-type=\"link\" data-id=\"https:\/\/deultimominuto.net\/nacionales\/poder-judicial-impulsa-metas-2034\/\">Poder Judicial impulsa metas de digitalizaci\u00f3n y resoluci\u00f3n de casos en el Plan Justicia 2034<\/a><\/p>\n<p>Por su parte, Valenzuela destac\u00f3 que el evento est\u00e1 abierto a toda la ciudadan\u00eda e invit\u00f3 a los interesados a registrarse a trav\u00e9s de la p\u00e1gina web del <a href=\"https:\/\/deultimominuto.net\/nacionales\/poder-judicial-impulsa-metas-2034\/\" data-type=\"link\" data-id=\"https:\/\/deultimominuto.net\/nacionales\/poder-judicial-impulsa-metas-2034\/\">Poder Judicial<\/a>. Explic\u00f3 que la iniciativa busca integrar a diversos sectores, incluyendo abogados, acad\u00e9micos, estudiantes, iglesias y organizaciones sociales, en la construcci\u00f3n de una justicia m\u00e1s \u00e1gil, accesible y transparente.<\/p>\n<p>De su lado, Brito se\u00f1al\u00f3 que esta conferencia representa un proceso de \u201cco-creaci\u00f3n\u201d en el que han participado m\u00e1s de 3,000 personas, lo que permitir\u00e1 impulsar una estrategia de cogobernanza para los pr\u00f3ximos 10 a\u00f1os.<\/p>\n<p>Asimismo, detall\u00f3 que la agenda incluir\u00e1 debates sobre justicia penal, reformas estructurales, transparencia, ni\u00f1ez, g\u00e9nero y resoluci\u00f3n de conflictos comunitarios, adem\u00e1s de espacios de interacci\u00f3n directa con la ciudadan\u00eda para promover una cultura de paz.<\/p>\n<p>El evento contar\u00e1 con la participaci\u00f3n de organismos internacionales, entre ellos el National Center for State Courts, as\u00ed como representantes de cortes supremas de la regi\u00f3n.<\/p>\n<p>Las autoridades destacaron que durante los tres d\u00edas de la conferencia se generar\u00e1 un amplio debate nacional orientado a fortalecer la administraci\u00f3n de justicia y a definir el rumbo del sistema judicial dominicano de cara al futuro.<\/p>\n<p>\u200bSanto Domingo.\u2013 El Poder Judicial anunci\u00f3 la celebraci\u00f3n de una importante conferencia nacional que reunir\u00e1 a actores del sistema judicial, la sociedad civil y expertos internacionales, con el objetivo de analizar avances, desaf\u00edos y perspectivas de la justicia en la Rep\u00fablica Dominicana. La actividad fue presentada durante un encuentro del programa \u201cJusticia y Medios\u201d, espacio\u00a0\u00a0Nacionales, PODER JUDICIAL\u00a0\u00a0<\/p>\n","protected":false},"excerpt":{"rendered":"<p>Santo Domingo.\u2013 El Poder Judicial anunci\u00f3 la celebraci\u00f3n de una importante conferencia nacional que reunir\u00e1 a actores del sistema judicial, la sociedad civil y expertos internacionales, con el objetivo de analizar avances, desaf\u00edos y perspectivas de la justicia en la Rep\u00fablica Dominicana. La actividad fue presentada durante un encuentro del programa \u201cJusticia y Medios\u201d, espacio [&hellip;]<\/p>\n","protected":false},"author":1,"featured_media":5782,"comment_status":"open","ping_status":"open","sticky":false,"template":"","format":"standard","meta":{"amp_status":"","footnotes":""},"categories":[3],"tags":[],"class_list":["post-5781","post","type-post","status-publish","format-standard","has-post-thumbnail","hentry","category-de-ultimo-minuto"],"_links":{"self":[{"href":"https:\/\/ermdigital.com\/index.php\/wp-json\/wp\/v2\/posts\/5781","targetHints":{"allow":["GET"]}}],"collection":[{"href":"https:\/\/ermdigital.com\/index.php\/wp-json\/wp\/v2\/posts"}],"about":[{"href":"https:\/\/ermdigital.com\/index.php\/wp-json\/wp\/v2\/types\/post"}],"author":[{"embeddable":true,"href":"https:\/\/ermdigital.com\/index.php\/wp-json\/wp\/v2\/users\/1"}],"replies":[{"embeddable":true,"href":"https:\/\/ermdigital.com\/index.php\/wp-json\/wp\/v2\/comments?post=5781"}],"version-history":[{"count":0,"href":"https:\/\/ermdigital.com\/index.php\/wp-json\/wp\/v2\/posts\/5781\/revisions"}],"wp:featuredmedia":[{"embeddable":true,"href":"https:\/\/ermdigital.com\/index.php\/wp-json\/wp\/v2\/media\/5782"}],"wp:attachment":[{"href":"https:\/\/ermdigital.com\/index.php\/wp-json\/wp\/v2\/media?parent=5781"}],"wp:term":[{"taxonomy":"category","embeddable":true,"href":"https:\/\/ermdigital.com\/index.php\/wp-json\/wp\/v2\/categories?post=5781"},{"taxonomy":"post_tag","embeddable":true,"href":"https:\/\/ermdigital.com\/index.php\/wp-json\/wp\/v2\/tags?post=5781"}],"curies":[{"name":"wp","href":"https:\/\/api.w.org\/{rel}","templated":true}]}}