{"id":5750,"date":"2026-03-25T10:40:51","date_gmt":"2026-03-25T14:40:51","guid":{"rendered":"https:\/\/ermdigital.com\/index.php\/2026\/03\/25\/fiscal-dominicano-merlin-mateo-diserta-ante-la-corte-superior-de-lima-sobre-investigacion-de-ciberdelitos\/"},"modified":"2026-03-25T10:40:51","modified_gmt":"2026-03-25T14:40:51","slug":"fiscal-dominicano-merlin-mateo-diserta-ante-la-corte-superior-de-lima-sobre-investigacion-de-ciberdelitos","status":"publish","type":"post","link":"https:\/\/ermdigital.com\/index.php\/2026\/03\/25\/fiscal-dominicano-merlin-mateo-diserta-ante-la-corte-superior-de-lima-sobre-investigacion-de-ciberdelitos\/","title":{"rendered":"Fiscal dominicano Merlin Mateo diserta ante la Corte Superior de Lima sobre investigaci\u00f3n de ciberdelitos"},"content":{"rendered":"<p><strong>Santo Domingo.-<\/strong> El fiscal dominicano Merlin Mateo represent\u00f3 a la Rep\u00fablica Dominicana en Per\u00fa durante un intercambio institucional de alto nivel que lo llev\u00f3 a compartir escenario con la presidenta de la Corte Superior de Justicia de Lima, magistrada Miluska Giovanna Cano L\u00f3pez, en un encuentro que fortaleci\u00f3 los v\u00ednculos entre los sistemas de justicia de ambos pa\u00edses y posicion\u00f3 la experiencia dominicana como referente regional en la investigaci\u00f3n de la criminalidad digital.<\/p>\n<p>La visita, enmarcada en un programa de intercambio de experiencias y buenas pr\u00e1cticas entre la Rep\u00fablica Dominicana y la Rep\u00fablica del Per\u00fa, incluy\u00f3 una reuni\u00f3n bilateral en la que ambas autoridades analizaron el funcionamiento de sus respectivos sistemas de justicia y los retos comunes que enfrentan frente a la evoluci\u00f3n acelerada de las nuevas formas de criminalidad.<\/p>\n<p>En ese di\u00e1logo, Mateo expuso los principales desaf\u00edos que afronta la institucionalidad dominicana en materia de investigaci\u00f3n de ciberdelitos, as\u00ed como las estrategias que el Ministerio P\u00fablico ha desarrollado para fortalecer sus capacidades de respuesta ante una modalidad delictiva que no reconoce fronteras geogr\u00e1ficas ni jurisdiccionales.<\/p>\n<p>El punto de mayor impacto de la agenda fue la ponencia que el fiscal Mateo dict\u00f3 ante un auditorio integrado por jueces de la Corte Superior de Lima y magistrados de primer grado.<\/p>\n<p><strong>Puedes leer: <\/strong><a href=\"https:\/\/deultimominuto.net\/nacionales\/merlin-mateo-sanchez-saluda-designacion-de-yeni-berenice\/\" data-type=\"link\" data-id=\"https:\/\/deultimominuto.net\/nacionales\/merlin-mateo-sanchez-saluda-designacion-de-yeni-berenice\/\">Merlin Mateo S\u00e1nchez saluda designaci\u00f3n de Yeni Berenice como PGR<\/a><\/p>\n<p>En esa intervenci\u00f3n, el fiscal dominicano abord\u00f3 con profundidad las capacidades investigativas desarrolladas en el pa\u00eds para enfrentar los ciberdelitos, con especial \u00e9nfasis en aquellos perpetrados en el ciberespacio en perjuicio de ni\u00f1as, ni\u00f1os y adolescentes, una problem\u00e1tica que los organismos internacionales de justicia identifican como una de las amenazas digitales de mayor crecimiento y de m\u00e1s dif\u00edcil persecuci\u00f3n en la regi\u00f3n latinoamericana.<\/p>\n<p>La exposici\u00f3n de <a href=\"https:\/\/deultimominuto.net\/nacionales\/merlin-mateo-sanchez-saluda-designacion-de-yeni-berenice\/\" data-type=\"link\" data-id=\"https:\/\/deultimominuto.net\/nacionales\/merlin-mateo-sanchez-saluda-designacion-de-yeni-berenice\/\">Mateo<\/a> ante el auditorio peruano no fue la de un observador externo. Fue la de un operador de justicia que habla desde la pr\u00e1ctica, desde los expedientes, desde la experiencia acumulada en un pa\u00eds que ha tenido que construir sus capacidades de investigaci\u00f3n digital en un contexto de transformaci\u00f3n tecnol\u00f3gica acelerada y de recursos institucionales limitados. Ese enfoque pr\u00e1ctico y la solidez de los planteamientos expuestos generaron una recepci\u00f3n notable entre los magistrados presentes.<\/p>\n<p>Al cierre de las actividades acad\u00e9micas, la presidenta de la Corte Superior de Lima entreg\u00f3 al fiscal Mateo un reconocimiento formal en nombre de esa instituci\u00f3n, distinci\u00f3n que el magistrado dominicano agradeci\u00f3 como un honor que trasciende lo personal para recaer sobre el Ministerio P\u00fablico de la Rep\u00fablica Dominicana y sobre el pa\u00eds que representa.<\/p>\n<p>En un gesto de reciprocidad institucional, Mateo obsequi\u00f3 a la magistrada Cano L\u00f3pez un ejemplar de la Constituci\u00f3n de la Rep\u00fablica Dominicana, s\u00edmbolo del compromiso del Estado dominicano con los valores democr\u00e1ticos, el Estado de derecho y la cooperaci\u00f3n judicial internacional.<\/p>\n<p>El intercambio con Per\u00fa forma parte de una agenda m\u00e1s amplia de internacionalizaci\u00f3n del Ministerio P\u00fablico dominicano, que en los \u00faltimos a\u00f1os ha profundizado su inserci\u00f3n en redes de cooperaci\u00f3n judicial regional con el prop\u00f3sito de actualizar sus marcos normativos, incorporar mejores pr\u00e1cticas en materia de investigaci\u00f3n digital y fortalecer la formaci\u00f3n especializada de sus fiscales.<\/p>\n<p>En un escenario donde la ciberdelincuencia evoluciona con mayor rapidez que los instrumentos legales disponibles para combatirla, el intercambio de experiencias entre sistemas de justicia se convierte en una herramienta tan estrat\u00e9gica como cualquier reforma legislativa.<\/p>\n<p>La visita del fiscal Mateo a Lima es, en ese sentido, una se\u00f1al del lugar que la Rep\u00fablica Dominicana aspira a ocupar en los debates regionales sobre justicia digital: no como receptor pasivo de asistencia t\u00e9cnica, sino como un interlocutor con experiencia propia, con casos documentados y con una perspectiva institucional que otros pa\u00edses de la regi\u00f3n tienen inter\u00e9s en conocer.<\/p>\n<p>\u200bSanto Domingo.- El fiscal dominicano Merlin Mateo represent\u00f3 a la Rep\u00fablica Dominicana en Per\u00fa durante un intercambio institucional de alto nivel que lo llev\u00f3 a compartir escenario con la presidenta de la Corte Superior de Justicia de Lima, magistrada Miluska Giovanna Cano L\u00f3pez, en un encuentro que fortaleci\u00f3 los v\u00ednculos entre los sistemas de justicia\u00a0\u00a0Nacionales, Merlin Mateo\u00a0\u00a0<\/p>\n","protected":false},"excerpt":{"rendered":"<p>Santo Domingo.- El fiscal dominicano Merlin Mateo represent\u00f3 a la Rep\u00fablica Dominicana en Per\u00fa durante un intercambio institucional de alto nivel que lo llev\u00f3 a compartir escenario con la presidenta de la Corte Superior de Justicia de Lima, magistrada Miluska Giovanna Cano L\u00f3pez, en un encuentro que fortaleci\u00f3 los v\u00ednculos entre los sistemas de justicia [&hellip;]<\/p>\n","protected":false},"author":1,"featured_media":5751,"comment_status":"open","ping_status":"open","sticky":false,"template":"","format":"standard","meta":{"amp_status":"","footnotes":""},"categories":[3],"tags":[],"class_list":["post-5750","post","type-post","status-publish","format-standard","has-post-thumbnail","hentry","category-de-ultimo-minuto"],"_links":{"self":[{"href":"https:\/\/ermdigital.com\/index.php\/wp-json\/wp\/v2\/posts\/5750","targetHints":{"allow":["GET"]}}],"collection":[{"href":"https:\/\/ermdigital.com\/index.php\/wp-json\/wp\/v2\/posts"}],"about":[{"href":"https:\/\/ermdigital.com\/index.php\/wp-json\/wp\/v2\/types\/post"}],"author":[{"embeddable":true,"href":"https:\/\/ermdigital.com\/index.php\/wp-json\/wp\/v2\/users\/1"}],"replies":[{"embeddable":true,"href":"https:\/\/ermdigital.com\/index.php\/wp-json\/wp\/v2\/comments?post=5750"}],"version-history":[{"count":0,"href":"https:\/\/ermdigital.com\/index.php\/wp-json\/wp\/v2\/posts\/5750\/revisions"}],"wp:featuredmedia":[{"embeddable":true,"href":"https:\/\/ermdigital.com\/index.php\/wp-json\/wp\/v2\/media\/5751"}],"wp:attachment":[{"href":"https:\/\/ermdigital.com\/index.php\/wp-json\/wp\/v2\/media?parent=5750"}],"wp:term":[{"taxonomy":"category","embeddable":true,"href":"https:\/\/ermdigital.com\/index.php\/wp-json\/wp\/v2\/categories?post=5750"},{"taxonomy":"post_tag","embeddable":true,"href":"https:\/\/ermdigital.com\/index.php\/wp-json\/wp\/v2\/tags?post=5750"}],"curies":[{"name":"wp","href":"https:\/\/api.w.org\/{rel}","templated":true}]}}