{"id":5748,"date":"2026-03-25T10:44:41","date_gmt":"2026-03-25T14:44:41","guid":{"rendered":"https:\/\/ermdigital.com\/index.php\/2026\/03\/25\/la-mosca-anuncia-su-gira-mundial-del-2026\/"},"modified":"2026-03-25T10:44:41","modified_gmt":"2026-03-25T14:44:41","slug":"la-mosca-anuncia-su-gira-mundial-del-2026","status":"publish","type":"post","link":"https:\/\/ermdigital.com\/index.php\/2026\/03\/25\/la-mosca-anuncia-su-gira-mundial-del-2026\/","title":{"rendered":"La Mosca anuncia su gira mundial del 2026"},"content":{"rendered":"<p>Luego de su impactante paso por el Vive Latino, La Mosca contin\u00faa su Gira Mundial 2026 con una intensa seguidilla de shows en M\u00e9xico, donde se presentar\u00e1 en Puebla, San Luis Potos\u00ed y Guadalajara, reafirmando el fuerte v\u00ednculo con su p\u00fablico.<\/p>\n<p>Durante abril, el tour seguir\u00e1 por Argentina y Chile, para luego dar el salto a Norteam\u00e9rica en mayo con presentaciones en Canad\u00e1: Toronto, Montreal, Calgary y Vancouver.<\/p>\n<p><strong>Te puede interesar:<\/strong> <a href=\"https:\/\/deultimominuto.net\/entretenimiento\/santiago-matiasgiuseppe\/\" data-type=\"post\" data-id=\"629666\">Santiago Mat\u00edas tomar\u00e1 acciones legales contra Giuseppe Benignini por violaci\u00f3n de contrato y difamaci\u00f3n<\/a><\/p>\n<p>Ese mismo mes, la banda iniciar\u00e1 una extensa gira europea que incluir\u00e1 m\u00faltiples ciudades de Espa\u00f1a como M\u00e1laga, Barcelona, Madrid, Sevilla, Alicante, Valencia y Bilbao, adem\u00e1s de presentaciones en Mil\u00e1n (Italia), Z\u00farich (Suiza) y Copenhague (Dinamarca), consolidando su presencia en el circuito internacional.<\/p>\n<p>En junio, La Mosca continuar\u00e1 su recorrido por Estados Unidos, y en julio ser\u00e1 parte de uno de los eventos m\u00e1s importantes de la regi\u00f3n, el Concierto de Conciertos en Bogot\u00e1 (Colombia), marcando uno de los puntos m\u00e1s destacados del tour.<\/p>\n<p>A lo largo de su trayectoria, La Mosca ha sido reconocida a nivel nacional e internacional, consolidando su lugar como una de las bandas argentinas m\u00e1s exitosas y trascendentes.<\/p>\n<p>Cuenta con 4 Premios Gardel en Argentina, 2 Premios Amigo en Espa\u00f1a y 2 Premios ASCAP al Mejor Tema, destacando su impacto tanto en la industria como en el p\u00fablico.<\/p>\n<p>A nivel internacional, obtuvo el reconocimiento a \u201cCanzone dell\u2019estate\u201d en Italia, adem\u00e1s de la prestigiosa Gaviota de Plata en Chile, uno de los galardones m\u00e1s importantes de la m\u00fasica latina en vivo.<\/p>\n<p>Su \u00e9xito se refleja tambi\u00e9n con m\u00faltiples discos de oro, platino y doble platino, reafirmando una carrera marcada por hits que han trascendido generaciones y fronteras, llevando su energ\u00eda y sus cl\u00e1sicos a cada rinc\u00f3n del mundo en una gira que no deja de crecer.<\/p>\n<p>Uno de los momentos m\u00e1s impactantes de su historia reciente lleg\u00f3 con <strong><a href=\"https:\/\/www.youtube.com\/watch?v=i4t1bGD-j9M&amp;list=RDi4t1bGD-j9M&amp;start_radio=1\" data-type=\"link\" data-id=\"https:\/\/www.youtube.com\/watch?v=i4t1bGD-j9M&amp;list=RDi4t1bGD-j9M&amp;start_radio=1\" target=\"_blank\" rel=\"noopener\">\u201cMuchachos, ahora nos volvimos a ilusionar\u201d,<\/a><\/strong> que tras la consagraci\u00f3n de Argentina en la Copa del Mundo alcanz\u00f3 cifras r\u00e9cord, superando los 1.578 millones de reproducciones y marcando un r\u00e9cord hist\u00f3rico en Spotify Argentina al registrar el mayor n\u00famero de streams en un solo d\u00eda para una canci\u00f3n.<\/p>\n<p>El tema debut\u00f3 directamente en el puesto #1 del Top 50 de Spotify Argentina, acumulando m\u00e1s de 5.7 millones de reproducciones desde su lanzamiento, y llegando a ser escuchado m\u00e1s de medio mill\u00f3n de veces en un solo d\u00eda.<\/p>\n<p>Adem\u00e1s, su video lyric ya supera las 61 millones de visualizaciones, consolidando a \u201cMuchachos\u201d como un fen\u00f3meno cultural que trascendi\u00f3 la m\u00fasica para convertirse en un himno adoptado por hinchadas de todo el mundo.<\/p>\n<p>\u200bLuego de su impactante paso por el Vive Latino, La Mosca contin\u00faa su Gira Mundial 2026 con una intensa seguidilla de shows en M\u00e9xico, donde se presentar\u00e1 en Puebla, San Luis Potos\u00ed y Guadalajara, reafirmando el fuerte v\u00ednculo con su p\u00fablico. Durante abril, el tour seguir\u00e1 por Argentina y Chile, para luego dar el salto\u00a0\u00a0Entretenimiento, La Mosca\u00a0\u00a0<\/p>\n","protected":false},"excerpt":{"rendered":"<p>Luego de su impactante paso por el Vive Latino, La Mosca contin\u00faa su Gira Mundial 2026 con una intensa seguidilla de shows en M\u00e9xico, donde se presentar\u00e1 en Puebla, San Luis Potos\u00ed y Guadalajara, reafirmando el fuerte v\u00ednculo con su p\u00fablico. Durante abril, el tour seguir\u00e1 por Argentina y Chile, para luego dar el salto [&hellip;]<\/p>\n","protected":false},"author":1,"featured_media":5749,"comment_status":"open","ping_status":"open","sticky":false,"template":"","format":"standard","meta":{"amp_status":"","footnotes":""},"categories":[3],"tags":[],"class_list":["post-5748","post","type-post","status-publish","format-standard","has-post-thumbnail","hentry","category-de-ultimo-minuto"],"_links":{"self":[{"href":"https:\/\/ermdigital.com\/index.php\/wp-json\/wp\/v2\/posts\/5748","targetHints":{"allow":["GET"]}}],"collection":[{"href":"https:\/\/ermdigital.com\/index.php\/wp-json\/wp\/v2\/posts"}],"about":[{"href":"https:\/\/ermdigital.com\/index.php\/wp-json\/wp\/v2\/types\/post"}],"author":[{"embeddable":true,"href":"https:\/\/ermdigital.com\/index.php\/wp-json\/wp\/v2\/users\/1"}],"replies":[{"embeddable":true,"href":"https:\/\/ermdigital.com\/index.php\/wp-json\/wp\/v2\/comments?post=5748"}],"version-history":[{"count":0,"href":"https:\/\/ermdigital.com\/index.php\/wp-json\/wp\/v2\/posts\/5748\/revisions"}],"wp:featuredmedia":[{"embeddable":true,"href":"https:\/\/ermdigital.com\/index.php\/wp-json\/wp\/v2\/media\/5749"}],"wp:attachment":[{"href":"https:\/\/ermdigital.com\/index.php\/wp-json\/wp\/v2\/media?parent=5748"}],"wp:term":[{"taxonomy":"category","embeddable":true,"href":"https:\/\/ermdigital.com\/index.php\/wp-json\/wp\/v2\/categories?post=5748"},{"taxonomy":"post_tag","embeddable":true,"href":"https:\/\/ermdigital.com\/index.php\/wp-json\/wp\/v2\/tags?post=5748"}],"curies":[{"name":"wp","href":"https:\/\/api.w.org\/{rel}","templated":true}]}}