{"id":5741,"date":"2026-03-25T11:09:32","date_gmt":"2026-03-25T15:09:32","guid":{"rendered":"https:\/\/ermdigital.com\/index.php\/2026\/03\/25\/mescyt-anuncia-mas-de-4000-becas-y-propone-una-transformacion-integral-del-sistema-educativo-dominicano-2\/"},"modified":"2026-03-25T11:09:32","modified_gmt":"2026-03-25T15:09:32","slug":"mescyt-anuncia-mas-de-4000-becas-y-propone-una-transformacion-integral-del-sistema-educativo-dominicano-2","status":"publish","type":"post","link":"https:\/\/ermdigital.com\/index.php\/2026\/03\/25\/mescyt-anuncia-mas-de-4000-becas-y-propone-una-transformacion-integral-del-sistema-educativo-dominicano-2\/","title":{"rendered":"MESCyT anuncia m\u00e1s de 4,000 becas y propone una transformaci\u00f3n integral del sistema educativo dominicano"},"content":{"rendered":"<p><strong>Santiago.-<\/strong> El ministro de Educaci\u00f3n Superior, Ciencia y Tecnolog\u00eda (<a href=\"https:\/\/mescyt.gob.do\/\" data-type=\"link\" data-id=\"https:\/\/mescyt.gob.do\/\" target=\"_blank\" rel=\"noopener\">MESCyT<\/a>), Rafael Santos Bad\u00eda, anunci\u00f3 este martes la ampliaci\u00f3n de la oferta de becas en el pa\u00eds, asegurando que m\u00e1s de 4,000 estudiantes podr\u00e1n acceder a nuevas oportunidades de formaci\u00f3n, especialmente en \u00e1reas human\u00edsticas y estrat\u00e9gicas que, seg\u00fan afirm\u00f3, son fundamentales para el desarrollo de la Rep\u00fablica Dominicana.<\/p>\n<p>Durante un encuentro celebrado en Santiago con representantes de la Asociaci\u00f3n de Comerciantes e Industriales de Santiago (ACIS), Santos Bad\u00eda explic\u00f3 que el Gobierno impulsa una propuesta de transformaci\u00f3n profunda de la educaci\u00f3n dominicana, la cual busca reestructurar el modelo actual para adaptarlo a las necesidades productivas, sociales e internacionales del pa\u00eds.<\/p>\n<p>El funcionario destac\u00f3 que, adem\u00e1s del incremento en las becas, la iniciativa contempla el fortalecimiento de carreras prioritarias y una revisi\u00f3n estructural del sistema educativo, incluyendo la posibilidad de avanzar hacia un nuevo Ministerio de Educaci\u00f3n y un nuevo modelo educativo con est\u00e1ndares internacionales.<\/p>\n<p>\u201cVamos a tener m\u00e1s de 4,000 becas, m\u00e1s carreras y una mayor apuesta por \u00e1reas human\u00edsticas que se necesitan para el desarrollo del pa\u00eds\u201d, expres\u00f3 el titular del MESCyT, al resaltar la importancia de formar profesionales con una visi\u00f3n integral.<\/p>\n<p><strong>Puedes leer:<\/strong> <a href=\"https:\/\/deultimominuto.net\/nacionales\/rd-impulsa-alianza-regional-por-el-empleo-decente-ante-la-organizacion-internacional-del-trabajo\/\" data-type=\"link\" data-id=\"https:\/\/deultimominuto.net\/nacionales\/rd-impulsa-alianza-regional-por-el-empleo-decente-ante-la-organizacion-internacional-del-trabajo\/\">RD impulsa alianza regional por el empleo decente ante la Organizaci\u00f3n Internacional del Trabajo<\/a><\/p>\n<p>Santos Bad\u00eda calific\u00f3 como \u201cmuy interesante\u201d el di\u00e1logo sostenido con la ACIS, al se\u00f1alar que se aprovech\u00f3 la oportunidad para proponerle al gremio empresarial su incorporaci\u00f3n al proceso de reforma y transformaci\u00f3n de la educaci\u00f3n dominicana, as\u00ed como su respaldo en la defensa de esta iniciativa nacional.<\/p>\n<p>En ese sentido, inform\u00f3 que durante el encuentro fue aprobado a unanimidad un manifiesto, el cual ser\u00e1 discutido en federaciones, asociaciones y provincias de todo el pa\u00eds, con el objetivo de construir una propuesta consensuada que culmine en una gran asamblea nacional, desde donde se presentar\u00e1 al pa\u00eds un planteamiento transformador sobre el futuro de la escuela dominicana.<\/p>\n<p>El ministro sostuvo que esta propuesta busca sentar las bases de una educaci\u00f3n m\u00e1s conectada con las exigencias del presente, el desarrollo econ\u00f3mico y la competitividad internacional, involucrando no solo al Estado, sino tambi\u00e9n al empresariado y a los distintos sectores sociales.<\/p>\n<p>La iniciativa forma parte de una visi\u00f3n que procura reformular el sistema educativo nacional desde sus cimientos, en momentos en que diversos sectores reclaman una educaci\u00f3n m\u00e1s moderna, funcional y alineada con las demandas del mercado laboral y la sociedad.<\/p>\n<p>\u200bSantiago.- El ministro de Educaci\u00f3n Superior, Ciencia y Tecnolog\u00eda (MESCyT), Rafael Santos Bad\u00eda, anunci\u00f3 este martes la ampliaci\u00f3n de la oferta de becas en el pa\u00eds, asegurando que m\u00e1s de 4,000 estudiantes podr\u00e1n acceder a nuevas oportunidades de formaci\u00f3n, especialmente en \u00e1reas human\u00edsticas y estrat\u00e9gicas que, seg\u00fan afirm\u00f3, son fundamentales para el desarrollo de la\u00a0\u00a0Nacionales, Mescyt\u00a0\u00a0<\/p>\n","protected":false},"excerpt":{"rendered":"<p>Santiago.- El ministro de Educaci\u00f3n Superior, Ciencia y Tecnolog\u00eda (MESCyT), Rafael Santos Bad\u00eda, anunci\u00f3 este martes la ampliaci\u00f3n de la oferta de becas en el pa\u00eds, asegurando que m\u00e1s de 4,000 estudiantes podr\u00e1n acceder a nuevas oportunidades de formaci\u00f3n, especialmente en \u00e1reas human\u00edsticas y estrat\u00e9gicas que, seg\u00fan afirm\u00f3, son fundamentales para el desarrollo de la [&hellip;]<\/p>\n","protected":false},"author":1,"featured_media":5276,"comment_status":"open","ping_status":"open","sticky":false,"template":"","format":"standard","meta":{"amp_status":"","footnotes":""},"categories":[3],"tags":[],"class_list":["post-5741","post","type-post","status-publish","format-standard","has-post-thumbnail","hentry","category-de-ultimo-minuto"],"_links":{"self":[{"href":"https:\/\/ermdigital.com\/index.php\/wp-json\/wp\/v2\/posts\/5741","targetHints":{"allow":["GET"]}}],"collection":[{"href":"https:\/\/ermdigital.com\/index.php\/wp-json\/wp\/v2\/posts"}],"about":[{"href":"https:\/\/ermdigital.com\/index.php\/wp-json\/wp\/v2\/types\/post"}],"author":[{"embeddable":true,"href":"https:\/\/ermdigital.com\/index.php\/wp-json\/wp\/v2\/users\/1"}],"replies":[{"embeddable":true,"href":"https:\/\/ermdigital.com\/index.php\/wp-json\/wp\/v2\/comments?post=5741"}],"version-history":[{"count":0,"href":"https:\/\/ermdigital.com\/index.php\/wp-json\/wp\/v2\/posts\/5741\/revisions"}],"wp:featuredmedia":[{"embeddable":true,"href":"https:\/\/ermdigital.com\/index.php\/wp-json\/wp\/v2\/media\/5276"}],"wp:attachment":[{"href":"https:\/\/ermdigital.com\/index.php\/wp-json\/wp\/v2\/media?parent=5741"}],"wp:term":[{"taxonomy":"category","embeddable":true,"href":"https:\/\/ermdigital.com\/index.php\/wp-json\/wp\/v2\/categories?post=5741"},{"taxonomy":"post_tag","embeddable":true,"href":"https:\/\/ermdigital.com\/index.php\/wp-json\/wp\/v2\/tags?post=5741"}],"curies":[{"name":"wp","href":"https:\/\/api.w.org\/{rel}","templated":true}]}}