{"id":5693,"date":"2026-03-25T10:09:28","date_gmt":"2026-03-25T14:09:28","guid":{"rendered":"https:\/\/ermdigital.com\/index.php\/2026\/03\/25\/industriales-de-la-harina-alertan-sobre-aumento-de-costos-en-pan-y-derivados\/"},"modified":"2026-03-25T10:09:28","modified_gmt":"2026-03-25T14:09:28","slug":"industriales-de-la-harina-alertan-sobre-aumento-de-costos-en-pan-y-derivados","status":"publish","type":"post","link":"https:\/\/ermdigital.com\/index.php\/2026\/03\/25\/industriales-de-la-harina-alertan-sobre-aumento-de-costos-en-pan-y-derivados\/","title":{"rendered":"Industriales de la harina alertan sobre aumento de costos en pan y derivados"},"content":{"rendered":"<p><strong>Santo Domingo.-<\/strong> La Uni\u00f3n de Medianos y Peque\u00f1os Industriales de la Harina (UMPIH) advirti\u00f3 este mi\u00e9rcoles que el incremento en los costos de producci\u00f3n y distribuci\u00f3n del pan y otros productos derivados de la harina se ha vuelto insostenible para gran parte del sector, por lo que orient\u00f3 a sus asociados a revisar sus estructuras de gastos y adoptar medidas que les permitan continuar operando.<\/p>\n<p>Durante una rueda de prensa, el presidente de la entidad, Jos\u00e9 Radham\u00e9s Bruno, explic\u00f3 que los costos de producci\u00f3n han registrado un aumento de un 40 %, situaci\u00f3n que afecta de manera directa a las empresas afiliadas, tomando en cuenta que el 99 % de estas corresponde a micro y peque\u00f1as industrias.<\/p>\n<p>Bruno precis\u00f3 que la <a href=\"https:\/\/cooproharina.coop\/umpih\/\" data-type=\"link\" data-id=\"https:\/\/cooproharina.coop\/umpih\/\" target=\"_blank\" rel=\"noopener\">UMPIH<\/a> no fija precios de los productos, sino que su papel consiste en orientar tanto a los industriales como a los consumidores sobre el impacto que han tenido las alzas en materias primas, operaciones y distribuci\u00f3n.<\/p>\n<p>\u201cNuestro rol, como representante del sector, es orientar a nuestros asociados para que revisen sus costos de producci\u00f3n, como tambi\u00e9n a nuestros consumidores para que est\u00e9n debidamente informados de que cualquier variaci\u00f3n en los precios de los productos derivados de la harina obedece a las razones expuestas en estas declaraciones\u201d, expres\u00f3 el dirigente.<\/p>\n<p><strong>Puedes leer: <\/strong><a href=\"https:\/\/deultimominuto.net\/nacionales\/rd-impulsa-alianza-regional-por-el-empleo-decente-ante-la-organizacion-internacional-del-trabajo\/\" data-type=\"link\" data-id=\"https:\/\/deultimominuto.net\/nacionales\/rd-impulsa-alianza-regional-por-el-empleo-decente-ante-la-organizacion-internacional-del-trabajo\/\">RD impulsa alianza regional por el empleo decente ante la Organizaci\u00f3n Internacional del Trabajo<\/a><\/p>\n<p>Asimismo, adelant\u00f3 que la organizaci\u00f3n convocar\u00e1 una asamblea nacional extraordinaria para abordar la situaci\u00f3n y definir acciones que permitan preservar la rentabilidad de las empresas del sector, sin que esto represente un perjuicio para los consumidores.<\/p>\n<p>La advertencia de los industriales se produce en un contexto de presi\u00f3n sobre los costos operativos, lo que podr\u00eda traducirse en ajustes en los precios de productos de consumo masivo como el pan, una de las principales fuentes de alimentaci\u00f3n de miles de familias dominicanas.<\/p>\n<p>\u200bSanto Domingo.- La Uni\u00f3n de Medianos y Peque\u00f1os Industriales de la Harina (UMPIH) advirti\u00f3 este mi\u00e9rcoles que el incremento en los costos de producci\u00f3n y distribuci\u00f3n del pan y otros productos derivados de la harina se ha vuelto insostenible para gran parte del sector, por lo que orient\u00f3 a sus asociados a revisar sus estructuras\u00a0\u00a0Nacionales, Harina\u00a0\u00a0<\/p>\n","protected":false},"excerpt":{"rendered":"<p>Santo Domingo.- La Uni\u00f3n de Medianos y Peque\u00f1os Industriales de la Harina (UMPIH) advirti\u00f3 este mi\u00e9rcoles que el incremento en los costos de producci\u00f3n y distribuci\u00f3n del pan y otros productos derivados de la harina se ha vuelto insostenible para gran parte del sector, por lo que orient\u00f3 a sus asociados a revisar sus estructuras [&hellip;]<\/p>\n","protected":false},"author":1,"featured_media":5694,"comment_status":"open","ping_status":"open","sticky":false,"template":"","format":"standard","meta":{"amp_status":"","footnotes":""},"categories":[3],"tags":[],"class_list":["post-5693","post","type-post","status-publish","format-standard","has-post-thumbnail","hentry","category-de-ultimo-minuto"],"_links":{"self":[{"href":"https:\/\/ermdigital.com\/index.php\/wp-json\/wp\/v2\/posts\/5693","targetHints":{"allow":["GET"]}}],"collection":[{"href":"https:\/\/ermdigital.com\/index.php\/wp-json\/wp\/v2\/posts"}],"about":[{"href":"https:\/\/ermdigital.com\/index.php\/wp-json\/wp\/v2\/types\/post"}],"author":[{"embeddable":true,"href":"https:\/\/ermdigital.com\/index.php\/wp-json\/wp\/v2\/users\/1"}],"replies":[{"embeddable":true,"href":"https:\/\/ermdigital.com\/index.php\/wp-json\/wp\/v2\/comments?post=5693"}],"version-history":[{"count":0,"href":"https:\/\/ermdigital.com\/index.php\/wp-json\/wp\/v2\/posts\/5693\/revisions"}],"wp:featuredmedia":[{"embeddable":true,"href":"https:\/\/ermdigital.com\/index.php\/wp-json\/wp\/v2\/media\/5694"}],"wp:attachment":[{"href":"https:\/\/ermdigital.com\/index.php\/wp-json\/wp\/v2\/media?parent=5693"}],"wp:term":[{"taxonomy":"category","embeddable":true,"href":"https:\/\/ermdigital.com\/index.php\/wp-json\/wp\/v2\/categories?post=5693"},{"taxonomy":"post_tag","embeddable":true,"href":"https:\/\/ermdigital.com\/index.php\/wp-json\/wp\/v2\/tags?post=5693"}],"curies":[{"name":"wp","href":"https:\/\/api.w.org\/{rel}","templated":true}]}}