{"id":5691,"date":"2026-03-25T10:15:49","date_gmt":"2026-03-25T14:15:49","guid":{"rendered":"https:\/\/ermdigital.com\/index.php\/2026\/03\/25\/familia-pumarol-pide-respeto-y-confirma-ingreso-en-centro-de-salud-mental\/"},"modified":"2026-03-25T10:15:49","modified_gmt":"2026-03-25T14:15:49","slug":"familia-pumarol-pide-respeto-y-confirma-ingreso-en-centro-de-salud-mental","status":"publish","type":"post","link":"https:\/\/ermdigital.com\/index.php\/2026\/03\/25\/familia-pumarol-pide-respeto-y-confirma-ingreso-en-centro-de-salud-mental\/","title":{"rendered":"Familia Pumarol pide respeto y confirma ingreso en centro de salud mental"},"content":{"rendered":"<p>Santo Domingo.\u2013 La familia Pumarol Fern\u00e1ndez emiti\u00f3 un comunicado en el que expres\u00f3 su profundo dolor tras la tragedia que ha impactado a la sociedad dominicana, al tiempo que manifest\u00f3 su solidaridad con la familia Handal.<\/p>\n<p>En el documento, firmado por Willy Pumarol y Johanna Fern\u00e1ndez, los padres indicaron que atraviesan un momento \u201cprofundamente doloroso\u201d y aseguraron que no existen palabras para describir la magnitud de lo ocurrido, afirmando que \u201ctodos somos v\u00edctimas\u201d de la tragedia.<\/p>\n<p>La familia tambi\u00e9n se refiri\u00f3 a las cr\u00edticas y se\u00f1alamientos p\u00fablicos surgidos tras el hecho, se\u00f1alando que, aunque muchas opiniones est\u00e1n basadas en conjeturas, las asumen con humildad debido a la gravedad de lo sucedido.<\/p>\n<p>Te puede interesar: <a href=\"https:\/\/deultimominuto.net\/nacionales\/madre-de-jean-andres-pumarol\/\">Madre de Jean Andr\u00e9s Pumarol afirma que su hijo estaba \u201cpsic\u00f3tico\u201d y pide que sea declarado inimputable<\/a><\/p>\n<p>En ese sentido, explicaron que su hijo, identificado como Jean Andr\u00e9, ha padecido durante nueve a\u00f1os una enfermedad mental con per\u00edodos de estabilidad y reca\u00eddas, por lo que \u2014seg\u00fan afirmaron\u2014 siempre estuvo bajo seguimiento m\u00e9dico, con atenci\u00f3n de psiquiatras y psic\u00f3logos, as\u00ed como tratamiento farmacol\u00f3gico.<\/p>\n<p>De acuerdo con el comunicado, el hecho habr\u00eda ocurrido en medio de un \u201cataque psic\u00f3tico\u201d, situaci\u00f3n que describieron como inesperada y devastadora para la familia.<\/p>\n<p>Asimismo, informaron que Jean Andr\u00e9 fue ingresado en un centro de salud mental, donde permanecer\u00e1 recibiendo el tratamiento correspondiente, como parte de las medidas para garantizar su estabilidad.<\/p>\n<p>La familia Pumarol reiter\u00f3 sus condolencias a los familiares de las v\u00edctimas, en especial a la familia Handal, y extendi\u00f3 su mensaje de solidaridad a los residentes del sector Naco y a toda la sociedad dominicana.<\/p>\n<p>Finalmente, hicieron un llamado a la poblaci\u00f3n a manejar la situaci\u00f3n con respeto, sensibilidad y prudencia, destacando que se trata de un hecho que ha dejado \u201cheridas demasiado profundas\u201d y que requiere comprensi\u00f3n, compasi\u00f3n y fe.<\/p>\n<p>\u200bSanto Domingo.\u2013 La familia Pumarol Fern\u00e1ndez emiti\u00f3 un comunicado en el que expres\u00f3 su profundo dolor tras la tragedia que ha impactado a la sociedad dominicana, al tiempo que manifest\u00f3 su solidaridad con la familia Handal. En el documento, firmado por Willy Pumarol y Johanna Fern\u00e1ndez, los padres indicaron que atraviesan un momento \u201cprofundamente doloroso\u201d\u00a0\u00a0Nacionales, Deultimominuto, ElPeri\u00f3dicodelaVerdad, Rep\u00fablica Dominicana\u00a0\u00a0<\/p>\n","protected":false},"excerpt":{"rendered":"<p>Santo Domingo.\u2013 La familia Pumarol Fern\u00e1ndez emiti\u00f3 un comunicado en el que expres\u00f3 su profundo dolor tras la tragedia que ha impactado a la sociedad dominicana, al tiempo que manifest\u00f3 su solidaridad con la familia Handal. En el documento, firmado por Willy Pumarol y Johanna Fern\u00e1ndez, los padres indicaron que atraviesan un momento \u201cprofundamente doloroso\u201d [&hellip;]<\/p>\n","protected":false},"author":1,"featured_media":5692,"comment_status":"open","ping_status":"open","sticky":false,"template":"","format":"standard","meta":{"amp_status":"","footnotes":""},"categories":[3],"tags":[],"class_list":["post-5691","post","type-post","status-publish","format-standard","has-post-thumbnail","hentry","category-de-ultimo-minuto"],"_links":{"self":[{"href":"https:\/\/ermdigital.com\/index.php\/wp-json\/wp\/v2\/posts\/5691","targetHints":{"allow":["GET"]}}],"collection":[{"href":"https:\/\/ermdigital.com\/index.php\/wp-json\/wp\/v2\/posts"}],"about":[{"href":"https:\/\/ermdigital.com\/index.php\/wp-json\/wp\/v2\/types\/post"}],"author":[{"embeddable":true,"href":"https:\/\/ermdigital.com\/index.php\/wp-json\/wp\/v2\/users\/1"}],"replies":[{"embeddable":true,"href":"https:\/\/ermdigital.com\/index.php\/wp-json\/wp\/v2\/comments?post=5691"}],"version-history":[{"count":0,"href":"https:\/\/ermdigital.com\/index.php\/wp-json\/wp\/v2\/posts\/5691\/revisions"}],"wp:featuredmedia":[{"embeddable":true,"href":"https:\/\/ermdigital.com\/index.php\/wp-json\/wp\/v2\/media\/5692"}],"wp:attachment":[{"href":"https:\/\/ermdigital.com\/index.php\/wp-json\/wp\/v2\/media?parent=5691"}],"wp:term":[{"taxonomy":"category","embeddable":true,"href":"https:\/\/ermdigital.com\/index.php\/wp-json\/wp\/v2\/categories?post=5691"},{"taxonomy":"post_tag","embeddable":true,"href":"https:\/\/ermdigital.com\/index.php\/wp-json\/wp\/v2\/tags?post=5691"}],"curies":[{"name":"wp","href":"https:\/\/api.w.org\/{rel}","templated":true}]}}