{"id":5658,"date":"2026-03-25T08:35:14","date_gmt":"2026-03-25T12:35:14","guid":{"rendered":"https:\/\/ermdigital.com\/index.php\/2026\/03\/25\/detectan-en-italia-el-primer-caso-en-europa-de-gripe-aviar-a-h9n2-en-humanos\/"},"modified":"2026-03-25T08:35:14","modified_gmt":"2026-03-25T12:35:14","slug":"detectan-en-italia-el-primer-caso-en-europa-de-gripe-aviar-a-h9n2-en-humanos","status":"publish","type":"post","link":"https:\/\/ermdigital.com\/index.php\/2026\/03\/25\/detectan-en-italia-el-primer-caso-en-europa-de-gripe-aviar-a-h9n2-en-humanos\/","title":{"rendered":"Detectan en Italia el primer caso en Europa de gripe aviar A (H9N2) en humanos"},"content":{"rendered":"<p><strong>Redacci\u00f3n.- <\/strong>El Ministerio de Sanidad de Italia inform\u00f3 este mi\u00e9rcoles de la detecci\u00f3n en la regi\u00f3n de Lombard\u00eda (norte) del primer caso de gripe aviar A (H9N2) en un ser humano que se ha documentado en Europa.<\/p>\n<p>El paciente es una persona en situaci\u00f3n de fragilidad y con patolog\u00edas previas que contrajo la infecci\u00f3n en un pa\u00eds extracomunitario antes de viajar a Italia y que se encuentra actualmente hospitalizado, seg\u00fan un comunicado oficial.<\/p>\n<p>Las autoridades sanitarias precisaron que se trata de un virus de origen animal con baja patogenicidad y que, sobre la base de la informaci\u00f3n disponible hasta la fecha, el contagio ocurre mediante la exposici\u00f3n directa a aves de corral infectadas o a ambientes y materiales contaminados.<\/p>\n<p>Asimismo, Sanidad record\u00f3 que los casos humanos detectados hasta ahora a nivel global se caracterizan por presentar una sintomatolog\u00eda leve y subray\u00f3 que \"nunca se ha notificado la transmisi\u00f3n de persona a persona\" en esta variante.<\/p>\n<p><strong>Puedes leer: <\/strong><a href=\"https:\/\/deultimominuto.net\/internacionales\/maduro-ante-tribunal-de-nueva-york-en-medio-de-batalla-legal-por-fondos-para-su-defensa\/#google_vignette\" data-type=\"link\" data-id=\"https:\/\/deultimominuto.net\/internacionales\/maduro-ante-tribunal-de-nueva-york-en-medio-de-batalla-legal-por-fondos-para-su-defensa\/#google_vignette\">Maduro ante tribunal de Nueva York en medio de batalla legal por fondos para su defensa<\/a><\/p>\n<p>Tras la identificaci\u00f3n del positivo, se han activado los protocolos ordinarios de vigilancia y prevenci\u00f3n, logrando localizar a todos los contactos estrechos del paciente para su seguimiento.<\/p>\n<p>La gripe A (H9N2) es un subtipo del <a href=\"https:\/\/deultimominuto.net\/internacionales\/espana-prohibe-la-cria\/\" data-type=\"link\" data-id=\"https:\/\/deultimominuto.net\/internacionales\/espana-prohibe-la-cria\/\">virus<\/a> de la influenza A de origen aviar.<\/p>\n<p>El Ministerio de Sanidad italiano ha coordinado la respuesta junto al Instituto Superior de Sanidad (ISS) y el grupo de expertos de laboratorio de referencia nacional, manteniendo informados a los organismos internacionales competentes.<\/p>\n<p>Las autoridades concluyeron que, por el momento, no se detectan situaciones cr\u00edticas y que la evoluci\u00f3n del escenario se monitoriza constantemente.<\/p>\n<p>\u200bRedacci\u00f3n.- El Ministerio de Sanidad de Italia inform\u00f3 este mi\u00e9rcoles de la detecci\u00f3n en la regi\u00f3n de Lombard\u00eda (norte) del primer caso de gripe aviar A (H9N2) en un ser humano que se ha documentado en Europa. El paciente es una persona en situaci\u00f3n de fragilidad y con patolog\u00edas previas que contrajo la infecci\u00f3n en\u00a0\u00a0Uncategorized\u00a0\u00a0<\/p>\n","protected":false},"excerpt":{"rendered":"<p>Redacci\u00f3n.- El Ministerio de Sanidad de Italia inform\u00f3 este mi\u00e9rcoles de la detecci\u00f3n en la regi\u00f3n de Lombard\u00eda (norte) del primer caso de gripe aviar A (H9N2) en un ser humano que se ha documentado en Europa. El paciente es una persona en situaci\u00f3n de fragilidad y con patolog\u00edas previas que contrajo la infecci\u00f3n en [&hellip;]<\/p>\n","protected":false},"author":1,"featured_media":5659,"comment_status":"open","ping_status":"open","sticky":false,"template":"","format":"standard","meta":{"amp_status":"","footnotes":""},"categories":[3],"tags":[],"class_list":["post-5658","post","type-post","status-publish","format-standard","has-post-thumbnail","hentry","category-de-ultimo-minuto"],"_links":{"self":[{"href":"https:\/\/ermdigital.com\/index.php\/wp-json\/wp\/v2\/posts\/5658","targetHints":{"allow":["GET"]}}],"collection":[{"href":"https:\/\/ermdigital.com\/index.php\/wp-json\/wp\/v2\/posts"}],"about":[{"href":"https:\/\/ermdigital.com\/index.php\/wp-json\/wp\/v2\/types\/post"}],"author":[{"embeddable":true,"href":"https:\/\/ermdigital.com\/index.php\/wp-json\/wp\/v2\/users\/1"}],"replies":[{"embeddable":true,"href":"https:\/\/ermdigital.com\/index.php\/wp-json\/wp\/v2\/comments?post=5658"}],"version-history":[{"count":0,"href":"https:\/\/ermdigital.com\/index.php\/wp-json\/wp\/v2\/posts\/5658\/revisions"}],"wp:featuredmedia":[{"embeddable":true,"href":"https:\/\/ermdigital.com\/index.php\/wp-json\/wp\/v2\/media\/5659"}],"wp:attachment":[{"href":"https:\/\/ermdigital.com\/index.php\/wp-json\/wp\/v2\/media?parent=5658"}],"wp:term":[{"taxonomy":"category","embeddable":true,"href":"https:\/\/ermdigital.com\/index.php\/wp-json\/wp\/v2\/categories?post=5658"},{"taxonomy":"post_tag","embeddable":true,"href":"https:\/\/ermdigital.com\/index.php\/wp-json\/wp\/v2\/tags?post=5658"}],"curies":[{"name":"wp","href":"https:\/\/api.w.org\/{rel}","templated":true}]}}