{"id":5653,"date":"2026-03-25T08:53:58","date_gmt":"2026-03-25T12:53:58","guid":{"rendered":"https:\/\/ermdigital.com\/index.php\/2026\/03\/25\/reabren-en-santiago-el-debate-sobre-pedro-santana-debe-seguir-en-el-panteon-nacional\/"},"modified":"2026-03-25T08:53:58","modified_gmt":"2026-03-25T12:53:58","slug":"reabren-en-santiago-el-debate-sobre-pedro-santana-debe-seguir-en-el-panteon-nacional","status":"publish","type":"post","link":"https:\/\/ermdigital.com\/index.php\/2026\/03\/25\/reabren-en-santiago-el-debate-sobre-pedro-santana-debe-seguir-en-el-panteon-nacional\/","title":{"rendered":"Reabren en Santiago el debate sobre Pedro Santana: \u00bfdebe seguir en el Pante\u00f3n Nacional?"},"content":{"rendered":"<p>Santiago.- La permanencia de los restos de Pedro Santana en el Pante\u00f3n Nacional volvi\u00f3 a generar controversia este martes en Santiago, durante un panel celebrado en el Ateneo Amantes de la Luz, donde destacados historiadores confrontaron posiciones sobre si el pol\u00e9mico personaje hist\u00f3rico debe continuar en ese espacio de honor o ser retirado.<\/p>\n<p>El debate, titulado \u201cPedro Santana: \u00bfFuera del Pante\u00f3n de la Patria y de la Historia?\u201d, se desarroll\u00f3 en el sal\u00f3n de actos \u201cProf. Federico Izquierdo\u201d, en el primer nivel del Ateneo, y reuni\u00f3 a un nutrido p\u00fablico, personalidades de la vida cultural e interesados en la memoria hist\u00f3rica dominicana.<\/p>\n<p>En la actividad participaron los historiadores Juan Daniel Balc\u00e1cer y Robert Espinal Luna, quienes expusieron posturas opuestas sobre la permanencia de Santana en el mausoleo nacional, mientras que el historiador Edwin Espinal Hern\u00e1ndez fungi\u00f3 como moderador del conversatorio.<\/p>\n<p>Te puede interesar: <a href=\"https:\/\/deultimominuto.net\/nacionales\/ito-bisono-crea-comision\/\">Ito Bison\u00f3 crea comisi\u00f3n para vigilar contrataciones del MIVHED<\/a><\/p>\n<p>Juan Daniel Balc\u00e1cer defendi\u00f3 la permanencia de los restos de Pedro Santana en el Pante\u00f3n Nacional, al considerar que no existen precedentes para exhumar figuras sepultadas all\u00ed y que la historia debe analizarse en su contexto, sin intentar borrar hechos o personajes del pasado.<\/p>\n<p>\u201cA esta altura, a los muertos hay que dejarlos descansar\u201d, expres\u00f3 Balc\u00e1cer, al sostener que el pasado debe ser valorado y comprendido desde la complejidad de su tiempo.<\/p>\n<p>El reconocido historiador explic\u00f3 que el panel fue convocado precisamente por la controversia generada en torno a la presencia de Santana en el Pante\u00f3n Nacional, con el objetivo de intercambiar pareceres y reflexionar sobre el significado hist\u00f3rico y simb\u00f3lico de ese espacio.<\/p>\n<figure class=\"wp-block-gallery has-nested-images columns-default is-cropped wp-block-gallery-1 is-layout-flex wp-block-gallery-is-layout-flex\">\n<figure class=\"wp-block-image size-large\"><img loading=\"lazy\" decoding=\"async\" width=\"1024\" height=\"683\" data-id=\"630465\" src=\"https:\/\/deultimominuto.net\/wp-content\/uploads\/2026\/03\/WhatsApp-Image-2026-03-25-at-8.45.43-AM-1024x683.jpeg\" alt=\"Reabren en Santiago el debate sobre Pedro Santana: \u00bfdebe seguir en el Pante\u00f3n Nacional? - Noticias de hoy en Rep\u00fablica Dominicana | De \u00daltimo Minuto\" class=\"wp-image-630465\" title=\"Reabren en Santiago el debate sobre Pedro Santana: \u00bfdebe seguir en el Pante\u00f3n Nacional? | 1 |\"><\/figure>\n<figure class=\"wp-block-image size-large\"><img loading=\"lazy\" decoding=\"async\" width=\"1024\" height=\"780\" data-id=\"630466\" src=\"https:\/\/deultimominuto.net\/wp-content\/uploads\/2026\/03\/WhatsApp-Image-2026-03-25-at-8.45.44-AM-1024x780.jpeg\" alt=\"Reabren en Santiago el debate sobre Pedro Santana: \u00bfdebe seguir en el Pante\u00f3n Nacional? - Noticias de hoy en Rep\u00fablica Dominicana | De \u00daltimo Minuto\" class=\"wp-image-630466\" title=\"Reabren en Santiago el debate sobre Pedro Santana: \u00bfdebe seguir en el Pante\u00f3n Nacional? | 2 |\"><\/figure>\n<\/figure>\n<p>En contraste, Robert Espinal Luna defendi\u00f3 la postura contraria, planteando que el debate no solo gira en torno a la permanencia f\u00edsica de los restos de Santana, sino tambi\u00e9n al lugar que ocupa en la narrativa hist\u00f3rica nacional.<\/p>\n<p>Espinal explic\u00f3 que el t\u00edtulo del conversatorio resume el n\u00facleo de la discusi\u00f3n: si Pedro Santana debe salir del Pante\u00f3n Nacional o si su figura debe seguir siendo reivindicada desde un espacio reservado a los grandes s\u00edmbolos patrios, pese a las controversias que lo rodean.<\/p>\n<p>Por su parte, el presidente del Ateneo Amantes de la Luz, Carlos Manuel Estrella, resalt\u00f3 el valor de haber reunido a tres reconocidos historiadores santiagueros para abordar un tema que sigue despertando pasiones, divisiones y profundas reflexiones en la sociedad dominicana.<\/p>\n<p>Estrella subray\u00f3 que esta iniciativa forma parte del aporte que realiza la instituci\u00f3n, con 151 a\u00f1os de historia, al debate de los temas trascendentales del pa\u00eds, al tiempo que destac\u00f3 la trayectoria y hoja de servicio de los panelistas en el \u00e1mbito de la historiograf\u00eda nacional.<\/p>\n<p>\u201cHemos logrado reunir a tres historiadores de Santiago con una gran hoja de servicio para debatir un tema de trascendencia como la permanencia o no de Pedro Santana en el Pante\u00f3n Nacional\u201d, manifest\u00f3.<\/p>\n<p>Durante el conversatorio, el p\u00fablico tambi\u00e9n particip\u00f3 activamente con preguntas y opiniones, en un ambiente de an\u00e1lisis cr\u00edtico que dej\u00f3 en evidencia que, m\u00e1s de un siglo despu\u00e9s de su muerte, Pedro Santana contin\u00faa siendo una de las figuras m\u00e1s pol\u00e9micas y debatidas de la historia dominicana.<\/p>\n<p>La jornada reafirm\u00f3 que el debate sobre el legado de Santana sigue abierto, no solo en los libros de historia, sino tambi\u00e9n en la conciencia colectiva de una naci\u00f3n que todav\u00eda discute a qui\u00e9nes debe honrar en sus espacios patri\u00f3ticos m\u00e1s emblem\u00e1ticos.<\/p>\n<p>\u200bSantiago.- La permanencia de los restos de Pedro Santana en el Pante\u00f3n Nacional volvi\u00f3 a generar controversia este martes en Santiago, durante un panel celebrado en el Ateneo Amantes de la Luz, donde destacados historiadores confrontaron posiciones sobre si el pol\u00e9mico personaje hist\u00f3rico debe continuar en ese espacio de honor o ser retirado. El debate,\u00a0\u00a0Estilo, Deultimominuto, ElPeri\u00f3dicodelaVerdad, Rep\u00fablica Dominicana\u00a0\u00a0<\/p>\n","protected":false},"excerpt":{"rendered":"<p>Santiago.- La permanencia de los restos de Pedro Santana en el Pante\u00f3n Nacional volvi\u00f3 a generar controversia este martes en Santiago, durante un panel celebrado en el Ateneo Amantes de la Luz, donde destacados historiadores confrontaron posiciones sobre si el pol\u00e9mico personaje hist\u00f3rico debe continuar en ese espacio de honor o ser retirado. El debate, [&hellip;]<\/p>\n","protected":false},"author":1,"featured_media":5654,"comment_status":"open","ping_status":"open","sticky":false,"template":"","format":"standard","meta":{"amp_status":"","footnotes":""},"categories":[3],"tags":[],"class_list":["post-5653","post","type-post","status-publish","format-standard","has-post-thumbnail","hentry","category-de-ultimo-minuto"],"_links":{"self":[{"href":"https:\/\/ermdigital.com\/index.php\/wp-json\/wp\/v2\/posts\/5653","targetHints":{"allow":["GET"]}}],"collection":[{"href":"https:\/\/ermdigital.com\/index.php\/wp-json\/wp\/v2\/posts"}],"about":[{"href":"https:\/\/ermdigital.com\/index.php\/wp-json\/wp\/v2\/types\/post"}],"author":[{"embeddable":true,"href":"https:\/\/ermdigital.com\/index.php\/wp-json\/wp\/v2\/users\/1"}],"replies":[{"embeddable":true,"href":"https:\/\/ermdigital.com\/index.php\/wp-json\/wp\/v2\/comments?post=5653"}],"version-history":[{"count":0,"href":"https:\/\/ermdigital.com\/index.php\/wp-json\/wp\/v2\/posts\/5653\/revisions"}],"wp:featuredmedia":[{"embeddable":true,"href":"https:\/\/ermdigital.com\/index.php\/wp-json\/wp\/v2\/media\/5654"}],"wp:attachment":[{"href":"https:\/\/ermdigital.com\/index.php\/wp-json\/wp\/v2\/media?parent=5653"}],"wp:term":[{"taxonomy":"category","embeddable":true,"href":"https:\/\/ermdigital.com\/index.php\/wp-json\/wp\/v2\/categories?post=5653"},{"taxonomy":"post_tag","embeddable":true,"href":"https:\/\/ermdigital.com\/index.php\/wp-json\/wp\/v2\/tags?post=5653"}],"curies":[{"name":"wp","href":"https:\/\/api.w.org\/{rel}","templated":true}]}}