{"id":5649,"date":"2026-03-25T09:06:45","date_gmt":"2026-03-25T13:06:45","guid":{"rendered":"https:\/\/ermdigital.com\/index.php\/2026\/03\/25\/irak-protesta-ante-ee-uu-por-ataques-aereos-que-mataron-al-menos-a-22-iraquies-en-24-horas\/"},"modified":"2026-03-25T09:06:45","modified_gmt":"2026-03-25T13:06:45","slug":"irak-protesta-ante-ee-uu-por-ataques-aereos-que-mataron-al-menos-a-22-iraquies-en-24-horas","status":"publish","type":"post","link":"https:\/\/ermdigital.com\/index.php\/2026\/03\/25\/irak-protesta-ante-ee-uu-por-ataques-aereos-que-mataron-al-menos-a-22-iraquies-en-24-horas\/","title":{"rendered":"Irak protesta ante EE.UU. por ataques a\u00e9reos que mataron al menos a 22 iraqu\u00edes en 24 horas"},"content":{"rendered":"<p><strong>Redacci\u00f3n.- <\/strong>El Gobierno iraqu\u00ed ha convocado al encargado de negocios de Estados Unidos en Irak y presentar\u00e1 una queja formal ante el Consejo de Seguridad de la ONU para protestar por los ataques a\u00e9reos atribuidos a la aviaci\u00f3n militar estadounidense, que han dejado al menos a 22 muertos en las \u00faltimas 24 horas en el oeste del pa\u00eds \u00e1rabe.<\/p>\n<p>Seg\u00fan un comunicado oficial, el primer ministro iraqu\u00ed, Mohamed Shia al Sudani, quien es tambi\u00e9n comandante general de las Fuerzas Armadas de su pa\u00eds, \"orden\u00f3 convocar al encargado de negocios de EE.UU en Irak para entregarle una nota de protesta oficial en\u00e9rgica\" al respecto.<\/p>\n<p>En esta nota \"se le subrayar\u00e1 nuestra posici\u00f3n firme e inquebrantable sobre la preservaci\u00f3n de la soberan\u00eda iraqu\u00ed, y la condena (del Gobierno iraqu\u00ed) de esas acciones irresponsables que constituyen un crimen atroz\", dijo el portavoz del Gobierno iraqu\u00ed, Sabah al Noaman en el comunicado.<\/p>\n<p>Consider\u00f3 que los ataques a\u00e9reos de los \u00faltimos d\u00edas contra bases militares iraqu\u00edes, operadas por combatientes de las Fuerzas de Movilizaci\u00f3n Popular (FMP), una aglomeraci\u00f3n de milicias chi\u00edes proiran\u00edes integradas en el Ej\u00e9rcito del pa\u00eds \u00e1rabe, \"solo generar\u00e1n m\u00e1s dificultades y obst\u00e1culos para los esfuerzos por lograr una estabilidad sostenible en la regi\u00f3n\".<\/p>\n<p>\"Tambi\u00e9n se presentar\u00e1 una queja, respaldada por pruebas, documentos y detalles, ante el Consejo de Seguridad de la ONU\".<\/p>\n<p><strong>Puedes leer:<\/strong> <a href=\"https:\/\/deultimominuto.net\/internacionales\/israel-dice-que-ha-arrojado-sobre-iran-15-000-proyectiles\/\" data-type=\"link\" data-id=\"https:\/\/deultimominuto.net\/internacionales\/israel-dice-que-ha-arrojado-sobre-iran-15-000-proyectiles\/\">Israel dice que ha arrojado sobre Ir\u00e1n 15.000 proyectiles<\/a><\/p>\n<p>Al menos siete combatientes murieron y otros trece resultaron heridos este mi\u00e9rcoles en un bombardeo a\u00e9reo contra una base militar en la que operan las FMP en la provincia iraqu\u00ed de Al Anbar (oeste), donde el martes otros 15 combatientes de esa formaci\u00f3n murieron en un ataque similar atribuido a la aviaci\u00f3n militar estadounidense.<\/p>\n<p>Esos bombardeos se han intensificado tras el inicio hace un mes de la guerra entre EE.UU, <a href=\"https:\/\/deultimominuto.net\/internacionales\/israel-dice-que-ha-arrojado-sobre-iran-15-000-proyectiles\/\" data-type=\"link\" data-id=\"https:\/\/deultimominuto.net\/internacionales\/israel-dice-que-ha-arrojado-sobre-iran-15-000-proyectiles\/\">Israel<\/a> e Ir\u00e1n, un pa\u00eds con el que simpatizan distintos grupos chi\u00edes iraqu\u00edes, varios de ellos integrantes de las FMP.<\/p>\n<p>El Gobierno iraqu\u00ed, aliado de Washington, ha insistido en varias ocasiones en que las FMP ya forman parte de las Fuerzas Armadas iraqu\u00edes, y rechazado los ataques estadounidenses contra sus bases, si bien ha denunciado tambi\u00e9n los ataques con drones y proyectiles que grupos iraqu\u00edes proiran\u00edes lanzan de cuando en cuando contra bases con presencia militar estadounidense en Irak.<\/p>\n<p>\"A pesar de todos los esfuerzos pol\u00edticos y pr\u00e1cticos de Irak para mantenerse al margen del conflicto en curso en la regi\u00f3n (&#8230;), y para detener los combates y restablecer la seguridad (&#8230;) han continuado los ataques contra nuestras unidades militares\", agreg\u00f3 el portavoz iraqu\u00ed.<\/p>\n<p>\"Nuestro gobierno y Fuerzas Armadas tienen derecho a responder por todos los medios disponibles, de conformidad con la Carta de Naciones Unidas, y no permanecer\u00e1n impasibles ante la santidad de la sangre de nuestros heroicos m\u00e1rtires\", enfatiz\u00f3.<\/p>\n<p>Tambi\u00e9n advirti\u00f3 de que adem\u00e1s de constituir \"un crimen flagrante que viola\" la soberan\u00eda iraqu\u00ed, \"esas acciones perjudican la relaci\u00f3n que une a los pueblos de Irak y EE.UU\".<\/p>\n<p>\u200bRedacci\u00f3n.- El Gobierno iraqu\u00ed ha convocado al encargado de negocios de Estados Unidos en Irak y presentar\u00e1 una queja formal ante el Consejo de Seguridad de la ONU para protestar por los ataques a\u00e9reos atribuidos a la aviaci\u00f3n militar estadounidense, que han dejado al menos a 22 muertos en las \u00faltimas 24 horas en el\u00a0\u00a0Internacionales, EE.UU., Irak\u00a0\u00a0<\/p>\n","protected":false},"excerpt":{"rendered":"<p>Redacci\u00f3n.- El Gobierno iraqu\u00ed ha convocado al encargado de negocios de Estados Unidos en Irak y presentar\u00e1 una queja formal ante el Consejo de Seguridad de la ONU para protestar por los ataques a\u00e9reos atribuidos a la aviaci\u00f3n militar estadounidense, que han dejado al menos a 22 muertos en las \u00faltimas 24 horas en el [&hellip;]<\/p>\n","protected":false},"author":1,"featured_media":5650,"comment_status":"open","ping_status":"open","sticky":false,"template":"","format":"standard","meta":{"amp_status":"","footnotes":""},"categories":[3],"tags":[],"class_list":["post-5649","post","type-post","status-publish","format-standard","has-post-thumbnail","hentry","category-de-ultimo-minuto"],"_links":{"self":[{"href":"https:\/\/ermdigital.com\/index.php\/wp-json\/wp\/v2\/posts\/5649","targetHints":{"allow":["GET"]}}],"collection":[{"href":"https:\/\/ermdigital.com\/index.php\/wp-json\/wp\/v2\/posts"}],"about":[{"href":"https:\/\/ermdigital.com\/index.php\/wp-json\/wp\/v2\/types\/post"}],"author":[{"embeddable":true,"href":"https:\/\/ermdigital.com\/index.php\/wp-json\/wp\/v2\/users\/1"}],"replies":[{"embeddable":true,"href":"https:\/\/ermdigital.com\/index.php\/wp-json\/wp\/v2\/comments?post=5649"}],"version-history":[{"count":0,"href":"https:\/\/ermdigital.com\/index.php\/wp-json\/wp\/v2\/posts\/5649\/revisions"}],"wp:featuredmedia":[{"embeddable":true,"href":"https:\/\/ermdigital.com\/index.php\/wp-json\/wp\/v2\/media\/5650"}],"wp:attachment":[{"href":"https:\/\/ermdigital.com\/index.php\/wp-json\/wp\/v2\/media?parent=5649"}],"wp:term":[{"taxonomy":"category","embeddable":true,"href":"https:\/\/ermdigital.com\/index.php\/wp-json\/wp\/v2\/categories?post=5649"},{"taxonomy":"post_tag","embeddable":true,"href":"https:\/\/ermdigital.com\/index.php\/wp-json\/wp\/v2\/tags?post=5649"}],"curies":[{"name":"wp","href":"https:\/\/api.w.org\/{rel}","templated":true}]}}