{"id":5577,"date":"2026-03-25T07:15:00","date_gmt":"2026-03-25T11:15:00","guid":{"rendered":"https:\/\/ermdigital.com\/index.php\/2026\/03\/25\/agenda-del-dia-miercoles-25-de-marzo-de-2026\/"},"modified":"2026-03-25T07:15:00","modified_gmt":"2026-03-25T11:15:00","slug":"agenda-del-dia-miercoles-25-de-marzo-de-2026","status":"publish","type":"post","link":"https:\/\/ermdigital.com\/index.php\/2026\/03\/25\/agenda-del-dia-miercoles-25-de-marzo-de-2026\/","title":{"rendered":"Agenda del d\u00eda: mi\u00e9rcoles 25 de marzo de 2026"},"content":{"rendered":"<p><strong>Santo Domingo<\/strong>.- Estas son las actividades m\u00e1s relevantes pautadas para el d\u00eda mi\u00e9rcoles 25 de\u00a0<a href=\"https:\/\/deultimominuto.net\/\">marzo\u00a0<\/a>de 2026 en las principales ciudades del territorio dominicano.<\/p>\n<h6 class=\"wp-block-heading has-text-align-center\"><strong><a href=\"https:\/\/www.youtube.com\/@deultimominutotv\" target=\"_blank\" rel=\"noreferrer noopener\">Agenda del d\u00eda:<\/a><\/strong><\/h6>\n<p><strong>10:00 a.m. Reuni\u00f3n <\/strong>del Foro de Presidentes y Presidentas de Poderes Legislativos de Centroam\u00e9rica y la Cuenca del Caribe.<strong> Lugar<\/strong>: sal\u00f3n de la Asamblea del Congreso Nacional.  <\/p>\n<p><strong>2:15 p.m. <\/strong>Acto de <strong>inauguraci\u00f3n<\/strong> de la cancha Los H\u00e9roes. <strong>Lugar<\/strong>: Prolongaci\u00f3n 27 de Febrero, frente al Residencial Rosa Mar\u00eda, Herrera.<\/p>\n<p><strong>6:00 p.m. Acto <\/strong>inaugural de la V Feria de Innovaci\u00f3n y Emprendimiento Industrial (5FIEI). <strong>Lugar<\/strong>: Parque Central de Santiago.<\/p>\n<p><strong>6:00 p.m. Ceremonia<\/strong> de Clausura del Uffest 2026. <strong>Lugar<\/strong>: Caribbean Cinemas, Downtown Center.<\/p>\n<\/p>\n<p>\u200bSanto Domingo.- Estas son las actividades m\u00e1s relevantes pautadas para el d\u00eda mi\u00e9rcoles 25 de\u00a0marzo\u00a0de 2026 en las principales ciudades del territorio dominicano. Agenda del d\u00eda: 10:00 a.m. Reuni\u00f3n del Foro de Presidentes y Presidentas de Poderes Legislativos de Centroam\u00e9rica y la Cuenca del Caribe. Lugar: sal\u00f3n de la Asamblea del Congreso Nacional. 2:15 p.m.\u00a0\u00a0Agenda del d\u00eda, Agenda del D\u00eda &#8211; De \u00daltimo Minuto\u00a0\u00a0<\/p>\n","protected":false},"excerpt":{"rendered":"<p>Santo Domingo.- Estas son las actividades m\u00e1s relevantes pautadas para el d\u00eda mi\u00e9rcoles 25 de\u00a0marzo\u00a0de 2026 en las principales ciudades del territorio dominicano. Agenda del d\u00eda: 10:00 a.m. Reuni\u00f3n del Foro de Presidentes y Presidentas de Poderes Legislativos de Centroam\u00e9rica y la Cuenca del Caribe. Lugar: sal\u00f3n de la Asamblea del Congreso Nacional. 2:15 p.m. [&hellip;]<\/p>\n","protected":false},"author":1,"featured_media":5578,"comment_status":"open","ping_status":"open","sticky":false,"template":"","format":"standard","meta":{"amp_status":"","footnotes":""},"categories":[3],"tags":[],"class_list":["post-5577","post","type-post","status-publish","format-standard","has-post-thumbnail","hentry","category-de-ultimo-minuto"],"_links":{"self":[{"href":"https:\/\/ermdigital.com\/index.php\/wp-json\/wp\/v2\/posts\/5577","targetHints":{"allow":["GET"]}}],"collection":[{"href":"https:\/\/ermdigital.com\/index.php\/wp-json\/wp\/v2\/posts"}],"about":[{"href":"https:\/\/ermdigital.com\/index.php\/wp-json\/wp\/v2\/types\/post"}],"author":[{"embeddable":true,"href":"https:\/\/ermdigital.com\/index.php\/wp-json\/wp\/v2\/users\/1"}],"replies":[{"embeddable":true,"href":"https:\/\/ermdigital.com\/index.php\/wp-json\/wp\/v2\/comments?post=5577"}],"version-history":[{"count":0,"href":"https:\/\/ermdigital.com\/index.php\/wp-json\/wp\/v2\/posts\/5577\/revisions"}],"wp:featuredmedia":[{"embeddable":true,"href":"https:\/\/ermdigital.com\/index.php\/wp-json\/wp\/v2\/media\/5578"}],"wp:attachment":[{"href":"https:\/\/ermdigital.com\/index.php\/wp-json\/wp\/v2\/media?parent=5577"}],"wp:term":[{"taxonomy":"category","embeddable":true,"href":"https:\/\/ermdigital.com\/index.php\/wp-json\/wp\/v2\/categories?post=5577"},{"taxonomy":"post_tag","embeddable":true,"href":"https:\/\/ermdigital.com\/index.php\/wp-json\/wp\/v2\/tags?post=5577"}],"curies":[{"name":"wp","href":"https:\/\/api.w.org\/{rel}","templated":true}]}}