{"id":5575,"date":"2026-03-25T07:17:56","date_gmt":"2026-03-25T11:17:56","guid":{"rendered":"https:\/\/ermdigital.com\/index.php\/2026\/03\/25\/peter-jackson-anuncia-nuevo-filme-de-el-senor-de-los-anillos-con-guion-stephen-colbert\/"},"modified":"2026-03-25T07:17:56","modified_gmt":"2026-03-25T11:17:56","slug":"peter-jackson-anuncia-nuevo-filme-de-el-senor-de-los-anillos-con-guion-stephen-colbert","status":"publish","type":"post","link":"https:\/\/ermdigital.com\/index.php\/2026\/03\/25\/peter-jackson-anuncia-nuevo-filme-de-el-senor-de-los-anillos-con-guion-stephen-colbert\/","title":{"rendered":"Peter Jackson anuncia nuevo filme de \u2018El se\u00f1or de los anillos\u2019 con gui\u00f3n Stephen Colbert"},"content":{"rendered":"<p>Redacci\u00f3n Internacional, 25 mar (EFE).- El cineasta neozeland\u00e9s Peter Jackson anunci\u00f3 este mi\u00e9rcoles el desarrollo de una nueva cinta de la saga \u2018El se\u00f1or de los anillos\u2019 (\u2018The Lord of the Rings\u2019) en la que el gui\u00f3n estar\u00e1 a cargo del presentador estadounidense Stephen Colbert y de uno de los hijos de este, Peter McGee.<\/p>\n<p>La nueva cinta, \u2018The Lord of the Rings: Shadows of the Past\u2019, seguir\u00e1 a otra que ya est\u00e1 en marcha, \u2018The Hunt for Gollum\u2019, que estar\u00e1 dirigida por Andy Serkis y prevista para 2027.<\/p>\n<p>En un v\u00eddeo difundido este mi\u00e9rcoles en las redes por la productora Warner Bros., Colbert se\u00f1al\u00f3 que se ha basado en seis de los cap\u00edtulos iniciales de la novela \u2018La comunidad del anillo\u2019 (\u2018The Fellowship of the Ring\u2019), del brit\u00e1nico J.R.R. Tolkien, que no formaron parte del primer filme de la saga.<\/p>\n<p><strong><em>Te puede interesar: <a href=\"https:\/\/deultimominuto.net\/entretenimiento\/bad-bunny-taylor-swift-rosalia-y-sabina-galardonados-en-los-premios-odeon-en-espana\/\">Bad Bunny, Taylor Swift, Rosal\u00eda y Sabina, galardonados en los Premios Ode\u00f3n en Espa\u00f1a<\/a><\/em><\/strong><\/p>\n<p>\u00abPens\u00e9: \u2018Espera, quiz\u00e1 eso podr\u00eda ser una historia independiente que encaje dentro de la historia principal. \u00bfPodr\u00edamos hacer algo que fuera totalmente fiel a los libros y, al mismo tiempo, respetara por completo las pel\u00edculas que ya se han hecho?&#8217;\u00bb, se\u00f1ala el presentador de The Late Show with Stephen Colbert, cuyo programa dejar\u00e1 de emitirse este pr\u00f3ximo mayo.<\/p>\n<p>La trama adelantada por el medio especializado Variety se\u00f1ala que 14 a\u00f1os despu\u00e9s de la muerte de Frodo, Sam, Merry y Pippin se embarcan en un viaje para revivir los primeros pasos de su aventura.<\/p>\n<p>Mientras, la hija de Sam, Elanor, ha descubierto un secreto que hab\u00eda permanecido oculto durante mucho tiempo y est\u00e1 decidida a averiguar por qu\u00e9 la Guerra del Anillo estuvo a punto de perderse antes incluso de empezar.<\/p>\n<p>Variety recuerda que no es la primera vez que Jackson y Colbert trabajar\u00e1n juntos.<\/p>\n<p>Colbert tuvo un peque\u00f1o papel en \u2018El hobbit: La desolaci\u00f3n de Smaug\u2019 (\u2018The Hobbit: The Desolation of Smaug\u2019) de 2013, y dirigi\u00f3 adem\u00e1s a Jackson y a tres estrellas de esa saga \u2013 Ian McKellen, Viggo Mortensen y Elijah Wood- en el cortometraje \u2018Darrylgorn\u2019 (2019), situado en la Tierra Media imaginada por Tolkien.<\/p>\n<p>Las pel\u00edculas de \u2018El se\u00f1or de los anillos\u2019 (\u2018The Lord of the Rings\u2019) le han valido a Jackson 17 premios \u00d3scar. Once de ellos, incluido el de mejor pel\u00edcula y mejor director, fueron por \u2018El se\u00f1or de los anillos: El retorno del rey\u2019 (\u2018The Lord of the Rings: The Return of the King\u2019), de 2003.\u00a0<\/p>\n<p>\u200bRedacci\u00f3n Internacional, 25 mar (EFE).- El cineasta neozeland\u00e9s Peter Jackson anunci\u00f3 este mi\u00e9rcoles el desarrollo de una nueva cinta de la saga \u2018El se\u00f1or de los anillos\u2019 (\u2018The Lord of the Rings\u2019) en la que el gui\u00f3n estar\u00e1 a cargo del presentador estadounidense Stephen Colbert y de uno de los hijos de este, Peter McGee.\u00a0\u00a0Entretenimiento, Deultimominuto, El Se\u00f1or de los Anillos, ElPeri\u00f3dicodelaVerdad\u00a0\u00a0<\/p>\n","protected":false},"excerpt":{"rendered":"<p>Redacci\u00f3n Internacional, 25 mar (EFE).- El cineasta neozeland\u00e9s Peter Jackson anunci\u00f3 este mi\u00e9rcoles el desarrollo de una nueva cinta de la saga \u2018El se\u00f1or de los anillos\u2019 (\u2018The Lord of the Rings\u2019) en la que el gui\u00f3n estar\u00e1 a cargo del presentador estadounidense Stephen Colbert y de uno de los hijos de este, Peter McGee. [&hellip;]<\/p>\n","protected":false},"author":1,"featured_media":5576,"comment_status":"open","ping_status":"open","sticky":false,"template":"","format":"standard","meta":{"amp_status":"","footnotes":""},"categories":[3],"tags":[],"class_list":["post-5575","post","type-post","status-publish","format-standard","has-post-thumbnail","hentry","category-de-ultimo-minuto"],"_links":{"self":[{"href":"https:\/\/ermdigital.com\/index.php\/wp-json\/wp\/v2\/posts\/5575","targetHints":{"allow":["GET"]}}],"collection":[{"href":"https:\/\/ermdigital.com\/index.php\/wp-json\/wp\/v2\/posts"}],"about":[{"href":"https:\/\/ermdigital.com\/index.php\/wp-json\/wp\/v2\/types\/post"}],"author":[{"embeddable":true,"href":"https:\/\/ermdigital.com\/index.php\/wp-json\/wp\/v2\/users\/1"}],"replies":[{"embeddable":true,"href":"https:\/\/ermdigital.com\/index.php\/wp-json\/wp\/v2\/comments?post=5575"}],"version-history":[{"count":0,"href":"https:\/\/ermdigital.com\/index.php\/wp-json\/wp\/v2\/posts\/5575\/revisions"}],"wp:featuredmedia":[{"embeddable":true,"href":"https:\/\/ermdigital.com\/index.php\/wp-json\/wp\/v2\/media\/5576"}],"wp:attachment":[{"href":"https:\/\/ermdigital.com\/index.php\/wp-json\/wp\/v2\/media?parent=5575"}],"wp:term":[{"taxonomy":"category","embeddable":true,"href":"https:\/\/ermdigital.com\/index.php\/wp-json\/wp\/v2\/categories?post=5575"},{"taxonomy":"post_tag","embeddable":true,"href":"https:\/\/ermdigital.com\/index.php\/wp-json\/wp\/v2\/tags?post=5575"}],"curies":[{"name":"wp","href":"https:\/\/api.w.org\/{rel}","templated":true}]}}