{"id":5527,"date":"2026-03-25T05:00:54","date_gmt":"2026-03-25T09:00:54","guid":{"rendered":"https:\/\/ermdigital.com\/index.php\/2026\/03\/25\/mercadona-quiso-averiguar-en-portugal-si-su-formula-de-negocio-funciona-fuera-de-espana-ya-tiene-la-respuesta\/"},"modified":"2026-03-25T05:00:54","modified_gmt":"2026-03-25T09:00:54","slug":"mercadona-quiso-averiguar-en-portugal-si-su-formula-de-negocio-funciona-fuera-de-espana-ya-tiene-la-respuesta","status":"publish","type":"post","link":"https:\/\/ermdigital.com\/index.php\/2026\/03\/25\/mercadona-quiso-averiguar-en-portugal-si-su-formula-de-negocio-funciona-fuera-de-espana-ya-tiene-la-respuesta\/","title":{"rendered":"Mercadona quiso averiguar en Portugal si su f\u00f3rmula de negocio funciona fuera de Espa\u00f1a. Ya tiene la respuesta"},"content":{"rendered":"<p>\n      <img decoding=\"async\" src=\"https:\/\/i.blogs.es\/d2763d\/portygalmercadona\/1024_2000.jpeg\" alt=\"Mercadona quiso averiguar en Portugal si su f\u00f3rmula de negocio funciona fuera de Espa\u00f1a. Ya tiene la respuesta\">\n    <\/p>\n<p>Su apuesta por <a class=\"text-outboundlink\" href=\"https:\/\/www.xataka.com\/magnet\/silenciosamente-mercadona-ha-logrado-hito-espana-hablar-marca-blanca-hacerlo-cadena-valenciana\" data-vars-post-title=\"El 50% de la marca blanca que se vende en Espa\u00f1a pertenece a una sola cadena de supermercados. Ya sabes cu\u00e1l\" data-vars-post-url=\"https:\/\/www.xataka.com\/magnet\/silenciosamente-mercadona-ha-logrado-hito-espana-hablar-marca-blanca-hacerlo-cadena-valenciana\">la marca blanca<\/a>, el surtido en corto, <a class=\"text-outboundlink\" href=\"https:\/\/www.xataka.com\/magnet\/mercadona-se-ha-convertido-gran-supermercado-espana-ahora-esta-convirtiendose-su-gran-restaurante\" data-vars-post-title=\"Con sus platos preparados, Mercadona est\u00e1 acabando con la idea de cocinar en casa. Siguiente objetivo: los restaurantes\" data-vars-post-url=\"https:\/\/www.xataka.com\/magnet\/mercadona-se-ha-convertido-gran-supermercado-espana-ahora-esta-convirtiendose-su-gran-restaurante\">los alimentos listos para comer<\/a> y la expansi\u00f3n territorial ha permitido a Mercadona hacerse con <a class=\"text-outboundlink\" href=\"https:\/\/www.xataka.com\/empresas-y-economia\/pais-entregado-a-mercadona-93-espanoles-ha-comprado-alli-este-ano\" data-vars-post-title=\"Supermercados hay muchos en Espa\u00f1a, pero solo uno logra que pr\u00e1cticamente todos los espa\u00f1oles lo visiten: Mercadona\" data-vars-post-url=\"https:\/\/www.xataka.com\/empresas-y-economia\/pais-entregado-a-mercadona-93-espanoles-ha-comprado-alli-este-ano\">casi el 30%<\/a> del mercado espa\u00f1ol, superando con creces a sus competidores del <em>retail<\/em>. Eso no es ninguna novedad. Lo que s\u00ed resulta curioso es que esa misma apuesta parece estar d\u00e1ndole buenos resultados tambi\u00e9n en Portugal, pa\u00eds en el que la cadena se estren\u00f3 en 2019 con <a rel=\"noopener, noreferrer\" href=\"https:\/\/info.mercadona.es\/es\/actualidad\/mercadona-abre-su-primera-tienda-en-portugal-\/news\">una primera tienda<\/a> en Vila Nova de Gaia.\u00a0<\/p>\n<p><!-- BREAK 1 --><\/p>\n<p>Desde entonces la compa\u00f1\u00eda valenciana no solo <a rel=\"noopener, noreferrer\" href=\"https:\/\/www.foodretail.es\/retailers\/mercadona-pisa-el-acelerador-en-portugal-y-anuncia-cinco-nuevas-aperturas-hasta-agosto.html\">ha metido sexta<\/a> en su <a rel=\"noopener, noreferrer\" href=\"https:\/\/cincodias.elpais.com\/companias\/2025-11-13\/ya-es-oficial-mercadona-abre-su-primer-supermercado-en-lisboa.html\">expansi\u00f3n<\/a> lusa, tambi\u00e9n ha ampliado su <a rel=\"noopener, noreferrer\" href=\"https:\/\/www.eleconomista.es\/retail-consumo\/noticias\/13834522\/03\/26\/la-formula-de-mercadona-triunfa-en-portugal-alcanza-el-72-de-cuota-en-solo-seis-anos-y-gana-terreno-a-lidl.html\">cuota de negocio<\/a>. Y no parece irle nada mal.<\/p>\n<p><!-- BREAK 2 --><\/p>\n<p><strong>M\u00e1s all\u00e1 de Espa\u00f1a<\/strong>. El porcentaje puede variar en funci\u00f3n del per\u00edodo o la regi\u00f3n que se analice, pero desde hace tiempo los estudios sobre <em>retail<\/em> muestran que Mercadona es (de lejos) la cadena que se lleva una mayor parte del negocio de la distribuci\u00f3n en Espa\u00f1a. En enero la consultora Nielsen present\u00f3 un informe sobre \"gran consumo\" que asigna a la cadena de Juan Roig <a rel=\"noopener, noreferrer\" href=\"https:\/\/www.foodretail.es\/retailers\/mercadona-roza-el-30-de-cuota-de-mercado-a-pesar-de-reducir-su-numero-de-tiendas.html\">el 29,5% del mercado<\/a>, bastante por encima de competidores directos como Carrefour, Lidl o DIA.<\/p>\n<p><!-- BREAK 3 --><\/p>\n<p>Esa huella se explica por una estrategia que se remonta (como m\u00ednimo) a finales de los a\u00f1os 80, cuando la compa\u00f1\u00eda valenciana <a rel=\"noopener, noreferrer\" href=\"https:\/\/info.mercadona.es\/es\/conocenos\/historia\">dio el salto a Madrid<\/a>. Al otro lado de 'la Raya' su historia es sin embargo mucho m\u00e1s reciente. Mercadona no meti\u00f3 la cabeza en el mercado portugu\u00e9s <a rel=\"noopener, noreferrer\" href=\"https:\/\/info.mercadona.es\/document\/es\/descargar-memoria.pdf\">hasta 2016<\/a>, cuando decidi\u00f3 apostar por su internacionalizaci\u00f3n, y su primera tienda en el pa\u00eds vecino es incluso m\u00e1s reciente: un s\u00faper de 18.000 m2 de Vila Nova de Gaia abierto <a rel=\"noopener, noreferrer\" href=\"https:\/\/info.mercadona.es\/es\/actualidad\/mercadona-abre-su-primera-tienda-en-portugal-\/news\">en 2019<\/a>.<\/p>\n<p><!-- BREAK 4 --><\/p>\n<div class=\"article-asset-table article-asset-normal m-hr-scroll\">\n<div class=\"asset-content\">\n<table class=\"tabla-datos\">\n<thead>\n<tr>\n<th class=\"align-left\">\n<p>Cadena<\/p>\n<\/th>\n<th class=\"align-left\">\n<p>Cuota de distribuci\u00f3n en portugal (2024)<\/p>\n<\/th>\n<th class=\"align-left\">\n<p>Cuota de distribuci\u00f3n en portugal (2025)<\/p>\n<\/th>\n<\/tr>\n<\/thead>\n<tbody>\n<tr>\n<th class=\"align-left\">\n<p>Continente<\/p>\n<\/th>\n<td class=\"align-left\">\n<p>26,6%<\/p>\n<\/td>\n<td class=\"align-left\">\n<p>27,5%<\/p>\n<\/td>\n<\/tr>\n<tr>\n<th class=\"align-left\">\n<p>Pingo Doce<\/p>\n<\/th>\n<td class=\"align-left\">\n<p>21,7%<\/p>\n<\/td>\n<td class=\"align-left\">\n<p>21,7%<\/p>\n<\/td>\n<\/tr>\n<tr>\n<th class=\"align-left\">\n<p>Lidl<\/p>\n<\/th>\n<td class=\"align-left\">\n<p>13%<\/p>\n<\/td>\n<td class=\"align-left\">\n<p>12,9%<\/p>\n<\/td>\n<\/tr>\n<tr>\n<th class=\"align-left highlight-row\">\n<p>Mercadona<\/p>\n<\/th>\n<td class=\"align-left highlight-row\">\n<p>7,0%<\/p>\n<\/td>\n<td class=\"align-left highlight-row\">\n<p>7,2%<\/p>\n<\/td>\n<\/tr>\n<tr>\n<th class=\"align-left\">\n<p>Intermarch\u00e9<\/p>\n<\/th>\n<td class=\"align-left\">\n<p>6,6%<\/p>\n<\/td>\n<td class=\"align-left\">\n<p>6,4%<\/p>\n<\/td>\n<\/tr>\n<tr>\n<th class=\"align-left\">\n<p>Auchan<\/p>\n<\/th>\n<td class=\"align-left\">\n<p>4,4%<\/p>\n<\/td>\n<td class=\"align-left\">\n<p>5,3%<\/p>\n<\/td>\n<\/tr>\n<tr>\n<th class=\"align-left\">\n<p>Aldi<\/p>\n<\/th>\n<td class=\"align-left\">\n<p>2,7%<\/p>\n<\/td>\n<td class=\"align-left\">\n<p>2,9%<\/p>\n<\/td>\n<\/tr>\n<tr>\n<th class=\"align-left\">\n<p>Minipre\u00e7o<\/p>\n<\/th>\n<td class=\"align-left\">\n<p>2,3%<\/p>\n<\/td>\n<td class=\"align-left\">\n<p>0,8%<\/p>\n<\/td>\n<\/tr>\n<tr>\n<th class=\"align-left\">\n<p>Leclerc<\/p>\n<\/th>\n<td class=\"align-left\">\n<p>0,8%<\/p>\n<\/td>\n<td class=\"align-left\">\n<p>0,8%<\/p>\n<\/td>\n<\/tr>\n<\/tbody>\n<\/table><\/div>\n<\/div>\n<p><strong>\u00bfY c\u00f3mo le va all\u00ed?<\/strong> Sab\u00edamos que la compa\u00f1\u00eda <a rel=\"noopener, noreferrer\" href=\"https:\/\/cincodias.elpais.com\/companias\/2025-11-13\/ya-es-oficial-mercadona-abre-su-primer-supermercado-en-lisboa.html\">estaba expandi\u00e9ndose<\/a> por Portugal, que en 2024 logr\u00f3 <a rel=\"noopener, noreferrer\" href=\"https:\/\/cincodias.elpais.com\/companias\/2025-03-11\/mercadona-cerro-un-2024-espectacular-con-un-beneficio-de-1384-millones-un-37-mas.html\">un resultado neto positivo<\/a> y que en 2025 su beneficio en el pa\u00eds vecino ascendi\u00f3 a <a rel=\"noopener, noreferrer\" href=\"https:\/\/www.mercadona.pt\/pt\/atualidade\/mercadona-fatura-41858e-milhoes-de-euros-mais-8-e-regista-um-lucro-de-1729-milhoes-de-euros-\/news?idCategoriaSeleccionada=1477789753378\">26 millones<\/a> de euros; lo que acabamos de descubrir es que esos datos se explican en gran medida por su cuota de negocio.\u00a0<\/p>\n<p><!-- BREAK 5 --><\/p>\n<p><em>El Economista<\/em> <a rel=\"noopener, noreferrer\" href=\"https:\/\/www.eleconomista.es\/retail-consumo\/noticias\/13834522\/03\/26\/la-formula-de-mercadona-triunfa-en-portugal-alcanza-el-72-de-cuota-en-solo-seis-anos-y-gana-terreno-a-lidl.html\">acaba de publicar<\/a> un informe de Worldpanel by Numerator (antigua Kantar) que muestra que la cadena valenciana se ha asentado en el 'TOP 5&#8242; de las firmas m\u00e1s importantes en el sector de la distribuci\u00f3n portuguesa.<\/p>\n<p><!-- BREAK 6 --><\/p>\n<p><strong>Un porcentaje: 7,2%<\/strong>. Para ser m\u00e1s precisos, en 2025 su cuota <a rel=\"noopener, noreferrer\" href=\"https:\/\/www.eleconomista.es\/retail-consumo\/noticias\/13834522\/03\/26\/la-formula-de-mercadona-triunfa-en-portugal-alcanza-el-72-de-cuota-en-solo-seis-anos-y-gana-terreno-a-lidl.html\">ascendi\u00f3 al 7,2%<\/a>, dos puntos porcentuales m\u00e1s que en 2024. Es un porcentaje muy inferior al que maneja en Espa\u00f1a, pero llama la atenci\u00f3n cuando se analiza en su contexto.\u00a0<\/p>\n<p><!-- BREAK 7 --><\/p>\n<p>Primero, porque Mercadona se ha hecho con ese hueco del 7,2% en solo un lustro, tiempo en el que ha adelantado a firmas como Intermarch\u00e9, Auchan o Aldi. Segundo, porque es ya la cuarta cadena de distribuci\u00f3n en lo que a huella de negocio se refiere. Solo la superan Lidl (12,9%) y sobre todo Pingo Doce (21,7%) y Continente (27,5%), los l\u00edderes indiscutibles del <em>retail<\/em> en el pa\u00eds vecino.<\/p>\n<p><!-- BREAK 8 --><\/p>\n<div class=\"article-asset-image article-asset-normal article-asset-center\">\n<div class=\"asset-content\">\n<p>   <img decoding=\"async\" alt=\"Pronto A Comer Mercadona Portugal\" class=\"centro_sinmarco\" src=\"https:\/\/i.blogs.es\/cdd3c8\/pronto-a-comer-mercadona-portugal\/450_1000.jpeg\"><\/p><\/div>\n<\/div>\n<p><strong>Ganando peso<\/strong>. Mercadona no solo ha aumentado su porci\u00f3n de tarta en el negocio portugu\u00e9s. Tambi\u00e9n ha expandido su huella territorial. Y de forma clara. Cuando inaugur\u00f3 su primera tienda, en el verano de 2019, la firma <a rel=\"noopener, noreferrer\" href=\"https:\/\/info.mercadona.es\/es\/actualidad\/mercadona-abre-su-primera-tienda-en-portugal-\/news\">ya avanz\u00f3<\/a> que su desembarco no inclu\u00eda solo el s\u00faper del \u00e1rea de Oporto, contemplaba tambi\u00e9n un bloque log\u00edstico, oficinas y planes de abrir otros nueve locales ese a\u00f1o.\u00a0<\/p>\n<p><!-- BREAK 9 --><\/p>\n<p>En su \u00faltima <a rel=\"noopener, noreferrer\" href=\"https:\/\/info.mercadona.es\/document\/es\/descargar-memoria.pdf\">memoria anual<\/a>, presentada hace solo unas semanas, Mercadona precisa que cerr\u00f3 2025 con 69 tiendas, 7.500 empleados y una facturaci\u00f3n de 2.092 millones de euros en Portugal, lo que contribuy\u00f3 a cerrar el ejercicio en verde. Si nada se tuerce, la empresa <a rel=\"noopener, noreferrer\" href=\"https:\/\/www.mercadona.pt\/pt\/atualidade\/mercadona-fatura-41858e-milhoes-de-euros-mais-8-e-regista-um-lucro-de-1729-milhoes-de-euros-\/news?idCategoriaSeleccionada=1477789753378\">planea<\/a> lanzar <a rel=\"noopener, noreferrer\" href=\"https:\/\/cincodias.elpais.com\/companias\/2025-11-13\/ya-es-oficial-mercadona-abre-su-primer-supermercado-en-lisboa.html\">otros cinco<\/a> s\u00faper en breve. \u00a0\u00a0\u00a0<strong>\u00a0<\/strong><strong>\u00a0<\/strong><\/p>\n<p><!-- BREAK 10 --><\/p>\n<p>\"Desde 2019 la compa\u00f1\u00eda ha invertido un total acumulado de 1.230 millones de euros y, en este segundo ejercicio en el que registr\u00f3 un resultado positivo en el pa\u00eds, alcanz\u00f3 un beneficio neto de 26 millones\", <a rel=\"noopener, noreferrer\" href=\"https:\/\/www.mercadona.pt\/pt\/atualidade\/mercadona-fatura-41858e-milhoes-de-euros-mais-8-e-regista-um-lucro-de-1729-milhoes-de-euros-\/news?idCategoriaSeleccionada=1477789753378\">explica<\/a>. Seg\u00fan sus c\u00e1lculos, acapara ya <a rel=\"noopener, noreferrer\" href=\"https:\/\/info.mercadona.es\/document\/es\/descargar-memoria.pdf\">el 3,5%<\/a> de cuota en superficie total de venta en Portugal.<\/p>\n<p><!-- BREAK 11 --><\/p>\n<div class=\"article-asset-video article-asset-normal\">\n<div class=\"asset-content\">\n<div class=\"base-asset-video\">\n<div class=\"js-dailymotion\"><\/div>\n<\/p><\/div>\n<\/p><\/div>\n<\/div>\n<p><strong>\u00bfSon todo ventajas?<\/strong> Para nada. Si Mercadona ha logrado asentar su cuota de negocio en Portugal ha sido en gran medida gracias a su inversi\u00f3n, la apertura de nuevas tiendas y la creaci\u00f3n de un <a rel=\"noopener, noreferrer\" href=\"https:\/\/info.mercadona.es\/es\/actualidad\/mercadona-invierte-290-millones-de-euros-en-su-segundo-bloque-logistico-de-portugal\/news%C3%A7\">ambicioso bloque log\u00edstico<\/a> en Santar\u00e9m. Sin embargo los datos de Worldpanel by Numerator que constatan su crecimiento reflejan tambi\u00e9n que no lo tendr\u00e1 f\u00e1cil si quiere seguir creciendo.<\/p>\n<p><!-- BREAK 12 --><\/p>\n<p>La firma valenciana tiene por delante a Lidl, pero sobre todo a <a rel=\"noopener, noreferrer\" href=\"https:\/\/www.pingodoce.pt\/?\">Pingo Doce<\/a> y <a rel=\"noopener, noreferrer\" href=\"https:\/\/www.continente.pt\/\">Continente<\/a>, dos cadenas con d\u00e9cadas de historia y una ampl\u00edsima implantaci\u00f3n en Portugal. Entre ambas suman <a rel=\"noopener, noreferrer\" href=\"https:\/\/feed.continente.pt\/lojas?_gl=1*8tgebx*_ga*MTc5MjQxMDk1OC4xNzc0MzYwMTYw*_ga_56Q9X41Z3T*czE3NzQzNjAxNTckbzEkZzAkdDE3NzQzNjAxNzQkajU2JGwwJGgxNDE4MDM1Nzc1*_gcl_au*MTc1MDA3ODExNy4xNzc0MzYwMTcw\">cientos<\/a> y <a rel=\"noopener, noreferrer\" href=\"https:\/\/feed.continente.pt\/lojas?_gl=1*8tgebx*_ga*MTc5MjQxMDk1OC4xNzc0MzYwMTYw*_ga_56Q9X41Z3T*czE3NzQzNjAxNTckbzEkZzAkdDE3NzQzNjAxNzQkajU2JGwwJGgxNDE4MDM1Nzc1*_gcl_au*MTc1MDA3ODExNy4xNzc0MzYwMTcw\">cientos<\/a> de puntos de venta repartidos por el pa\u00eds y una cuota de mercado que la antigua Kantar <a rel=\"noopener, noreferrer\" href=\"https:\/\/www.eleconomista.es\/retail-consumo\/noticias\/13834522\/03\/26\/la-formula-de-mercadona-triunfa-en-portugal-alcanza-el-72-de-cuota-en-solo-seis-anos-y-gana-terreno-a-lidl.html\">cifra en el 49,2%<\/a>.<\/p>\n<p><!-- BREAK 13 --><\/p>\n<p>Im\u00e1genes | <a rel=\"noopener, noreferrer\" href=\"https:\/\/feed.continente.pt\/lojas\/continente-bom-dia-alcacer-do-sal\">Continente<\/a> y <a rel=\"noopener, noreferrer\" href=\"https:\/\/info.mercadona.es\/es\/actualidad\/mercadona-abre-su-primera-tienda-en-portugal-\/news\">Mercadona<\/a><\/p>\n<p>V\u00eda | <a rel=\"noopener, noreferrer\" href=\"https:\/\/www.eleconomista.es\/retail-consumo\/noticias\/13834522\/03\/26\/la-formula-de-mercadona-triunfa-en-portugal-alcanza-el-72-de-cuota-en-solo-seis-anos-y-gana-terreno-a-lidl.html\">elEconomista.es<\/a><\/p>\n<p>En Xataka | <a class=\"text-outboundlink\" href=\"https:\/\/www.xataka.com\/magnet\/cada-ano-supermercados-gastan-toneladas-papel-tickets-compra-que-nadie-lee-ahora-quieren-cambiarlo\" data-vars-post-title=\"Mercadona y el resto de supermercados se han dado cuenta de algo preocupante: gastan una millonada en imprimir papel\" data-vars-post-url=\"https:\/\/www.xataka.com\/magnet\/cada-ano-supermercados-gastan-toneladas-papel-tickets-compra-que-nadie-lee-ahora-quieren-cambiarlo\">Mercadona y el resto de supermercados se han dado cuenta de algo preocupante: gastan una millonada en imprimir papel<\/a><\/p>\n<p> &#8211; <br \/> La noticia<br \/>\n      <a href=\"https:\/\/www.xataka.com\/magnet\/mercadona-quiso-averiguar-portugal-su-formula-negocio-funciona-fuera-espana-tiene-respuesta?utm_source=feedburner&amp;utm_medium=feed&amp;utm_campaign=25_Mar_2026\"><br \/>\n       <em> Mercadona quiso averiguar en Portugal si su f\u00f3rmula de negocio funciona fuera de Espa\u00f1a. Ya tiene la respuesta <\/em><br \/>\n      <\/a><br \/>\n      fue publicada originalmente en<br \/>\n      <a href=\"https:\/\/www.xataka.com\/?utm_source=feedburner&amp;utm_medium=feed&amp;utm_campaign=25_Mar_2026\"><br \/>\n       <strong> Xataka <\/strong><br \/>\n      <\/a><br \/>\n             por <a href=\"https:\/\/www.xataka.com\/autor\/carlos-prego?utm_source=feedburner&amp;utm_medium=feed&amp;utm_campaign=25_Mar_2026\"><br \/>\n        Carlos Prego<br \/>\n       <\/a><br \/>\n      . <\/p>\n<p>\u00a0Su apuesta por la marca blanca, el surtido en corto, los alimentos listos para comer y la expansi\u00f3n territorial ha permitido a Mercadona hacerse con casi el 30% del mercado espa\u00f1ol, superando con creces a sus competidores del retail. Eso no es ninguna novedad. Lo que s\u00ed resulta curioso es que esa misma apuesta parece estar d\u00e1ndole buenos resultados tambi\u00e9n en Portugal, pa\u00eds en el que la cadena se estren\u00f3 en 2019 con una primera tienda en Vila Nova de Gaia.\u00a0<\/p>\n<p>Desde entonces la compa\u00f1\u00eda valenciana no solo ha metido sexta en su expansi\u00f3n lusa, tambi\u00e9n ha ampliado su cuota de negocio. Y no parece irle nada mal.<\/p>\n<p>M\u00e1s all\u00e1 de Espa\u00f1a. El porcentaje puede variar en funci\u00f3n del per\u00edodo o la regi\u00f3n que se analice, pero desde hace tiempo los estudios sobre retail muestran que Mercadona es (de lejos) la cadena que se lleva una mayor parte del negocio de la distribuci\u00f3n en Espa\u00f1a. En enero la consultora Nielsen present\u00f3 un informe sobre \"gran consumo\" que asigna a la cadena de Juan Roig el 29,5% del mercado, bastante por encima de competidores directos como Carrefour, Lidl o DIA.<\/p>\n<p>Esa huella se explica por una estrategia que se remonta (como m\u00ednimo) a finales de los a\u00f1os 80, cuando la compa\u00f1\u00eda valenciana dio el salto a Madrid. Al otro lado de 'la Raya' su historia es sin embargo mucho m\u00e1s reciente. Mercadona no meti\u00f3 la cabeza en el mercado portugu\u00e9s hasta 2016, cuando decidi\u00f3 apostar por su internacionalizaci\u00f3n, y su primera tienda en el pa\u00eds vecino es incluso m\u00e1s reciente: un s\u00faper de 18.000 m2 de Vila Nova de Gaia abierto en 2019.<\/p>\n<p>       Cadena<\/p>\n<p>       Cuota de distribuci\u00f3n en portugal (2024)<\/p>\n<p>       Cuota de distribuci\u00f3n en portugal (2025)<\/p>\n<p>       Continente<\/p>\n<p>       26,6%<\/p>\n<p>       27,5%<\/p>\n<p>       Pingo Doce<\/p>\n<p>       21,7%<\/p>\n<p>       21,7%<\/p>\n<p>       Lidl<\/p>\n<p>       13%<\/p>\n<p>       12,9%<\/p>\n<p>       Mercadona<\/p>\n<p>       7,0%<\/p>\n<p>       7,2%<\/p>\n<p>       Intermarch\u00e9<\/p>\n<p>       6,6%<\/p>\n<p>       6,4%<\/p>\n<p>       Auchan<\/p>\n<p>       4,4%<\/p>\n<p>       5,3%<\/p>\n<p>       Aldi<\/p>\n<p>       2,7%<\/p>\n<p>       2,9%<\/p>\n<p>       Minipre\u00e7o<\/p>\n<p>       2,3%<\/p>\n<p>       0,8%<\/p>\n<p>       Leclerc<\/p>\n<p>       0,8%<\/p>\n<p>       0,8%<\/p>\n<p>\u00bfY c\u00f3mo le va all\u00ed? Sab\u00edamos que la compa\u00f1\u00eda estaba expandi\u00e9ndose por Portugal, que en 2024 logr\u00f3 un resultado neto positivo y que en 2025 su beneficio en el pa\u00eds vecino ascendi\u00f3 a 26 millones de euros; lo que acabamos de descubrir es que esos datos se explican en gran medida por su cuota de negocio.\u00a0<\/p>\n<p>El Economista acaba de publicar un informe de Worldpanel by Numerator (antigua Kantar) que muestra que la cadena valenciana se ha asentado en el 'TOP 5&#8242; de las firmas m\u00e1s importantes en el sector de la distribuci\u00f3n portuguesa.<\/p>\n<p>Un porcentaje: 7,2%. Para ser m\u00e1s precisos, en 2025 su cuota ascendi\u00f3 al 7,2%, dos puntos porcentuales m\u00e1s que en 2024. Es un porcentaje muy inferior al que maneja en Espa\u00f1a, pero llama la atenci\u00f3n cuando se analiza en su contexto.\u00a0<\/p>\n<p>Primero, porque Mercadona se ha hecho con ese hueco del 7,2% en solo un lustro, tiempo en el que ha adelantado a firmas como Intermarch\u00e9, Auchan o Aldi. Segundo, porque es ya la cuarta cadena de distribuci\u00f3n en lo que a huella de negocio se refiere. Solo la superan Lidl (12,9%) y sobre todo Pingo Doce (21,7%) y Continente (27,5%), los l\u00edderes indiscutibles del retail en el pa\u00eds vecino.<\/p>\n<p>Ganando peso. Mercadona no solo ha aumentado su porci\u00f3n de tarta en el negocio portugu\u00e9s. Tambi\u00e9n ha expandido su huella territorial. Y de forma clara. Cuando inaugur\u00f3 su primera tienda, en el verano de 2019, la firma ya avanz\u00f3 que su desembarco no inclu\u00eda solo el s\u00faper del \u00e1rea de Oporto, contemplaba tambi\u00e9n un bloque log\u00edstico, oficinas y planes de abrir otros nueve locales ese a\u00f1o.\u00a0<\/p>\n<p>En su \u00faltima memoria anual, presentada hace solo unas semanas, Mercadona precisa que cerr\u00f3 2025 con 69 tiendas, 7.500 empleados y una facturaci\u00f3n de 2.092 millones de euros en Portugal, lo que contribuy\u00f3 a cerrar el ejercicio en verde. Si nada se tuerce, la empresa planea lanzar otros cinco s\u00faper en breve. \u00a0\u00a0\u00a0\u00a0\u00a0<\/p>\n<p>\"Desde 2019 la compa\u00f1\u00eda ha invertido un total acumulado de 1.230 millones de euros y, en este segundo ejercicio en el que registr\u00f3 un resultado positivo en el pa\u00eds, alcanz\u00f3 un beneficio neto de 26 millones\", explica. Seg\u00fan sus c\u00e1lculos, acapara ya el 3,5% de cuota en superficie total de venta en Portugal.<\/p>\n<p>\u00bfSon todo ventajas? Para nada. Si Mercadona ha logrado asentar su cuota de negocio en Portugal ha sido en gran medida gracias a su inversi\u00f3n, la apertura de nuevas tiendas y la creaci\u00f3n de un ambicioso bloque log\u00edstico en Santar\u00e9m. Sin embargo los datos de Worldpanel by Numerator que constatan su crecimiento reflejan tambi\u00e9n que no lo tendr\u00e1 f\u00e1cil si quiere seguir creciendo.<\/p>\n<p>La firma valenciana tiene por delante a Lidl, pero sobre todo a Pingo Doce y Continente, dos cadenas con d\u00e9cadas de historia y una ampl\u00edsima implantaci\u00f3n en Portugal. Entre ambas suman cientos y cientos de puntos de venta repartidos por el pa\u00eds y una cuota de mercado que la antigua Kantar cifra en el 49,2%.<\/p>\n<p>Im\u00e1genes | Continente y Mercadona<\/p>\n<p>V\u00eda | elEconomista.es<\/p>\n<p>En Xataka | Mercadona y el resto de supermercados se han dado cuenta de algo preocupante: gastan una millonada en imprimir papel<\/p>\n<p>                 &#8211;  La noticia<\/p>\n<p>        Mercadona quiso averiguar en Portugal si su f\u00f3rmula de negocio funciona fuera de Espa\u00f1a. Ya tiene la respuesta <\/p>\n<p>      fue publicada originalmente en<\/p>\n<p>        Xataka <\/p>\n<p>             por<br \/>\n        Carlos Prego<\/p>\n<p>      .\u00a0\u00a0\u00a0<\/p>\n","protected":false},"excerpt":{"rendered":"<p>Su apuesta por la marca blanca, el surtido en corto, los alimentos listos para comer y la expansi\u00f3n territorial ha permitido a Mercadona hacerse con casi el 30% del mercado espa\u00f1ol, superando con creces a sus competidores del retail. Eso no es ninguna novedad. Lo que s\u00ed resulta curioso es que esa misma apuesta parece [&hellip;]<\/p>\n","protected":false},"author":1,"featured_media":5528,"comment_status":"open","ping_status":"open","sticky":false,"template":"","format":"standard","meta":{"amp_status":"","footnotes":""},"categories":[6],"tags":[],"class_list":["post-5527","post","type-post","status-publish","format-standard","has-post-thumbnail","hentry","category-ciencia-y-tecnologia"],"_links":{"self":[{"href":"https:\/\/ermdigital.com\/index.php\/wp-json\/wp\/v2\/posts\/5527","targetHints":{"allow":["GET"]}}],"collection":[{"href":"https:\/\/ermdigital.com\/index.php\/wp-json\/wp\/v2\/posts"}],"about":[{"href":"https:\/\/ermdigital.com\/index.php\/wp-json\/wp\/v2\/types\/post"}],"author":[{"embeddable":true,"href":"https:\/\/ermdigital.com\/index.php\/wp-json\/wp\/v2\/users\/1"}],"replies":[{"embeddable":true,"href":"https:\/\/ermdigital.com\/index.php\/wp-json\/wp\/v2\/comments?post=5527"}],"version-history":[{"count":0,"href":"https:\/\/ermdigital.com\/index.php\/wp-json\/wp\/v2\/posts\/5527\/revisions"}],"wp:featuredmedia":[{"embeddable":true,"href":"https:\/\/ermdigital.com\/index.php\/wp-json\/wp\/v2\/media\/5528"}],"wp:attachment":[{"href":"https:\/\/ermdigital.com\/index.php\/wp-json\/wp\/v2\/media?parent=5527"}],"wp:term":[{"taxonomy":"category","embeddable":true,"href":"https:\/\/ermdigital.com\/index.php\/wp-json\/wp\/v2\/categories?post=5527"},{"taxonomy":"post_tag","embeddable":true,"href":"https:\/\/ermdigital.com\/index.php\/wp-json\/wp\/v2\/tags?post=5527"}],"curies":[{"name":"wp","href":"https:\/\/api.w.org\/{rel}","templated":true}]}}