{"id":5515,"date":"2026-03-25T03:30:54","date_gmt":"2026-03-25T07:30:54","guid":{"rendered":"https:\/\/ermdigital.com\/index.php\/2026\/03\/25\/la-nasa-ha-puesto-a-un-espanol-al-frente-del-proyecto-de-su-futura-base-lunar-el-malagueno-carlos-garcia-galan\/"},"modified":"2026-03-25T03:30:54","modified_gmt":"2026-03-25T07:30:54","slug":"la-nasa-ha-puesto-a-un-espanol-al-frente-del-proyecto-de-su-futura-base-lunar-el-malagueno-carlos-garcia-galan","status":"publish","type":"post","link":"https:\/\/ermdigital.com\/index.php\/2026\/03\/25\/la-nasa-ha-puesto-a-un-espanol-al-frente-del-proyecto-de-su-futura-base-lunar-el-malagueno-carlos-garcia-galan\/","title":{"rendered":"La NASA ha puesto a un espa\u00f1ol al frente del proyecto de su futura base lunar: el malague\u00f1o Carlos Garc\u00eda-Gal\u00e1n"},"content":{"rendered":"<p>\n      <img decoding=\"async\" src=\"https:\/\/i.blogs.es\/615cc2\/-carlos-garcia-galan-base-1\/1024_2000.jpeg\" alt=\"La NASA ha puesto a un espa\u00f1ol al frente del proyecto de su futura base lunar: el malague\u00f1o Carlos Garc\u00eda-Gal\u00e1n\">\n    <\/p>\n<p>Vestido con americana, camisa celeste y corbata dorada, <strong>Carlos Garc\u00eda-Gal\u00e1n<\/strong> no ocupaba una silla m\u00e1s en la conferencia de la NASA celebrada en Washington. Escoltado por el administrador <a class=\"text-outboundlink\" href=\"https:\/\/www.xataka.com\/espacio\/nasa-cambia-manos-plena-carrera-espacial-china-jared-isaacman-confirmado-como-nuevo-director-agencia\" data-vars-post-title=\"En pleno aumento de la tensi\u00f3n y de la competitividad con China, la NASA ha tomado una decisi\u00f3n: cambiar de jefe\" data-vars-post-url=\"https:\/\/www.xataka.com\/espacio\/nasa-cambia-manos-plena-carrera-espacial-china-jared-isaacman-confirmado-como-nuevo-director-agencia\">Jared Isaacman<\/a> y otros responsables de primer nivel, el ingeniero malague\u00f1o interven\u00eda ante la prensa en plena presentaci\u00f3n del nuevo giro lunar de la agencia. Su presencia en ese momento lo situaba en primer plano dentro de una hoja de ruta que redefine las prioridades de la NASA en la Luna.<\/p>\n<p><!-- BREAK 1 --><\/p>\n<p>El contexto de esa escena ayuda a entender su relevancia. Horas antes,<a class=\"text-outboundlink\" href=\"https:\/\/www.xataka.com\/espacio\/nasa-ha-cambiado-radicalmente-sus-planes-luna-apuestan-colonizarla-antes-2030\" data-vars-post-title=\"La NASA ha cambiado radicalmente sus planes con la Luna: apuestan por colonizarla antes de 2030 \" data-vars-post-url=\"https:\/\/www.xataka.com\/espacio\/nasa-ha-cambiado-radicalmente-sus-planes-luna-apuestan-colonizarla-antes-2030\">Isaacman hab\u00eda presentado<\/a> una hoja de ruta que cambia el foco de la agencia. Ya no se trata solo de regresar a la Luna, sino de establecer una presencia sostenida en su superficie. La propuesta pasa por desplegar en tres fases los elementos iniciales de una base lunar permanente, con infraestructuras estables y una l\u00f3gica m\u00e1s industrial que experimental.<\/p>\n<p><!-- BREAK 2 --><\/p>\n<h2><strong>El malague\u00f1o que ahora pilota el programa Moon Base<\/strong><\/h2>\n<p>Ese cambio de rumbo tambi\u00e9n redefine el papel de quienes deben ejecutarlo. En ese contexto aparece Garc\u00eda-Gal\u00e1n, cuyo cargo oficial dentro de la NASA es <a rel=\"noopener, noreferrer\" href=\"https:\/\/science.nasa.gov\/astrophysics\/programs\/physics-of-the-cosmos\/community\/nasa-to-provide-update-on-implementation-of-national-space-policy\/#:~:text=Carlos%20Garcia-Galan%2C%20program%20executive%2C%20Moon%20Base\">\u201cprogram executive\u201d en la base lunar<\/a>. Se trata de un puesto de gesti\u00f3n de alto nivel, encargado de <strong>coordinar y orientar<\/strong> el desarrollo del programa, no de un rol operativo sobre el terreno. Su funci\u00f3n ser\u00e1 liderar el proyecto desde la estructura de la agencia, no dirigir una instalaci\u00f3n en la superficie lunar.<\/p>\n<div class=\"article-asset-video article-asset-normal\">\n<div class=\"asset-content\">\n<div class=\"base-asset-video\">\n<div class=\"js-dailymotion\"><\/div>\n<\/p><\/div>\n<\/p><\/div>\n<\/div>\n<p>Garc\u00eda-Gal\u00e1n, recordemos no es un reci\u00e9n llegado, sino un ingeniero que ha desarrollado su carrera dentro de la NASA y <a rel=\"noopener, noreferrer\" href=\"https:\/\/www.nasa.gov\/people\/carlos-garcia-galan\/\">ha ido asumiendo responsabilidades<\/a> durante a\u00f1os hasta llegar a este punto. Su presencia en el anuncio est\u00e1 ligada a esa trayectoria, que ahora lo sit\u00faa en una de las grandes apuestas de la agencia espacial estadounidense en esta etapa.<\/p>\n<p><!-- BREAK 3 --><\/p>\n<div class=\"article-asset-image article-asset-normal article-asset-center\">\n<div class=\"asset-content\">\n<p>   <img decoding=\"async\" alt=\"Garcia Galan2\" class=\"centro_sinmarco\" src=\"https:\/\/i.blogs.es\/538161\/garcia-galan2\/450_1000.jpeg\"><\/p><\/div>\n<\/div>\n<p>Su trayectoria dentro de la NASA ayuda a entender por qu\u00e9 ha llegado hasta aqu\u00ed. Antes de este nombramiento, Garc\u00eda-Gal\u00e1n, <a rel=\"noopener, noreferrer\" href=\"https:\/\/www.linkedin.com\/in\/carlos-garcia-galan-b212a412\/\">seg\u00fan LinkedIn<\/a>, ocupaba el cargo de \u201cdeputy manager\u201d del programa Gateway, hasta ahora una pieza relevante en la arquitectura lunar de la agencia. Con m\u00e1s de<strong> 27 a\u00f1os de experiencia<\/strong> en vuelos espaciales tripulados, ha trabajado en el dise\u00f1o, integraci\u00f3n y operaci\u00f3n de sistemas complejos, participando en programas como la Estaci\u00f3n Espacial Internacional y la nave Orion.<\/p>\n<p><!-- BREAK 4 --><\/p>\n<p>Su experiencia en Gateway tambi\u00e9n ayuda a entender este nombramiento. En aquel programa, Garc\u00eda-Gal\u00e1n <a rel=\"noopener, noreferrer\" href=\"https:\/\/www.nasa.gov\/people\/carlos-garcia-galan\/\">estaba implicado en<\/a> tareas de integraci\u00f3n y gesti\u00f3n dentro de un entorno con m\u00faltiples socios y componentes. El nuevo enfoque hacia una base lunar exige precisamente esa capacidad de ordenar piezas diversas, desde misiones hasta infraestructuras, algo que encaja con el perfil que ha desarrollado dentro de la agencia en los \u00faltimos a\u00f1os.<\/p>\n<div class=\"article-asset article-asset-normal article-asset-center\">\n<div class=\"desvio-container\">\n<div class=\"desvio\">\n<div class=\"desvio-figure js-desvio-figure\">\n    <a href=\"https:\/\/www.xataka.com\/medicina-y-salud\/tres-hallazgos-sangre-astronautas-han-encendido-todas-alarmas-ir-a-marte-sera-peligroso-previsto\" class=\"pivot-outboundlink\" data-vars-post-title=\"Tenemos un grave problema en nuestros planes para colonizar Marte: la sangre de los astronautas est\u00e1 mutando\"><br \/>\n     <img loading=\"lazy\" decoding=\"async\" alt=\"Tenemos un grave problema en nuestros planes para colonizar Marte: la sangre de los astronautas est\u00e1 mutando\" width=\"375\" height=\"142\" src=\"https:\/\/i.blogs.es\/53c2eb\/bradley-dunn-amf7lbfzlj0-unsplash\/375_142.jpeg\"><br \/>\n    <\/a>\n   <\/div>\n<div class=\"desvio-summary\">\n<div class=\"desvio-taxonomy js-desvio-taxonomy\">\n     <a href=\"https:\/\/www.xataka.com\/medicina-y-salud\/tres-hallazgos-sangre-astronautas-han-encendido-todas-alarmas-ir-a-marte-sera-peligroso-previsto\" class=\"desvio-taxonomy-anchor pivot-outboundlink\" data-vars-post-title=\"Tenemos un grave problema en nuestros planes para colonizar Marte: la sangre de los astronautas est\u00e1 mutando\">En Xataka<\/a>\n    <\/div>\n<p>    <a href=\"https:\/\/www.xataka.com\/medicina-y-salud\/tres-hallazgos-sangre-astronautas-han-encendido-todas-alarmas-ir-a-marte-sera-peligroso-previsto\" class=\"desvio-title js-desvio-title pivot-outboundlink\" data-vars-post-title=\"Tenemos un grave problema en nuestros planes para colonizar Marte: la sangre de los astronautas est\u00e1 mutando\">Tenemos un grave problema en nuestros planes para colonizar Marte: la sangre de los astronautas est\u00e1 mutando<\/a>\n   <\/div>\n<\/p><\/div>\n<\/p><\/div>\n<\/div>\n<p>El programa que ahora supervisar\u00e1 se articula en varias fases con un objetivo com\u00fan: establecer una presencia sostenida en la superficie lunar. La NASA plantea una secuencia de misiones que ir\u00e1n<strong> desplegando infraestructuras<\/strong>, desde sistemas de movilidad y energ\u00eda hasta redes de comunicaciones y h\u00e1bitats. La idea es avanzar de forma progresiva hacia una base capaz de sostener estancias humanas de mayor duraci\u00f3n.<\/p>\n<p><!-- BREAK 5 --><\/p>\n<p>Im\u00e1genes | NASA (<a rel=\"noopener, noreferrer\" href=\"https:\/\/www.youtube.com\/live\/LZea4h8zxLY?si=eCWqD63ofQKB_enQ&amp;t=3025\">1<\/a>, <a rel=\"noopener, noreferrer\" href=\"https:\/\/pbs.twimg.com\/media\/HEL2ksEXwAA5jSC?format=jpg&amp;name=4096x4096\">2<\/a>, <a rel=\"noopener, noreferrer\" href=\"https:\/\/www.nasa.gov\/wp-content\/uploads\/2023\/10\/bc21247-.jpg\">3<\/a>)<\/p>\n<p>En Xataka | <a class=\"text-outboundlink\" href=\"https:\/\/www.xataka.com\/robotica-e-ia\/elon-musk-suele-prometer-cosas-imposibles-como-terafab-problema-que-a-veces-consigue-convertir-realidad\" data-vars-post-title=\"Elon Musk sabe que TSMC est\u00e1 desbordada: Terafab es su idea para cambiar por completo la industria global de chips\" data-vars-post-url=\"https:\/\/www.xataka.com\/robotica-e-ia\/elon-musk-suele-prometer-cosas-imposibles-como-terafab-problema-que-a-veces-consigue-convertir-realidad\">Elon Musk sabe que TSMC est\u00e1 desbordada: Terafab es su idea para cambiar por completo la industria global de chips<\/a><\/p>\n<p> &#8211; <br \/> La noticia<br \/>\n      <a href=\"https:\/\/www.xataka.com\/espacio\/nasa-ha-puesto-a-espanol-al-frente-proyecto-su-futura-base-lunar-malagueno-carlos-garcia-galan?utm_source=feedburner&amp;utm_medium=feed&amp;utm_campaign=25_Mar_2026\"><br \/>\n       <em> La NASA ha puesto a un espa\u00f1ol al frente del proyecto de su futura base lunar: el malague\u00f1o Carlos Garc\u00eda-Gal\u00e1n <\/em><br \/>\n      <\/a><br \/>\n      fue publicada originalmente en<br \/>\n      <a href=\"https:\/\/www.xataka.com\/?utm_source=feedburner&amp;utm_medium=feed&amp;utm_campaign=25_Mar_2026\"><br \/>\n       <strong> Xataka <\/strong><br \/>\n      <\/a><br \/>\n             por <a href=\"https:\/\/www.xataka.com\/autor\/javier-marquez?utm_source=feedburner&amp;utm_medium=feed&amp;utm_campaign=25_Mar_2026\"><br \/>\n        Javier Marquez<br \/>\n       <\/a><br \/>\n      . <\/p>\n<p>\u00a0Vestido con americana, camisa celeste y corbata dorada, Carlos Garc\u00eda-Gal\u00e1n no ocupaba una silla m\u00e1s en la conferencia de la NASA celebrada en Washington. Escoltado por el administrador Jared Isaacman y otros responsables de primer nivel, el ingeniero malague\u00f1o interven\u00eda ante la prensa en plena presentaci\u00f3n del nuevo giro lunar de la agencia. Su presencia en ese momento lo situaba en primer plano dentro de una hoja de ruta que redefine las prioridades de la NASA en la Luna.<\/p>\n<p>El contexto de esa escena ayuda a entender su relevancia. Horas antes,Isaacman hab\u00eda presentado una hoja de ruta que cambia el foco de la agencia. Ya no se trata solo de regresar a la Luna, sino de establecer una presencia sostenida en su superficie. La propuesta pasa por desplegar en tres fases los elementos iniciales de una base lunar permanente, con infraestructuras estables y una l\u00f3gica m\u00e1s industrial que experimental.<\/p>\n<p>El malague\u00f1o que ahora pilota el programa Moon BaseEse cambio de rumbo tambi\u00e9n redefine el papel de quienes deben ejecutarlo. En ese contexto aparece Garc\u00eda-Gal\u00e1n, cuyo cargo oficial dentro de la NASA es \u201cprogram executive\u201d en la base lunar. Se trata de un puesto de gesti\u00f3n de alto nivel, encargado de coordinar y orientar el desarrollo del programa, no de un rol operativo sobre el terreno. Su funci\u00f3n ser\u00e1 liderar el proyecto desde la estructura de la agencia, no dirigir una instalaci\u00f3n en la superficie lunar.<\/p>\n<p>Garc\u00eda-Gal\u00e1n, recordemos no es un reci\u00e9n llegado, sino un ingeniero que ha desarrollado su carrera dentro de la NASA y ha ido asumiendo responsabilidades durante a\u00f1os hasta llegar a este punto. Su presencia en el anuncio est\u00e1 ligada a esa trayectoria, que ahora lo sit\u00faa en una de las grandes apuestas de la agencia espacial estadounidense en esta etapa.<\/p>\n<p>Su trayectoria dentro de la NASA ayuda a entender por qu\u00e9 ha llegado hasta aqu\u00ed. Antes de este nombramiento, Garc\u00eda-Gal\u00e1n, seg\u00fan LinkedIn, ocupaba el cargo de \u201cdeputy manager\u201d del programa Gateway, hasta ahora una pieza relevante en la arquitectura lunar de la agencia. Con m\u00e1s de 27 a\u00f1os de experiencia en vuelos espaciales tripulados, ha trabajado en el dise\u00f1o, integraci\u00f3n y operaci\u00f3n de sistemas complejos, participando en programas como la Estaci\u00f3n Espacial Internacional y la nave Orion.<br \/>\nSu experiencia en Gateway tambi\u00e9n ayuda a entender este nombramiento. En aquel programa, Garc\u00eda-Gal\u00e1n estaba implicado en tareas de integraci\u00f3n y gesti\u00f3n dentro de un entorno con m\u00faltiples socios y componentes. El nuevo enfoque hacia una base lunar exige precisamente esa capacidad de ordenar piezas diversas, desde misiones hasta infraestructuras, algo que encaja con el perfil que ha desarrollado dentro de la agencia en los \u00faltimos a\u00f1os.<\/p>\n<p>     En Xataka<\/p>\n<p>    Tenemos un grave problema en nuestros planes para colonizar Marte: la sangre de los astronautas est\u00e1 mutando<\/p>\n<p>El programa que ahora supervisar\u00e1 se articula en varias fases con un objetivo com\u00fan: establecer una presencia sostenida en la superficie lunar. La NASA plantea una secuencia de misiones que ir\u00e1n desplegando infraestructuras, desde sistemas de movilidad y energ\u00eda hasta redes de comunicaciones y h\u00e1bitats. La idea es avanzar de forma progresiva hacia una base capaz de sostener estancias humanas de mayor duraci\u00f3n.<\/p>\n<p>Im\u00e1genes | NASA (1, 2, 3)<\/p>\n<p>En Xataka | Elon Musk sabe que TSMC est\u00e1 desbordada: Terafab es su idea para cambiar por completo la industria global de chips<\/p>\n<p>                 &#8211;  La noticia<\/p>\n<p>        La NASA ha puesto a un espa\u00f1ol al frente del proyecto de su futura base lunar: el malague\u00f1o Carlos Garc\u00eda-Gal\u00e1n <\/p>\n<p>      fue publicada originalmente en<\/p>\n<p>        Xataka <\/p>\n<p>             por<br \/>\n        Javier Marquez<\/p>\n<p>      .\u00a0\u00a0\u00a0<\/p>\n","protected":false},"excerpt":{"rendered":"<p>Vestido con americana, camisa celeste y corbata dorada, Carlos Garc\u00eda-Gal\u00e1n no ocupaba una silla m\u00e1s en la conferencia de la NASA celebrada en Washington. Escoltado por el administrador Jared Isaacman y otros responsables de primer nivel, el ingeniero malague\u00f1o interven\u00eda ante la prensa en plena presentaci\u00f3n del nuevo giro lunar de la agencia. Su presencia [&hellip;]<\/p>\n","protected":false},"author":1,"featured_media":5516,"comment_status":"open","ping_status":"open","sticky":false,"template":"","format":"standard","meta":{"amp_status":"","footnotes":""},"categories":[6],"tags":[],"class_list":["post-5515","post","type-post","status-publish","format-standard","has-post-thumbnail","hentry","category-ciencia-y-tecnologia"],"_links":{"self":[{"href":"https:\/\/ermdigital.com\/index.php\/wp-json\/wp\/v2\/posts\/5515","targetHints":{"allow":["GET"]}}],"collection":[{"href":"https:\/\/ermdigital.com\/index.php\/wp-json\/wp\/v2\/posts"}],"about":[{"href":"https:\/\/ermdigital.com\/index.php\/wp-json\/wp\/v2\/types\/post"}],"author":[{"embeddable":true,"href":"https:\/\/ermdigital.com\/index.php\/wp-json\/wp\/v2\/users\/1"}],"replies":[{"embeddable":true,"href":"https:\/\/ermdigital.com\/index.php\/wp-json\/wp\/v2\/comments?post=5515"}],"version-history":[{"count":0,"href":"https:\/\/ermdigital.com\/index.php\/wp-json\/wp\/v2\/posts\/5515\/revisions"}],"wp:featuredmedia":[{"embeddable":true,"href":"https:\/\/ermdigital.com\/index.php\/wp-json\/wp\/v2\/media\/5516"}],"wp:attachment":[{"href":"https:\/\/ermdigital.com\/index.php\/wp-json\/wp\/v2\/media?parent=5515"}],"wp:term":[{"taxonomy":"category","embeddable":true,"href":"https:\/\/ermdigital.com\/index.php\/wp-json\/wp\/v2\/categories?post=5515"},{"taxonomy":"post_tag","embeddable":true,"href":"https:\/\/ermdigital.com\/index.php\/wp-json\/wp\/v2\/tags?post=5515"}],"curies":[{"name":"wp","href":"https:\/\/api.w.org\/{rel}","templated":true}]}}