{"id":5495,"date":"2026-03-25T03:00:54","date_gmt":"2026-03-25T07:00:54","guid":{"rendered":"https:\/\/ermdigital.com\/index.php\/2026\/03\/25\/llevamos-toda-la-vida-culpando-a-la-primavera-de-nuestro-cansancio-la-ciencia-acaba-de-demostrar-que-hemos-vivido-enganados\/"},"modified":"2026-03-25T03:00:54","modified_gmt":"2026-03-25T07:00:54","slug":"llevamos-toda-la-vida-culpando-a-la-primavera-de-nuestro-cansancio-la-ciencia-acaba-de-demostrar-que-hemos-vivido-enganados","status":"publish","type":"post","link":"https:\/\/ermdigital.com\/index.php\/2026\/03\/25\/llevamos-toda-la-vida-culpando-a-la-primavera-de-nuestro-cansancio-la-ciencia-acaba-de-demostrar-que-hemos-vivido-enganados\/","title":{"rendered":"Llevamos toda la vida culpando a la primavera de nuestro cansancio. La ciencia acaba de demostrar que hemos vivido enga\u00f1ados"},"content":{"rendered":"<p>\n      <img decoding=\"async\" src=\"https:\/\/i.blogs.es\/2da666\/astenia-cansancio\/1024_2000.jpeg\" alt=\"Llevamos toda la vida culpando a la primavera de nuestro cansancio. La ciencia acaba de demostrar que hemos vivido enga\u00f1ados\">\n    <\/p>\n<p>Llega marzo, los d\u00edas se alargan, <a class=\"text-outboundlink\" href=\"https:\/\/www.xataka.com\/ecologia-y-naturaleza\/matematicas-confirman-que-todos-sospechabamos-records-calor-espana-se-han-duplicado\" data-vars-post-title=\"No son imaginaciones tuyas, son datos: cada verano en Espa\u00f1a se alcanzan temperaturas mucho m\u00e1s altas que anta\u00f1o\" data-vars-post-url=\"https:\/\/www.xataka.com\/ecologia-y-naturaleza\/matematicas-confirman-que-todos-sospechabamos-records-calor-espana-se-han-duplicado\">suben las temperaturas<\/a> y de repente nuestro cuerpo comienza a llenarse de una <a class=\"text-outboundlink\" href=\"https:\/\/www.xataka.com\/medicina-y-salud\/uno-mayores-errores-que-estamos-cometiendo-como-sociedad-asumir-que-vivir-cansados-algo-normal\" data-vars-post-title=\"Uno de los mayores errores que estamos cometiendo como sociedad es asumir que vivir cansados es algo normal\" data-vars-post-url=\"https:\/\/www.xataka.com\/medicina-y-salud\/uno-mayores-errores-que-estamos-cometiendo-como-sociedad-asumir-que-vivir-cansados-algo-normal\">sensaci\u00f3n de cansancio<\/a>, apat\u00eda y somnolencia que se apodera de nosotros. Tradicionalmente, esto es considerado como '<a rel=\"noopener, noreferrer\" href=\"https:\/\/www.sanitas.es\/biblioteca-de-salud\/psicologia-psiquiatria\/estres-ansiedad\/astenia-primaveral-sintomas\">astenia primaveral'<\/a>, y las personas, como es l\u00f3gico, no paran de buscar sus s\u00edntomas en internet y de comprar caros complejos vitam\u00ednicos para poder compensar la mala sensaci\u00f3n que deja el cambio de estaci\u00f3n. Pero&#8230; \u00bfQu\u00e9 hay de cierto en todo esto?\u00a0<\/p>\n<p><!-- BREAK 1 --><\/p>\n<p><strong>Un cambio de paradigma. <\/strong>Hasta hace poco, la evidencia sobre este fen\u00f3meno era escasa y contradictoria; sin embargo, <a rel=\"noopener, noreferrer\" href=\"https:\/\/onlinelibrary.wiley.com\/doi\/10.1111\/jsr.70319\">una investigaci\u00f3n clave<\/a> publicada en el <em>Journal of Sleep Research<\/em> de manera reciente ha venido a arrojar luz sobre el asunto.<\/p>\n<p>La investigaci\u00f3n, liderada por la Dra. Christine Blume del Centro de Cronobiolog\u00eda del Hospital Universitario Psiqui\u00e1trico de Basilea, sigui\u00f3 a 418 adultos de Alemania, Suiza y Austria durante m\u00e1s de un a\u00f1o, desde abril de 2024 hasta septiembre de 2025. Cada seis semanas, los participantes respond\u00edan cuestionarios sobre fatiga, somnolencia, insomnio y calidad del sue\u00f1o, y al terminar la investigaci\u00f3n solo hab\u00eda que cruzar informaci\u00f3n para determinar si de verdad exist\u00eda alg\u00fan patr\u00f3n que interfer\u00eda con nuestra salud.\u00a0<\/p>\n<p><!-- BREAK 2 --><\/p>\n<div class=\"article-asset article-asset-normal article-asset-center\">\n<div class=\"desvio-container\">\n<div class=\"desvio\">\n<div class=\"desvio-figure js-desvio-figure\">\n    <a href=\"https:\/\/www.xataka.com\/medicina-y-salud\/primera-hora-despertar-valiosa-que-cualquier-cafe-potente-clave-no-dormir-bien-despertarse-correctamente\" class=\"pivot-outboundlink\" data-vars-post-title=\"Pens\u00e1bamos que el cortisol era el mayor enemigo del sue\u00f1o: en realidad es la clave para que tu cuerpo rinda mejor durante el d\u00eda\"><br \/>\n     <img loading=\"lazy\" decoding=\"async\" alt=\"Pens\u00e1bamos que el cortisol era el mayor enemigo del sue\u00f1o: en realidad es la clave para que tu cuerpo rinda mejor durante el d\u00eda\" width=\"375\" height=\"142\" src=\"https:\/\/i.blogs.es\/019555\/adrian-swancar-rocfgvkblvy-unsplash\/375_142.jpeg\"><br \/>\n    <\/a>\n   <\/div>\n<div class=\"desvio-summary\">\n<div class=\"desvio-taxonomy js-desvio-taxonomy\">\n     <a href=\"https:\/\/www.xataka.com\/medicina-y-salud\/primera-hora-despertar-valiosa-que-cualquier-cafe-potente-clave-no-dormir-bien-despertarse-correctamente\" class=\"desvio-taxonomy-anchor pivot-outboundlink\" data-vars-post-title=\"Pens\u00e1bamos que el cortisol era el mayor enemigo del sue\u00f1o: en realidad es la clave para que tu cuerpo rinda mejor durante el d\u00eda\">En Xataka<\/a>\n    <\/div>\n<p>    <a href=\"https:\/\/www.xataka.com\/medicina-y-salud\/primera-hora-despertar-valiosa-que-cualquier-cafe-potente-clave-no-dormir-bien-despertarse-correctamente\" class=\"desvio-title js-desvio-title pivot-outboundlink\" data-vars-post-title=\"Pens\u00e1bamos que el cortisol era el mayor enemigo del sue\u00f1o: en realidad es la clave para que tu cuerpo rinda mejor durante el d\u00eda\">Pens\u00e1bamos que el cortisol era el mayor enemigo del sue\u00f1o: en realidad es la clave para que tu cuerpo rinda mejor durante el d\u00eda<\/a>\n   <\/div>\n<\/p><\/div>\n<\/p><\/div>\n<\/div>\n<p><strong>Los resultados. <\/strong>Aqu\u00ed lo que se vio es que <a rel=\"noopener, noreferrer\" href=\"https:\/\/www.vol.at\/study-investigates-spring-fatigue\/10037495\">un contundente 47%<\/a> de los participantes afirmaba sufrir \"astenia primaveral\", pero la realidad es que al cruzar la informaci\u00f3n no hubo absolutamente ninguna variaci\u00f3n estacional ni mensual en los niveles de fatiga, somnolencia diurna o calidad del sue\u00f1o. Y es que estad\u00edsticamente el cansancio que la gente siente en primavera es estad\u00edsticamente id\u00e9ntico al que siente en oto\u00f1o o en invierno.<\/p>\n<p><!-- BREAK 3 --><\/p>\n<p>De hecho, la fatiga en las actividades diarias tend\u00eda a disminuir ligeramente conforme los d\u00edas ten\u00edan m\u00e1s horas de luz, sin que se registrara ning\u00fan \"pico\" de cansancio espec\u00edfico durante la primavera. De esta manera, la conclusi\u00f3n que se saca es que la discrepancia entre lo que la gente cree sentir y lo que los datos objetivos muestran sugiere que estamos ante un fen\u00f3meno cultural y no ante un s\u00edndrome estacional genuino.\u00a0<\/p>\n<p><strong>\u00bfPor qu\u00e9 lo creemos? <\/strong>Aqu\u00ed es donde el estudio se pone genuinamente interesante, ya que las autoras no se limitan a negar el fen\u00f3meno, sino que proponen una explicaci\u00f3n psicol\u00f3gica de por qu\u00e9 lo experimentamos de manera tan convincente.\u00a0<\/p>\n<p><!-- BREAK 4 --><\/p>\n<ul>\n<li>Efecto nocebo: si esperamos estar cansados en primavera, interpretamos cualquier se\u00f1al de fatiga como la confirmaci\u00f3n a lo que cre\u00edamos que iba pasar.\u00a0<\/li>\n<li>Disonancia cognitiva: el buen tiempo genera una presi\u00f3n social elevada para poder disfrutarlo con actividades al aire libre. El problema es que cuando la energ\u00eda no aparece, el hecho de decir que se tiene 'astenia primaveral' es uan buena excusa para no sentirse culpable de no seguir al grupo.<\/li>\n<li>Efecto de etiquetado: como cuando el vino sabe mejor cuando nos dicen que es caro, saber que \"en primavera uno se cansa\" cambia activamente c\u00f3mo interpretamos nuestras propias sensaciones f\u00edsicas.<\/li>\n<\/ul>\n<div class=\"article-asset-video article-asset-normal\">\n<div class=\"asset-content\">\n<div class=\"base-asset-video\">\n<div class=\"js-dailymotion\"><\/div>\n<\/p><\/div>\n<\/p><\/div>\n<\/div>\n<p><strong>Qu\u00e9 dice la cronobiolog\u00eda. <\/strong>Es una realidad que no somos robots y que nuestro cuerpo reacciona al entorno, y es aqu\u00ed donde la cronobiolog\u00eda nos confirma que existen variaciones estacionales del sue\u00f1o ligadas a la cantidad de horas de luz de las que disfrutamos.\u00a0<\/p>\n<p><!-- BREAK 5 --><\/p>\n<p>Estudios en poblaciones preindustriales de Tanzania, Namibia o Bolivia demuestran que en invierno se duerme aproximadamente una hora m\u00e1s que en verano. Asimismo, investigaciones recientes en estudiantes universitarios de Seattle ratifican que la exposici\u00f3n a la luz diurna es vital para nuestro ritmo circadiano, sin embargo, ninguno de estos cambios fisiol\u00f3gicos se traduce en un \"cuadro cl\u00ednico\" o en un pico de fatiga en primavera.<\/p>\n<p><strong>En medicina. <\/strong>A d\u00eda de hoy cuando se va al m\u00e9dico de atenci\u00f3n primaria es imposible recibir el tratamiento de 'astenia primaveral' porque no est\u00e1 recogido en ninguna clasificaci\u00f3n oficial. No obstante, los m\u00e9dicos advierten que no se debe despachar a un paciente que llega con una gran fatiga a consulta, pese a que lo relacione con la llegada de la primavera.\u00a0<\/p>\n<p><!-- BREAK 6 --><\/p>\n<p>Hay que recordar que son muchas las enfermedades que pueden causar este cuadro, como por ejemplo una anemia, una alergia severa, una infecci\u00f3n o incluso trastornos tiroideos, entre otros.<\/p>\n<div class=\"article-asset article-asset-normal article-asset-center\">\n<div class=\"desvio-container\">\n<div class=\"desvio\">\n<div class=\"desvio-figure js-desvio-figure\">\n    <a href=\"https:\/\/www.xataka.com\/investigacion\/sociedad-extenuada-como-cansancio-existencial-se-ha-convertido-gran-industria-occidente\" class=\"pivot-outboundlink\" data-vars-post-title='La sociedad extenuada: c\u00f3mo el \"cansancio existencial\" se ha convertido en la gran industria de Occidente '><br \/>\n     <img loading=\"lazy\" decoding=\"async\" alt='La sociedad extenuada: c\u00f3mo el \"cansancio existencial\" se ha convertido en la gran industria de Occidente ' width=\"375\" height=\"142\" src=\"https:\/\/i.blogs.es\/53a9ad\/bruno-aguirre--rrsxc5aerw-unsplash\/375_142.jpeg\"><br \/>\n    <\/a>\n   <\/div>\n<div class=\"desvio-summary\">\n<div class=\"desvio-taxonomy js-desvio-taxonomy\">\n     <a href=\"https:\/\/www.xataka.com\/investigacion\/sociedad-extenuada-como-cansancio-existencial-se-ha-convertido-gran-industria-occidente\" class=\"desvio-taxonomy-anchor pivot-outboundlink\" data-vars-post-title='La sociedad extenuada: c\u00f3mo el \"cansancio existencial\" se ha convertido en la gran industria de Occidente '>En Xataka<\/a>\n    <\/div>\n<p>    <a href=\"https:\/\/www.xataka.com\/investigacion\/sociedad-extenuada-como-cansancio-existencial-se-ha-convertido-gran-industria-occidente\" class=\"desvio-title js-desvio-title pivot-outboundlink\" data-vars-post-title='La sociedad extenuada: c\u00f3mo el \"cansancio existencial\" se ha convertido en la gran industria de Occidente '>La sociedad extenuada: c\u00f3mo el \"cansancio existencial\" se ha convertido en la gran industria de Occidente <\/a>\n   <\/div>\n<\/p><\/div>\n<\/p><\/div>\n<\/div>\n<p><strong>Un lucrativo negocio. <\/strong>Mientras que la ciencia desestima que la 'astenia primaveral' exista, la realidad es que la sensaci\u00f3n que se tiene por parte de las personas es el caldo de cultivo perfecto para cl\u00ednicas privadas y marcas de suplementos alimenticios. Cuando nos sentimos mal, queremos una soluci\u00f3n r\u00e1pida con una pastilla, y esto hace que la venta de complejos multivitam\u00ednicos, pastillas de cafe\u00edna y un sinf\u00edn de productos relacionados con la disminuci\u00f3n de la fatiga aumente sus ventas.\u00a0\u00a0<\/p>\n<p><!-- BREAK 7 --><\/p>\n<p>Im\u00e1genes | \u00a0<a rel=\"noopener, noreferrer\" href=\"https:\/\/unsplash.com\/es\/@silverkblack?utm_source=unsplash&amp;utm_medium=referral&amp;utm_content=creditCopyText\">Vitaly Gariev<\/a> <a rel=\"noopener, noreferrer\" href=\"https:\/\/unsplash.com\/es\/@_entreprenerd?utm_source=unsplash&amp;utm_medium=referral&amp;utm_content=creditCopyText\">Arno Smit<\/a><\/p>\n<p>En Xataka |\u00a0<a class=\"text-outboundlink\" href=\"https:\/\/www.xataka.com\/empresas-y-economia\/vacaciones-estan-rotas-solo-25-espanoles-afirma-estar-descansado-vacaciones\" data-vars-post-title=\"Solo uno de cada cuatro espa\u00f1oles ha descansado en vacaciones. Los culpables: la ansiedad laboral y la incapacidad para desconectar\" data-vars-post-url=\"https:\/\/www.xataka.com\/empresas-y-economia\/vacaciones-estan-rotas-solo-25-espanoles-afirma-estar-descansado-vacaciones\">Solo uno de cada cuatro espa\u00f1oles ha descansado en vacaciones. Los culpables: la ansiedad laboral y la incapacidad para desconectar<\/a><\/p>\n<p> &#8211; <br \/> La noticia<br \/>\n      <a href=\"https:\/\/www.xataka.com\/medicina-y-salud\/llevamos-anos-creyendo-que-primavera-nos-agota-ciencia-dice-que-nos-estamos-inventando?utm_source=feedburner&amp;utm_medium=feed&amp;utm_campaign=25_Mar_2026\"><br \/>\n       <em> Llevamos toda la vida culpando a la primavera de nuestro cansancio. La ciencia acaba de demostrar que hemos vivido enga\u00f1ados <\/em><br \/>\n      <\/a><br \/>\n      fue publicada originalmente en<br \/>\n      <a href=\"https:\/\/www.xataka.com\/?utm_source=feedburner&amp;utm_medium=feed&amp;utm_campaign=25_Mar_2026\"><br \/>\n       <strong> Xataka <\/strong><br \/>\n      <\/a><br \/>\n             por <a href=\"https:\/\/www.xataka.com\/autor\/jose-a-lizana?utm_source=feedburner&amp;utm_medium=feed&amp;utm_campaign=25_Mar_2026\"><br \/>\n        Jos\u00e9 A. Lizana<br \/>\n       <\/a><br \/>\n      . <\/p>\n<p>\u00a0Llega marzo, los d\u00edas se alargan, suben las temperaturas y de repente nuestro cuerpo comienza a llenarse de una sensaci\u00f3n de cansancio, apat\u00eda y somnolencia que se apodera de nosotros. Tradicionalmente, esto es considerado como 'astenia primaveral', y las personas, como es l\u00f3gico, no paran de buscar sus s\u00edntomas en internet y de comprar caros complejos vitam\u00ednicos para poder compensar la mala sensaci\u00f3n que deja el cambio de estaci\u00f3n. Pero&#8230; \u00bfQu\u00e9 hay de cierto en todo esto?\u00a0<br \/>\nUn cambio de paradigma. Hasta hace poco, la evidencia sobre este fen\u00f3meno era escasa y contradictoria; sin embargo, una investigaci\u00f3n clave publicada en el Journal of Sleep Research de manera reciente ha venido a arrojar luz sobre el asunto.<br \/>\nLa investigaci\u00f3n, liderada por la Dra. Christine Blume del Centro de Cronobiolog\u00eda del Hospital Universitario Psiqui\u00e1trico de Basilea, sigui\u00f3 a 418 adultos de Alemania, Suiza y Austria durante m\u00e1s de un a\u00f1o, desde abril de 2024 hasta septiembre de 2025. Cada seis semanas, los participantes respond\u00edan cuestionarios sobre fatiga, somnolencia, insomnio y calidad del sue\u00f1o, y al terminar la investigaci\u00f3n solo hab\u00eda que cruzar informaci\u00f3n para determinar si de verdad exist\u00eda alg\u00fan patr\u00f3n que interfer\u00eda con nuestra salud.\u00a0<\/p>\n<p>     En Xataka<\/p>\n<p>    Pens\u00e1bamos que el cortisol era el mayor enemigo del sue\u00f1o: en realidad es la clave para que tu cuerpo rinda mejor durante el d\u00eda<\/p>\n<p>Los resultados. Aqu\u00ed lo que se vio es que un contundente 47% de los participantes afirmaba sufrir \"astenia primaveral\", pero la realidad es que al cruzar la informaci\u00f3n no hubo absolutamente ninguna variaci\u00f3n estacional ni mensual en los niveles de fatiga, somnolencia diurna o calidad del sue\u00f1o. Y es que estad\u00edsticamente el cansancio que la gente siente en primavera es estad\u00edsticamente id\u00e9ntico al que siente en oto\u00f1o o en invierno.<br \/>\nDe hecho, la fatiga en las actividades diarias tend\u00eda a disminuir ligeramente conforme los d\u00edas ten\u00edan m\u00e1s horas de luz, sin que se registrara ning\u00fan \"pico\" de cansancio espec\u00edfico durante la primavera. De esta manera, la conclusi\u00f3n que se saca es que la discrepancia entre lo que la gente cree sentir y lo que los datos objetivos muestran sugiere que estamos ante un fen\u00f3meno cultural y no ante un s\u00edndrome estacional genuino.\u00a0<br \/>\n\u00bfPor qu\u00e9 lo creemos? Aqu\u00ed es donde el estudio se pone genuinamente interesante, ya que las autoras no se limitan a negar el fen\u00f3meno, sino que proponen una explicaci\u00f3n psicol\u00f3gica de por qu\u00e9 lo experimentamos de manera tan convincente.\u00a0<br \/>\nEfecto nocebo: si esperamos estar cansados en primavera, interpretamos cualquier se\u00f1al de fatiga como la confirmaci\u00f3n a lo que cre\u00edamos que iba pasar.\u00a0Disonancia cognitiva: el buen tiempo genera una presi\u00f3n social elevada para poder disfrutarlo con actividades al aire libre. El problema es que cuando la energ\u00eda no aparece, el hecho de decir que se tiene 'astenia primaveral' es uan buena excusa para no sentirse culpable de no seguir al grupo.Efecto de etiquetado: como cuando el vino sabe mejor cuando nos dicen que es caro, saber que \"en primavera uno se cansa\" cambia activamente c\u00f3mo interpretamos nuestras propias sensaciones f\u00edsicas.<\/p>\n<p>Qu\u00e9 dice la cronobiolog\u00eda. Es una realidad que no somos robots y que nuestro cuerpo reacciona al entorno, y es aqu\u00ed donde la cronobiolog\u00eda nos confirma que existen variaciones estacionales del sue\u00f1o ligadas a la cantidad de horas de luz de las que disfrutamos.\u00a0<br \/>\nEstudios en poblaciones preindustriales de Tanzania, Namibia o Bolivia demuestran que en invierno se duerme aproximadamente una hora m\u00e1s que en verano. Asimismo, investigaciones recientes en estudiantes universitarios de Seattle ratifican que la exposici\u00f3n a la luz diurna es vital para nuestro ritmo circadiano, sin embargo, ninguno de estos cambios fisiol\u00f3gicos se traduce en un \"cuadro cl\u00ednico\" o en un pico de fatiga en primavera.<br \/>\nEn medicina. A d\u00eda de hoy cuando se va al m\u00e9dico de atenci\u00f3n primaria es imposible recibir el tratamiento de 'astenia primaveral' porque no est\u00e1 recogido en ninguna clasificaci\u00f3n oficial. No obstante, los m\u00e9dicos advierten que no se debe despachar a un paciente que llega con una gran fatiga a consulta, pese a que lo relacione con la llegada de la primavera.\u00a0<br \/>\nHay que recordar que son muchas las enfermedades que pueden causar este cuadro, como por ejemplo una anemia, una alergia severa, una infecci\u00f3n o incluso trastornos tiroideos, entre otros.<\/p>\n<p>     En Xataka<\/p>\n<p>    La sociedad extenuada: c\u00f3mo el \"cansancio existencial\" se ha convertido en la gran industria de Occidente <\/p>\n<p>Un lucrativo negocio. Mientras que la ciencia desestima que la 'astenia primaveral' exista, la realidad es que la sensaci\u00f3n que se tiene por parte de las personas es el caldo de cultivo perfecto para cl\u00ednicas privadas y marcas de suplementos alimenticios. Cuando nos sentimos mal, queremos una soluci\u00f3n r\u00e1pida con una pastilla, y esto hace que la venta de complejos multivitam\u00ednicos, pastillas de cafe\u00edna y un sinf\u00edn de productos relacionados con la disminuci\u00f3n de la fatiga aumente sus ventas.\u00a0\u00a0<\/p>\n<p>Im\u00e1genes | \u00a0Vitaly Gariev Arno Smit<\/p>\n<p>En Xataka |\u00a0Solo uno de cada cuatro espa\u00f1oles ha descansado en vacaciones. Los culpables: la ansiedad laboral y la incapacidad para desconectar<\/p>\n<p>                 &#8211;  La noticia<\/p>\n<p>        Llevamos toda la vida culpando a la primavera de nuestro cansancio. La ciencia acaba de demostrar que hemos vivido enga\u00f1ados <\/p>\n<p>      fue publicada originalmente en<\/p>\n<p>        Xataka <\/p>\n<p>             por<br \/>\n        Jos\u00e9 A. Lizana<\/p>\n<p>      .\u00a0\u00a0\u00a0<\/p>\n","protected":false},"excerpt":{"rendered":"<p>Llega marzo, los d\u00edas se alargan, suben las temperaturas y de repente nuestro cuerpo comienza a llenarse de una sensaci\u00f3n de cansancio, apat\u00eda y somnolencia que se apodera de nosotros. Tradicionalmente, esto es considerado como 'astenia primaveral', y las personas, como es l\u00f3gico, no paran de buscar sus s\u00edntomas en internet y de comprar caros [&hellip;]<\/p>\n","protected":false},"author":1,"featured_media":5496,"comment_status":"open","ping_status":"open","sticky":false,"template":"","format":"standard","meta":{"amp_status":"","footnotes":""},"categories":[6],"tags":[],"class_list":["post-5495","post","type-post","status-publish","format-standard","has-post-thumbnail","hentry","category-ciencia-y-tecnologia"],"_links":{"self":[{"href":"https:\/\/ermdigital.com\/index.php\/wp-json\/wp\/v2\/posts\/5495","targetHints":{"allow":["GET"]}}],"collection":[{"href":"https:\/\/ermdigital.com\/index.php\/wp-json\/wp\/v2\/posts"}],"about":[{"href":"https:\/\/ermdigital.com\/index.php\/wp-json\/wp\/v2\/types\/post"}],"author":[{"embeddable":true,"href":"https:\/\/ermdigital.com\/index.php\/wp-json\/wp\/v2\/users\/1"}],"replies":[{"embeddable":true,"href":"https:\/\/ermdigital.com\/index.php\/wp-json\/wp\/v2\/comments?post=5495"}],"version-history":[{"count":0,"href":"https:\/\/ermdigital.com\/index.php\/wp-json\/wp\/v2\/posts\/5495\/revisions"}],"wp:featuredmedia":[{"embeddable":true,"href":"https:\/\/ermdigital.com\/index.php\/wp-json\/wp\/v2\/media\/5496"}],"wp:attachment":[{"href":"https:\/\/ermdigital.com\/index.php\/wp-json\/wp\/v2\/media?parent=5495"}],"wp:term":[{"taxonomy":"category","embeddable":true,"href":"https:\/\/ermdigital.com\/index.php\/wp-json\/wp\/v2\/categories?post=5495"},{"taxonomy":"post_tag","embeddable":true,"href":"https:\/\/ermdigital.com\/index.php\/wp-json\/wp\/v2\/tags?post=5495"}],"curies":[{"name":"wp","href":"https:\/\/api.w.org\/{rel}","templated":true}]}}