{"id":25890,"date":"2026-04-29T06:00:00","date_gmt":"2026-04-29T10:00:00","guid":{"rendered":"https:\/\/ermdigital.com\/index.php\/2026\/04\/29\/agenda-del-dia-martes-29-de-abril-de-2026\/"},"modified":"2026-04-29T06:00:00","modified_gmt":"2026-04-29T10:00:00","slug":"agenda-del-dia-martes-29-de-abril-de-2026","status":"publish","type":"post","link":"https:\/\/ermdigital.com\/index.php\/2026\/04\/29\/agenda-del-dia-martes-29-de-abril-de-2026\/","title":{"rendered":"Agenda del d\u00eda: martes 29 de abril de 2026"},"content":{"rendered":"<p><strong>Santo Domingo<\/strong>.- Estas son las actividades m\u00e1s relevantes pautadas para el martes 29 de\u00a0<a href=\"https:\/\/deultimominuto.net\/\">abril\u00a0<\/a>de 2026 en las principales ciudades del territorio dominicano.<a href=\"https:\/\/deultimominuto.net\/category\/nacionales\/agenda-del-dia\/\"><\/a><\/p>\n<p>                                                                               <strong><a href=\"https:\/\/www.youtube.com\/@deultimominutotv\" target=\"_blank\" rel=\"noreferrer noopener\">Agenda del d\u00eda:<\/a>\u00a0<\/strong><\/p>\n<p>10:00 a. m. Acto de graduaci\u00f3n de la primera cohorte del Curso de Asistente Personal para Personas con Discapacidad, organizado por la Direcci\u00f3n de Desarrollo Social Sup\u00e9rate. Lugar: Hotel Radisson Santo Domingo.<\/p>\n<p>10:00 a. m. Protesta de la Asociaci\u00f3n de Importadores de Veh\u00edculos Usados (ASOCIVU). Lugar: Plan Piloto de la Polic\u00eda Nacional.<\/p>\n<p>6:00 p. m. Lanzamiento de la Colecci\u00f3n de Joyas Ben\u00e9ficas \u201cMadres Solidarias\u201d, en su novena edici\u00f3n, organizado por Humano Seguros. Lugar: La Florister\u00eda.<\/p>\n<p>\u200bSanto Domingo.- Estas son las actividades m\u00e1s relevantes pautadas para el martes 29 de\u00a0abril\u00a0de 2026 en las principales ciudades del territorio dominicano. Agenda del d\u00eda:\u00a0 10:00 a. m. Acto de graduaci\u00f3n de la primera cohorte del Curso de Asistente Personal para Personas con Discapacidad, organizado por la Direcci\u00f3n de Desarrollo Social Sup\u00e9rate. Lugar: Hotel Radisson\u00a0\u00a0Nacionales, agenda\u00a0\u00a0<\/p>\n","protected":false},"excerpt":{"rendered":"<p>Santo Domingo.- Estas son las actividades m\u00e1s relevantes pautadas para el martes 29 de\u00a0abril\u00a0de 2026 en las principales ciudades del territorio dominicano. Agenda del d\u00eda:\u00a0 10:00 a. m. Acto de graduaci\u00f3n de la primera cohorte del Curso de Asistente Personal para Personas con Discapacidad, organizado por la Direcci\u00f3n de Desarrollo Social Sup\u00e9rate. Lugar: Hotel Radisson [&hellip;]<\/p>\n","protected":false},"author":1,"featured_media":25891,"comment_status":"open","ping_status":"open","sticky":false,"template":"","format":"standard","meta":{"amp_status":"","footnotes":""},"categories":[3],"tags":[],"class_list":["post-25890","post","type-post","status-publish","format-standard","has-post-thumbnail","hentry","category-de-ultimo-minuto"],"_links":{"self":[{"href":"https:\/\/ermdigital.com\/index.php\/wp-json\/wp\/v2\/posts\/25890","targetHints":{"allow":["GET"]}}],"collection":[{"href":"https:\/\/ermdigital.com\/index.php\/wp-json\/wp\/v2\/posts"}],"about":[{"href":"https:\/\/ermdigital.com\/index.php\/wp-json\/wp\/v2\/types\/post"}],"author":[{"embeddable":true,"href":"https:\/\/ermdigital.com\/index.php\/wp-json\/wp\/v2\/users\/1"}],"replies":[{"embeddable":true,"href":"https:\/\/ermdigital.com\/index.php\/wp-json\/wp\/v2\/comments?post=25890"}],"version-history":[{"count":0,"href":"https:\/\/ermdigital.com\/index.php\/wp-json\/wp\/v2\/posts\/25890\/revisions"}],"wp:featuredmedia":[{"embeddable":true,"href":"https:\/\/ermdigital.com\/index.php\/wp-json\/wp\/v2\/media\/25891"}],"wp:attachment":[{"href":"https:\/\/ermdigital.com\/index.php\/wp-json\/wp\/v2\/media?parent=25890"}],"wp:term":[{"taxonomy":"category","embeddable":true,"href":"https:\/\/ermdigital.com\/index.php\/wp-json\/wp\/v2\/categories?post=25890"},{"taxonomy":"post_tag","embeddable":true,"href":"https:\/\/ermdigital.com\/index.php\/wp-json\/wp\/v2\/tags?post=25890"}],"curies":[{"name":"wp","href":"https:\/\/api.w.org\/{rel}","templated":true}]}}